{"id":580785,"date":"2025-12-05T22:10:13","date_gmt":"2025-12-05T22:10:13","guid":{"rendered":"https:\/\/www.europesays.com\/fr\/580785\/"},"modified":"2025-12-05T22:10:13","modified_gmt":"2025-12-05T22:10:13","slug":"sondage-ifop-sur-lislam-en-france-les-deputes-de-la-france-insoumise-saisissent-la-justice","status":"publish","type":"post","link":"https:\/\/www.europesays.com\/fr\/580785\/","title":{"rendered":"Sondage Ifop sur l\u2019islam en France\u00a0: les d\u00e9put\u00e9s de La France insoumise saisissent la justice"},"content":{"rendered":"<p>\n                                                                    l&rsquo;essentiel<br \/>\n                                                                Les d\u00e9put\u00e9s insoumis, dont deux d\u2019entre eux font l\u2019objet d\u2019une plainte de l\u2019Ifop pour avoir d\u00e9nigr\u00e9 cette enqu\u00eate publi\u00e9e le 18\u00a0novembre, ont saisi la procureure au titre de l\u2019article\u00a040 du code de proc\u00e9dure p\u00e9nale.\n                            <\/p>\n<p>Ce vendredi 5\u00a0d\u00e9cembre, les d\u00e9put\u00e9s de La France insoumise ont saisi la justice apr\u00e8s la publication d\u2019un sondage Ifop sur l\u2019islam en France qui a, selon eux, \u00ab\u00a0servi de support \u00e0 des discours incitant \u00e0 la discrimination, \u00e0 la haine ou \u00e0 la violence\u00a0\u00bb, ont-ils annonc\u00e9 sur X.<\/p>\n<p>Les d\u00e9put\u00e9s signalent en outre que plusieurs m\u00e9dias ont document\u00e9 \u00ab\u00a0l\u2019existence de liens \u00e9troits entre le commanditaire de ce sondage, la revue confidentielle Ecran de veille, et les services de renseignement des \u00c9mirats arabes unis\u00a0\u00bb, ce qui serait susceptible de participer \u00ab\u00a0d\u2019une op\u00e9ration d\u2019influence d\u2019une puissance \u00e9trang\u00e8re sur notre sol\u00a0\u00bb, affirment-ils dans leur courrier adress\u00e9 \u00e0 la procureure de Paris. Le fondateur et r\u00e9dacteur en chef d\u2019Ecran de veille, Atmane Tazaghart, a r\u00e9cus\u00e9 une telle influence.<\/p>\n<p>\u00ab\u00a0Nous n\u2019avons rien \u00e0 nous reprocher\u00a0\u00bb<\/p>\n<p>\u00ab\u00a0Il n\u2019y a pas de financement \u00e9tranger. Le procureur fera son travail. Nous n\u2019avons rien \u00e0 nous reprocher\u00a0\u00bb, a d\u00e9clar\u00e9 Tazaghart, pr\u00e9cisant avoir \u00ab\u00a0financ\u00e9 l\u2019\u00e9tude\u00a0\u00bb avec les revenus de la revue.<\/p>\n<p>Les d\u00e9put\u00e9s insoumis, dont deux d\u2019entre eux font l\u2019objet d\u2019une plainte de l\u2019Ifop pour avoir d\u00e9nigr\u00e9 cette <a href=\"https:\/\/www.ifop.com\/article\/etat-des-lieux-du-rapport-a-lislam-et-a-lislamisme-des-musulmans-de-france\/\" target=\"_blank\" rel=\"noopener\">enqu\u00eate publi\u00e9e le 18\u00a0novembre<\/a>, ont saisi la procureure au titre de l\u2019article\u00a040 du code de proc\u00e9dure p\u00e9nale. Ils expliquent que ce sondage est \u00ab\u00a0fond\u00e9 sur une m\u00e9thodologie tr\u00e8s contestable, faisant l\u2019objet de nombreuses remises en cause scientifiques\u00a0\u00bb, et a contribu\u00e9 \u00e0 \u00ab\u00a0une s\u00e9rie d\u2019amalgames et de confusion entre islam et islamisme d\u2019une part, musulmans, islamistes et terroristes d\u2019autre part\u00a0\u00bb.<\/p>\n<p>Ce sondage avait provoqu\u00e9 de vives r\u00e9actions d\u00e8s sa publication<\/p>\n<p>L\u2019extr\u00eame droite y a vu un signe d'\u00a0\u00bbislamisation\u00a0\u00bb, tandis que des repr\u00e9sentants de la communaut\u00e9 musulmane ont d\u00e9plor\u00e9 \u00ab\u00a0une stigmatisation\u00a0\u00bb. Quatre conseils d\u00e9partementaux du culte musulman (CDCM) ont m\u00eame d\u00e9pos\u00e9 plainte contre X aupr\u00e8s du tribunal judiciaire de Paris. L\u2019Ifop avait alors d\u00e9nonc\u00e9 une man\u0153uvre pour \u00ab\u00a0remettre en cause la fiabilit\u00e9 de (son) enqu\u00eate sur la base de consid\u00e9rations erron\u00e9es\u00a0\u00bb.<\/p>\n<p>Les d\u00e9put\u00e9s LFI soulignent que \u00ab\u00a0depuis sa parution, plusieurs actes islamophobes ont \u00e9t\u00e9 rapport\u00e9s\u00a0\u00bb, citant une mosqu\u00e9e vandalis\u00e9e en Haute-Loire, une autre profan\u00e9e \u00e0 Lyon et une balle retrouv\u00e9e dans la bo\u00eete aux lettres d\u2019une troisi\u00e8me dans l\u2019Ain. S\u2019agissant du m\u00e9dia Ecran de veille, dont <a href=\"https:\/\/www.mediapart.fr\/journal\/france\/201125\/musulmans-de-france-les-failles-d-un-sondage-choc\" target=\"_blank\" rel=\"noopener\">Mediapart<\/a> et <a href=\"https:\/\/www.lemonde.fr\/les-decodeurs\/article\/2025\/12\/03\/qui-a-commande-les-sondages-controverses-sur-les-musulmans-en-france_6655880_4355770.html\" target=\"_blank\" rel=\"noopener\">Le Monde<\/a> ont mis en \u00e9vidence les liens avec les \u00c9mirats arabes unis, \u00ab\u00a0la logique voudrait que ce soit les accusateurs de notre revue qui apportent les preuves de l\u2019existence d\u2019un financement ou une ing\u00e9rence \u00e9trangers\u00a0\u00bb, a r\u00e9pondu son r\u00e9dacteur en chef.<\/p>\n<p>Atmane Tazaghart a par ailleurs d\u00e9plor\u00e9 que le d\u00e9put\u00e9 Paul Vannier, vis\u00e9 par la plainte de l\u2019Ifop, ait rendu publique sur X l\u2019adresse de leur m\u00e9dia, les obligeant \u00e0 d\u00e9m\u00e9nager dans d\u2019autres locaux. Une plainte a \u00e9t\u00e9 d\u00e9pos\u00e9e pour \u00ab\u00a0incitation au meurtre et mise en danger de la vie d\u2019autrui\u00a0\u00bb.<\/p>\n","protected":false},"excerpt":{"rendered":"l&rsquo;essentiel Les d\u00e9put\u00e9s insoumis, dont deux d\u2019entre eux font l\u2019objet d\u2019une plainte de l\u2019Ifop pour avoir d\u00e9nigr\u00e9 cette&hellip;\n","protected":false},"author":2,"featured_media":580786,"comment_status":"","ping_status":"","sticky":false,"template":"","format":"standard","meta":{"footnotes":""},"categories":[4],"tags":[11,1011,27,329,12,4020,25,1857],"class_list":{"0":"post-580785","1":"post","2":"type-post","3":"status-publish","4":"format-standard","5":"has-post-thumbnail","7":"category-france","8":"tag-actualites","9":"tag-fr","10":"tag-france","11":"tag-france-monde","12":"tag-news","13":"tag-religion","14":"tag-republique-francaise","15":"tag-sociu00e9tu00e9"},"share_on_mastodon":{"url":"https:\/\/pubeurope.com\/@fr\/115669252497448153","error":""},"_links":{"self":[{"href":"https:\/\/www.europesays.com\/fr\/wp-json\/wp\/v2\/posts\/580785","targetHints":{"allow":["GET"]}}],"collection":[{"href":"https:\/\/www.europesays.com\/fr\/wp-json\/wp\/v2\/posts"}],"about":[{"href":"https:\/\/www.europesays.com\/fr\/wp-json\/wp\/v2\/types\/post"}],"author":[{"embeddable":true,"href":"https:\/\/www.europesays.com\/fr\/wp-json\/wp\/v2\/users\/2"}],"replies":[{"embeddable":true,"href":"https:\/\/www.europesays.com\/fr\/wp-json\/wp\/v2\/comments?post=580785"}],"version-history":[{"count":0,"href":"https:\/\/www.europesays.com\/fr\/wp-json\/wp\/v2\/posts\/580785\/revisions"}],"wp:featuredmedia":[{"embeddable":true,"href":"https:\/\/www.europesays.com\/fr\/wp-json\/wp\/v2\/media\/580786"}],"wp:attachment":[{"href":"https:\/\/www.europesays.com\/fr\/wp-json\/wp\/v2\/media?parent=580785"}],"wp:term":[{"taxonomy":"category","embeddable":true,"href":"https:\/\/www.europesays.com\/fr\/wp-json\/wp\/v2\/categories?post=580785"},{"taxonomy":"post_tag","embeddable":true,"href":"https:\/\/www.europesays.com\/fr\/wp-json\/wp\/v2\/tags?post=580785"}],"curies":[{"name":"wp","href":"https:\/\/api.w.org\/{rel}","templated":true}]}}