{"id":580789,"date":"2025-12-05T22:12:28","date_gmt":"2025-12-05T22:12:28","guid":{"rendered":"https:\/\/www.europesays.com\/fr\/580789\/"},"modified":"2025-12-05T22:12:28","modified_gmt":"2025-12-05T22:12:28","slug":"il-y-a-un-tiers-de-donneurs-en-moins-ces-cinq-dernieres-annees","status":"publish","type":"post","link":"https:\/\/www.europesays.com\/fr\/580789\/","title":{"rendered":"\u00ab\u00a0Il y a un tiers de donneurs en moins ces cinq derni\u00e8res ann\u00e9es\u00a0\u00bb"},"content":{"rendered":"<p>Tout en pr\u00e9parant la derni\u00e8re collecte du 15\u00a0d\u00e9cembre, les b\u00e9n\u00e9voles du don font leur bilan annuel. Entretien avec Marc Vialleton, responsable-r\u00e9f\u00e9rent.<\/p>\n<blockquote class=\"question\"><p>\u00cates-vous satisfait de votre organisation\u00a0?<\/p><\/blockquote>\n<p>\u00ab\u00a0Chaque ann\u00e9e, cinq collectes sont organis\u00e9es par l\u2019EFS (\u00c9tablissement fran\u00e7ais du sang) et la derni\u00e8re aura lieu le 15\u00a0d\u00e9cembre. Cela fait soixante ans que ces collectes sont organis\u00e9es \u00e0 Villars et, depuis 2019, j\u2019en assume&#8230;<\/p>\n","protected":false},"excerpt":{"rendered":"Tout en pr\u00e9parant la derni\u00e8re collecte du 15\u00a0d\u00e9cembre, les b\u00e9n\u00e9voles du don font leur bilan annuel. Entretien avec&hellip;\n","protected":false},"author":2,"featured_media":580790,"comment_status":"","ping_status":"","sticky":false,"template":"","format":"standard","meta":{"footnotes":""},"categories":[9653],"tags":[1111,11,2430,7539,1777,674,1011,27,12,25,4001,9664,71,10246],"class_list":{"0":"post-580789","1":"post","2":"type-post","3":"status-publish","4":"format-standard","5":"has-post-thumbnail","7":"category-saint-etienne","8":"tag-actu","9":"tag-actualites","10":"tag-auvergne-rhone-alpes","11":"tag-edition-loire-sud","12":"tag-eu","13":"tag-europe","14":"tag-fr","15":"tag-france","16":"tag-news","17":"tag-republique-francaise","18":"tag-saint-etienne","19":"tag-saint-etienne-bassin","20":"tag-sante","21":"tag-villars"},"share_on_mastodon":{"url":"https:\/\/pubeurope.com\/@fr\/115669260465522750","error":""},"_links":{"self":[{"href":"https:\/\/www.europesays.com\/fr\/wp-json\/wp\/v2\/posts\/580789","targetHints":{"allow":["GET"]}}],"collection":[{"href":"https:\/\/www.europesays.com\/fr\/wp-json\/wp\/v2\/posts"}],"about":[{"href":"https:\/\/www.europesays.com\/fr\/wp-json\/wp\/v2\/types\/post"}],"author":[{"embeddable":true,"href":"https:\/\/www.europesays.com\/fr\/wp-json\/wp\/v2\/users\/2"}],"replies":[{"embeddable":true,"href":"https:\/\/www.europesays.com\/fr\/wp-json\/wp\/v2\/comments?post=580789"}],"version-history":[{"count":0,"href":"https:\/\/www.europesays.com\/fr\/wp-json\/wp\/v2\/posts\/580789\/revisions"}],"wp:featuredmedia":[{"embeddable":true,"href":"https:\/\/www.europesays.com\/fr\/wp-json\/wp\/v2\/media\/580790"}],"wp:attachment":[{"href":"https:\/\/www.europesays.com\/fr\/wp-json\/wp\/v2\/media?parent=580789"}],"wp:term":[{"taxonomy":"category","embeddable":true,"href":"https:\/\/www.europesays.com\/fr\/wp-json\/wp\/v2\/categories?post=580789"},{"taxonomy":"post_tag","embeddable":true,"href":"https:\/\/www.europesays.com\/fr\/wp-json\/wp\/v2\/tags?post=580789"}],"curies":[{"name":"wp","href":"https:\/\/api.w.org\/{rel}","templated":true}]}}