{"id":580799,"date":"2025-12-05T22:19:16","date_gmt":"2025-12-05T22:19:16","guid":{"rendered":"https:\/\/www.europesays.com\/fr\/580799\/"},"modified":"2025-12-05T22:19:16","modified_gmt":"2025-12-05T22:19:16","slug":"fouilles-generales-au-centre-penitentiaire-de-villeneuve-les-maguelone","status":"publish","type":"post","link":"https:\/\/www.europesays.com\/fr\/580799\/","title":{"rendered":"fouilles g\u00e9n\u00e9rales au centre p\u00e9nitentiaire de Villeneuve-l\u00e8s-Maguelone"},"content":{"rendered":"<p>                    Par<br \/>\n        <strong><br \/>\n            <a href=\"https:\/\/actu.fr\/auteur\/jm-aubert\" title=\"Consulter tous les articles de Jean-Marc Aubert\" target=\"_blank\" rel=\"noopener\">Jean-Marc Aubert<\/a><br \/>\n                    <\/strong><\/p>\n<p>        Publi\u00e9 le<\/p>\n<p>            5 d\u00e9c. 2025 \u00e0 10h34<br \/>\n        ; mis \u00e0 jour le 5 d\u00e9c. 2025 \u00e0 11h10    <\/p>\n<p>\/ INFO M\u00c9TROPOLITAIN \/<\/p>\n<p class=\" wall-content\">Le ministre de la Justice, garde des Sceaux, <strong>G\u00e9rald Darmanin<\/strong> avait pr\u00e9venu, mercredi 26 novembre dernier : \u00ab\u00a0J\u2019ai lanc\u00e9 hier soir\u00a0une op\u00e9ration massive de fouilles dans les prisons fran\u00e7aises jusqu\u2019\u00e0 la fin de l\u2019ann\u00e9e, pour lutter notamment contre les narcotrafiquants qui poursuivent leurs activit\u00e9s en milieu carc\u00e9ral gr\u00e2ce aux t\u00e9l\u00e9phones.\u00a0J\u2019ai donn\u00e9 instruction \u00e0 l\u2019ensemble de l\u2019administration p\u00e9nitentiaire de faire des contr\u00f4les dans toutes les prisons d\u2019ici le 31\u00a0d\u00e9cembre de fa\u00e7on massive, c\u2019est un enjeu national qu\u2019il n\u2019y ait pas de t\u00e9l\u00e9phones portables dans les prisons\u00a0\u00bb.<\/p>\n<p class=\" wall-content\">La\u00a0premi\u00e8re\u00a0prison cibl\u00e9e \u00e9tait celle de Nanterre, en\u00a0r\u00e9gion\u00a0parisienne, le 25 novembre. \u00a0Depuis, d\u2019autres maisons d\u2019arr\u00eat ont \u00e9t\u00e9 vis\u00e9es, et ce jeudi 4 d\u00e9cembre 2025, en soir\u00e9e, ce fut au tour du <strong>centre p\u00e9nitentiaire de Villeneuve-l\u00e8s-Maguelone<\/strong> avec des fouilles XXL.<\/p>\n<p>    <a href=\"https:\/\/www.google.com\/maps\/embed?pb=!1m18!1m12!1m3!1d4393.44041672164!2d3.8265739697161583!3d43.54611934763935!2m3!1f0!2f0!3f0!3m2!1i1024!2i768!4f13.1!3m3!1m2!1s0x12b6b188c31dde45%3A0x727b5ff216c4aaa3!2sMaison%20d%27Arr%C3%AAt%20de%20Villeneuve-l%C3%A8s-Maguelone!5e0!3m2!1sfr!2sfr!4v1764926632496!5m2!1sfr!2sfr\" title=\"Ouvrie le lien\" target=\"_blank\" rel=\"noopener\">Cliquez ici pour visualiser le contenu<\/a><\/p>\n<p class=\" wall-content\">Le personnel , l\u2019<a href=\"https:\/\/actu.fr\/occitanie\/beziers_34032\/herault-prison-de-beziers-qui-est-l-eris-qui-a-participe-a-la-fouille-ciblee-de-cellules_62366963.html\" target=\"_blank\" rel=\"noopener\">\u00e9quipe r\u00e9gionale de s\u00e9curisation Eris<\/a> bas\u00e9e \u00e0 Toulouse, la gendarmerie ont r\u00e9alis\u00e9 cette op\u00e9ration qui a dur\u00e9 plusieurs heures, en pr\u00e9sence du directeur de cabinet du pr\u00e9fet de l\u2019H\u00e9rault, du procureur g\u00e9n\u00e9ral pr\u00e8s la cour d\u2019appel, du procureur de la R\u00e9publique de Montpellier, du directeur interr\u00e9gional de la p\u00e9nitentiaire de Toulouse et de la directrice de l\u2019\u00e9tablissement.<\/p>\n<p>Drogue, drone et lames<\/p>\n<p class=\" wall-content\"><strong>Le bilan est impressionnant<\/strong> :\u00a052 cellules visit\u00e9es au 2emeB, au 2emeC, ainsi qu\u2019une cellule au 3eme rec\u00e9laient 1,2 kg de re\u0301sine de cannabis, 28 grammes de cocai\u0308ne,\u00a029 te\u0301le\u0301phones portables, une\u00a0lame de scie et une\u00a0lame en ce\u0301ramique. Par ailleurs, un\u00a0drone a \u00e9t\u00e9 r\u00e9cup\u00e9r\u00e9 dans l\u2019enceinte du centre p\u00e9nitentiaire.<\/p>\n<p>Vid\u00e9os : en ce moment sur Actu<\/p>\n<p class=\" wall-content\">Ces fouilles de cellules qui abritent <strong>plus de 1 000 d\u00e9tenus pour 635 places<\/strong> ont eux lieu quelques heures apr\u00e8s une\u00a0nouvelle agression d\u2019une violence inoui\u0308e pour\u2026 un te\u0301le\u0301phone portable ! Selon les syndicats <strong>UFAP Unsa Justice<\/strong> et <strong>FO Justice<\/strong>, un grad\u00e9 a\u00a0interpell\u00e9 un de\u0301tenu en errance au niveau d\u2019un b\u00e2timent, ce\u00a0jeudi\u00a04 d\u00e9cembre 2025 et a ordonn\u00e9 une fouille a\u0300 corps. Lors du contro\u0302le, le de\u0301tenu a tent\u00e9 de dissimuler un te\u0301le\u0301phone portable et refus\u00e9 de le remettre au surveillant. Sans he\u0301siter, le\u00a0prisonnier\u00a0s\u2019en est alors violemment pris aux personnels, ass\u00e9nant un coup au visage de l\u2019un d\u00a0\u00bbeux de\u0301clenchant une lutte d\u2019une rare intensite\u0301.<\/p>\n<p class=\" wall-content\">Un des gardiens de prison a \u00e9t\u00e9 transport\u00e9 au CHU de Montpellier probablement victime d\u2019une commotion ce\u0301re\u0301brale importante, et plusieurs autres agents ont rec\u0327u des coups. Les deux syndicats condamnent fermement cette agression, qui survient apr\u00e8s celle de lundi, o\u00f9 un surveillant a \u00e9t\u00e9 bless\u00e9. Des plaintes ont \u00e9t\u00e9 d\u00e9pos\u00e9es et des enqu\u00eates sont en cours.<\/p>\n<p class=\" wall-content\"><strong>&gt; Plus d\u2019informations \u00e0 suivre<\/strong><\/p>\n<p class=\" wall-content\">Personnalisez votre actualit\u00e9 en ajoutant vos villes et m\u00e9dias en favori avec <a href=\"https:\/\/moncompte.actu.fr\" title=\"D\u00e9couvez Mon Actu\" rel=\"nofollow noopener\" data-trk=\"{&quot;cta&quot;:{&quot;action&quot;:&quot;https:\\\/\\\/moncompte.actu.fr&quot;,&quot;category&quot;:&quot;mon compte&quot;,&quot;from&quot;:&quot;article footer&quot;,&quot;name&quot;:&quot;Mon actu&quot;,&quot;type&quot;:&quot;cta&quot;}}\" target=\"_blank\">Mon Actu<\/a>.<\/p>\n","protected":false},"excerpt":{"rendered":"Par Jean-Marc Aubert Publi\u00e9 le 5 d\u00e9c. 2025 \u00e0 10h34 ; mis \u00e0 jour le 5 d\u00e9c. 2025&hellip;\n","protected":false},"author":2,"featured_media":580800,"comment_status":"","ping_status":"","sticky":false,"template":"","format":"standard","meta":{"footnotes":""},"categories":[9599],"tags":[1111,11,1777,674,118,1011,27,3381,2208,12,2680,899,25],"class_list":{"0":"post-580799","1":"post","2":"type-post","3":"status-publish","4":"format-standard","5":"has-post-thumbnail","7":"category-montpellier","8":"tag-actu","9":"tag-actualites","10":"tag-eu","11":"tag-europe","12":"tag-faits-divers","13":"tag-fr","14":"tag-france","15":"tag-gendarmerie","16":"tag-montpellier","17":"tag-news","18":"tag-occitanie","19":"tag-prisons","20":"tag-republique-francaise"},"share_on_mastodon":{"url":"https:\/\/pubeurope.com\/@fr\/115669287872807589","error":""},"_links":{"self":[{"href":"https:\/\/www.europesays.com\/fr\/wp-json\/wp\/v2\/posts\/580799","targetHints":{"allow":["GET"]}}],"collection":[{"href":"https:\/\/www.europesays.com\/fr\/wp-json\/wp\/v2\/posts"}],"about":[{"href":"https:\/\/www.europesays.com\/fr\/wp-json\/wp\/v2\/types\/post"}],"author":[{"embeddable":true,"href":"https:\/\/www.europesays.com\/fr\/wp-json\/wp\/v2\/users\/2"}],"replies":[{"embeddable":true,"href":"https:\/\/www.europesays.com\/fr\/wp-json\/wp\/v2\/comments?post=580799"}],"version-history":[{"count":0,"href":"https:\/\/www.europesays.com\/fr\/wp-json\/wp\/v2\/posts\/580799\/revisions"}],"wp:featuredmedia":[{"embeddable":true,"href":"https:\/\/www.europesays.com\/fr\/wp-json\/wp\/v2\/media\/580800"}],"wp:attachment":[{"href":"https:\/\/www.europesays.com\/fr\/wp-json\/wp\/v2\/media?parent=580799"}],"wp:term":[{"taxonomy":"category","embeddable":true,"href":"https:\/\/www.europesays.com\/fr\/wp-json\/wp\/v2\/categories?post=580799"},{"taxonomy":"post_tag","embeddable":true,"href":"https:\/\/www.europesays.com\/fr\/wp-json\/wp\/v2\/tags?post=580799"}],"curies":[{"name":"wp","href":"https:\/\/api.w.org\/{rel}","templated":true}]}}