{"id":580801,"date":"2025-12-05T22:20:19","date_gmt":"2025-12-05T22:20:19","guid":{"rendered":"https:\/\/www.europesays.com\/fr\/580801\/"},"modified":"2025-12-05T22:20:19","modified_gmt":"2025-12-05T22:20:19","slug":"noel-a-la-spa-de-montpellier-le-refuge-mise-sur-un-week-end-festif-pour-sauver-ses-pensionnaires","status":"publish","type":"post","link":"https:\/\/www.europesays.com\/fr\/580801\/","title":{"rendered":"No\u00ebl \u00e0 la SPA de Montpellier\u00a0: le refuge mise sur un week-end festif pour sauver ses pensionnaires"},"content":{"rendered":"<p>\n                                                                La SPA de Montpellier ouvre ce samedi et dimanche son refuge de Villeneuve-l\u00e8s-Maguelone pour d\u00e9sengorger un site satur\u00e9 et soutenir l\u2019adoption d\u2019animaux. De 10\u00a0h \u00e0 17\u00a0h, le public pourra rencontrer les pensionnaires et d\u00e9couvrir un programme sp\u00e9cial No\u00ebl.\n                            <\/p>\n<p>Afin de d\u00e9sengorger un refuge aujourd\u2019hui satur\u00e9 et de donner \u00e0 de nombreux animaux l\u2019opportunit\u00e9 de trouver leur nouvelle famille, la SPA de Montpellier accueillera le public de 10\u00a0h \u00e0 17\u00a0h sur son site de Villeneuve-l\u00e8s-Maguelone. Les amoureux des animaux et les familles sont invit\u00e9s \u00e0 venir partager la magie de No\u00ebl aux c\u00f4t\u00e9s des pensionnaires.<\/p>\n<p>D\u00e9couvrez le programme<\/p>\n<blockquote data-instgrm-captioned=\"\" data-instgrm-permalink=\"https:\/\/www.instagram.com\/p\/DRufqPXApFw\/?utm_source=ig_embed&amp;utm_campaign=loading\" data-instgrm-version=\"14\" style=\" background:#FFF; border:0; border-radius:3px; box-shadow:0 0 1px 0 rgba(0,0,0,0.5),0 1px 10px 0 rgba(0,0,0,0.15); margin: 1px; max-width:540px; min-width:326px; padding:0; width:99.375%; width:-webkit-calc(100% - 2px); width:calc(100% - 2px);\" data-class=\"instagram-media\"\/>\n<p>Au programme\u00a0: rencontre avec les animaux \u00e0 l\u2019adoption, formation de nouveaux b\u00e9n\u00e9voles (13\u00a0h\u00a020), stand de jouets pour animaux, d\u00e9couverte du canicross, d\u00e9monstration de recherche canine ou chasse aux tr\u00e9sors sp\u00e9cial chiens. Une grande tombola au profit des animaux est \u00e9galement organis\u00e9e.<\/p>\n<p>                                                                                                                                                                                                        <script async src=\"\/\/www.instagram.com\/embed.js\"><\/script><\/p>\n","protected":false},"excerpt":{"rendered":"La SPA de Montpellier ouvre ce samedi et dimanche son refuge de Villeneuve-l\u00e8s-Maguelone pour d\u00e9sengorger un site satur\u00e9&hellip;\n","protected":false},"author":2,"featured_media":580802,"comment_status":"","ping_status":"","sticky":false,"template":"","format":"standard","meta":{"footnotes":""},"categories":[9599],"tags":[1111,11,1867,1777,674,1011,27,7089,2208,12,2680,25,1857,69467],"class_list":{"0":"post-580801","1":"post","2":"type-post","3":"status-publish","4":"format-standard","5":"has-post-thumbnail","7":"category-montpellier","8":"tag-actu","9":"tag-actualites","10":"tag-animaux","11":"tag-eu","12":"tag-europe","13":"tag-fr","14":"tag-france","15":"tag-herault","16":"tag-montpellier","17":"tag-news","18":"tag-occitanie","19":"tag-republique-francaise","20":"tag-sociu00e9tu00e9","21":"tag-villeneuvelesmaguelone"},"share_on_mastodon":{"url":"https:\/\/pubeurope.com\/@fr\/115669291983929261","error":""},"_links":{"self":[{"href":"https:\/\/www.europesays.com\/fr\/wp-json\/wp\/v2\/posts\/580801","targetHints":{"allow":["GET"]}}],"collection":[{"href":"https:\/\/www.europesays.com\/fr\/wp-json\/wp\/v2\/posts"}],"about":[{"href":"https:\/\/www.europesays.com\/fr\/wp-json\/wp\/v2\/types\/post"}],"author":[{"embeddable":true,"href":"https:\/\/www.europesays.com\/fr\/wp-json\/wp\/v2\/users\/2"}],"replies":[{"embeddable":true,"href":"https:\/\/www.europesays.com\/fr\/wp-json\/wp\/v2\/comments?post=580801"}],"version-history":[{"count":0,"href":"https:\/\/www.europesays.com\/fr\/wp-json\/wp\/v2\/posts\/580801\/revisions"}],"wp:featuredmedia":[{"embeddable":true,"href":"https:\/\/www.europesays.com\/fr\/wp-json\/wp\/v2\/media\/580802"}],"wp:attachment":[{"href":"https:\/\/www.europesays.com\/fr\/wp-json\/wp\/v2\/media?parent=580801"}],"wp:term":[{"taxonomy":"category","embeddable":true,"href":"https:\/\/www.europesays.com\/fr\/wp-json\/wp\/v2\/categories?post=580801"},{"taxonomy":"post_tag","embeddable":true,"href":"https:\/\/www.europesays.com\/fr\/wp-json\/wp\/v2\/tags?post=580801"}],"curies":[{"name":"wp","href":"https:\/\/api.w.org\/{rel}","templated":true}]}}