{"id":580803,"date":"2025-12-05T22:21:17","date_gmt":"2025-12-05T22:21:17","guid":{"rendered":"https:\/\/www.europesays.com\/fr\/580803\/"},"modified":"2025-12-05T22:21:17","modified_gmt":"2025-12-05T22:21:17","slug":"au-marche-de-noel-de-rouen-peut-on-se-remplir-le-ventre-avec-15-euros-en-poche","status":"publish","type":"post","link":"https:\/\/www.europesays.com\/fr\/580803\/","title":{"rendered":"Au march\u00e9 de No\u00ebl de Rouen, peut-on se remplir le ventre avec 15 euros en poche\u00a0?"},"content":{"rendered":"<p>                    Par<br \/>\n        <strong><br \/>\n            <a href=\"https:\/\/actu.fr\/auteur\/adrien-filoche\" title=\"Consulter tous les articles de Adrien Filoche\" target=\"_blank\" rel=\"noopener\">Adrien Filoche<\/a><br \/>\n                    <\/strong><\/p>\n<p>        Publi\u00e9 le<\/p>\n<p>            5 d\u00e9c. 2025 \u00e0 18h43        <\/p>\n<p><strong>Il y a comme un parfum de vin chaud et de raclette dans l\u2019air\u2009!<\/strong> Eh oui, depuis le 21 novembre 2025, le <a href=\"https:\/\/actu.fr\/normandie\/rouen_76540\/patinoire-ephemere-grande-parade-illuminations-le-programme-des-animations-de-noel-a-rouen_63473134.html\" target=\"_blank\" rel=\"noopener\">march\u00e9 de No\u00ebl de Rouen<\/a> a ouvert ses portes, comme \u00e0 son habitude sur la place de la Cath\u00e9drale. Que ce soit pour se rassasier, d\u00e9nicher des id\u00e9es de cadeaux ou simplement se balader, il sera possible de profiter du march\u00e9 de <a href=\"https:\/\/actu.fr\/tag\/noel\" target=\"_blank\" rel=\"noopener\">No\u00ebl<\/a> rouennais jusqu\u2019au dimanche 28\u00a0d\u00e9cembre 2025. Et pour y manger justement, on s\u2019est demand\u00e9 si on pouvait se remplir le ventre avec 15\u00a0euros en poche.<\/p>\n<p>Aligot saucisse, poutine, sandwich raclette, etc.<\/p>\n<p class=\" wall-content\">La bonne nouvelle, c\u2019est qu\u2019il y a de quoi faire, que ce soit pour les amateurs de sal\u00e9, de sucr\u00e9 ou de boissons chaudes. La moins bonne nouvelle, c\u2019est que l\u2019on arrive vite \u00e0 15\u00a0euros.<\/p>\n<p class=\" wall-content\">Avec 9\u00a0euros en poche, vous pourrez h\u00e9siter avec une <strong>po\u00eal\u00e9e de No\u00ebl<\/strong> (oignons, vin blanc, champignon, poulet et sauce tomate), une <strong>traditionnelle tartiflette<\/strong> ou bien un <strong>sandwich raclette<\/strong>. \u00c0 compl\u00e9ter au choix avec une soupe de No\u00ebl \u00e0 6 euros ou bien un dessert comme une cr\u00eape ou un verre (de vin chaud, de cidre, de jus de pommes ou d\u2019orange) \u00e0 5 euros \u00e9galement. On reste dans notre budget.<\/p>\n<p class=\" wall-content\">Autre possibilit\u00e9, un mix entre un <strong>corn dog<\/strong> (entre 8 et 10\u00a0euros) et une portion de<strong> \u00ab\u2009tornado potatoes\u2009\u00bb<\/strong> (\u00e0 6 euros). Il faudra sortir quelques pi\u00e8ces suppl\u00e9mentaires de son portefeuille si on souhaite rajouter des sauces ou bien une boisson. Si vous pr\u00e9f\u00e9rez d\u00e9bourser 15 euros d\u2019une traite, c\u2019est simple\u2009: <strong>une grande poutine<\/strong> (la petite est \u00e0 9\u00a0euros) ou un <strong>bien aligot saucisse<\/strong> (l\u2019aligot sans saucisse est \u00e0 12\u00a0euros).<\/p>\n<p class=\" wall-content\">Au stand qu\u00e9b\u00e9cois, les queues de castor (une p\u00e2tisserie de p\u00e2te frite, sp\u00e9cialit\u00e9 r\u00e9gionale) co\u00fbtent un peu moins d\u2019une dizaine d\u2019euros. Pour rester dans notre budget, on pourra compl\u00e9ter avec une portion de frites (4\u00a0euros ou 5\u00a0euros avec sauce barbecue \u00e9rable).<\/p>\n<p>Le choix entre sucr\u00e9, sal\u00e9 et boissons chaudes<\/p>\n<p class=\" wall-content\">Si vous \u00eates anim\u00e9s par la Bretagne, le march\u00e9 de No\u00ebl de Rouen pourra vous satisfaire. Avec 15\u00a0euros en poche, vous pourrez vous faire un repas complet, avec une <strong>galette<\/strong> (entre 4 et 9\u00a0euros) ou bien un<strong> sandwich oignons<\/strong> ou andouille oignon (\u00e0 8\u00a0euros), \u00e0 compl\u00e9ter avec une boisson chaude, un far breton, une cr\u00eape ou une gaufre (\u00e0 4 ou 5\u00a0euros).<\/p>\n<p>Votre r\u00e9gion, votre actu !<\/p>\n<p>Recevez chaque jour les infos qui comptent pour vous.<\/p>\n<p>\t<a href=\"https:\/\/actu.fr\/newsletter\" class=\"ac-btn ac-btn--corner ac-btn--medium ac-btn--blue800\" target=\"_blank\" rel=\"noopener\">S&rsquo;incrire<\/a><\/p>\n<p class=\" wall-content\">Pour ceux qui pr\u00e9f\u00e8rent une dose de gras en intraveineuse\u2009:<strong> 3 saucissons pour 10\u00a0euros.<\/strong> Et une petite boisson chaude pour faire couler tout \u00e7a et rester dans notre budget de d\u00e9part.<\/p>\n<p class=\" wall-content\">Et si ce sont plut\u00f4t les croustillons votre p\u00e9ch\u00e9 mignon, vous pourrez en avoir 22 pour 10\u00a0euros, 13 pour 7\u00a0euros ou 6 pour 4\u00a0euros. Pour les amateurs de marrons chauds, il faudra d\u00e9bourser 5 ou 7\u00a0euros selon la taille de votre cornet.<\/p>\n<p class=\" wall-content\">Si vous avez encore faim apr\u00e8s tout cela, il faudra mettre la main \u00e0 la poche ou alors se r\u00e9server pour les interminables repas des f\u00eates de fin d\u2019ann\u00e9e\u2009!<\/p>\n<p>Suivez l\u2019actualit\u00e9 de Rouen sur <a href=\"https:\/\/www.whatsapp.com\/channel\/0029VaKfnf99hXF2ddApFB1D\" target=\"_blank\" rel=\"noopener\">notre cha\u00eene WhatsApp<\/a> et sur <a href=\"https:\/\/www.tiktok.com\/@76actu.fr?lang=fr\" target=\"_blank\" rel=\"noopener\">notre compte TikTok<\/a><\/p>\n<p class=\" wall-content\">Personnalisez votre actualit\u00e9 en ajoutant vos villes et m\u00e9dias en favori avec <a href=\"https:\/\/moncompte.actu.fr\" title=\"D\u00e9couvez Mon Actu\" rel=\"nofollow noopener\" data-trk=\"{&quot;cta&quot;:{&quot;action&quot;:&quot;https:\\\/\\\/moncompte.actu.fr&quot;,&quot;category&quot;:&quot;mon compte&quot;,&quot;from&quot;:&quot;article footer&quot;,&quot;name&quot;:&quot;Mon actu&quot;,&quot;type&quot;:&quot;cta&quot;}}\" target=\"_blank\">Mon Actu<\/a>.<\/p>\n<p>                    <script async src=\"\/\/www.tiktok.com\/embed.js\"><\/script><\/p>\n","protected":false},"excerpt":{"rendered":"Par Adrien Filoche Publi\u00e9 le 5 d\u00e9c. 2025 \u00e0 18h43 Il y a comme un parfum de vin&hellip;\n","protected":false},"author":2,"featured_media":580804,"comment_status":"","ping_status":"","sticky":false,"template":"","format":"standard","meta":{"footnotes":""},"categories":[9587],"tags":[1111,11,9086,1777,674,1011,27,1652,12,15830,5161,25,9590],"class_list":{"0":"post-580803","1":"post","2":"type-post","3":"status-publish","4":"format-standard","5":"has-post-thumbnail","7":"category-rouen","8":"tag-actu","9":"tag-actualites","10":"tag-bon-plan-a-rouen","11":"tag-eu","12":"tag-europe","13":"tag-fr","14":"tag-france","15":"tag-loisirs-culture","16":"tag-news","17":"tag-noel","18":"tag-normandie","19":"tag-republique-francaise","20":"tag-rouen"},"share_on_mastodon":{"url":"https:\/\/pubeurope.com\/@fr\/115669295944331926","error":""},"_links":{"self":[{"href":"https:\/\/www.europesays.com\/fr\/wp-json\/wp\/v2\/posts\/580803","targetHints":{"allow":["GET"]}}],"collection":[{"href":"https:\/\/www.europesays.com\/fr\/wp-json\/wp\/v2\/posts"}],"about":[{"href":"https:\/\/www.europesays.com\/fr\/wp-json\/wp\/v2\/types\/post"}],"author":[{"embeddable":true,"href":"https:\/\/www.europesays.com\/fr\/wp-json\/wp\/v2\/users\/2"}],"replies":[{"embeddable":true,"href":"https:\/\/www.europesays.com\/fr\/wp-json\/wp\/v2\/comments?post=580803"}],"version-history":[{"count":0,"href":"https:\/\/www.europesays.com\/fr\/wp-json\/wp\/v2\/posts\/580803\/revisions"}],"wp:featuredmedia":[{"embeddable":true,"href":"https:\/\/www.europesays.com\/fr\/wp-json\/wp\/v2\/media\/580804"}],"wp:attachment":[{"href":"https:\/\/www.europesays.com\/fr\/wp-json\/wp\/v2\/media?parent=580803"}],"wp:term":[{"taxonomy":"category","embeddable":true,"href":"https:\/\/www.europesays.com\/fr\/wp-json\/wp\/v2\/categories?post=580803"},{"taxonomy":"post_tag","embeddable":true,"href":"https:\/\/www.europesays.com\/fr\/wp-json\/wp\/v2\/tags?post=580803"}],"curies":[{"name":"wp","href":"https:\/\/api.w.org\/{rel}","templated":true}]}}