{"id":580807,"date":"2025-12-05T22:27:23","date_gmt":"2025-12-05T22:27:23","guid":{"rendered":"https:\/\/www.europesays.com\/fr\/580807\/"},"modified":"2025-12-05T22:27:23","modified_gmt":"2025-12-05T22:27:23","slug":"piles-a-hydrogene-inocel-investit-14-me-dans-sa-rd-avec-laide-de-la-region","status":"publish","type":"post","link":"https:\/\/www.europesays.com\/fr\/580807\/","title":{"rendered":"Piles \u00e0 hydrog\u00e8ne : Inocel investit 14 M\u20ac dans sa R&#038;D avec l\u2019aide de la R\u00e9gion"},"content":{"rendered":"<p>      <img loading=\"lazy\" decoding=\"async\" typeof=\"foaf:Image\" src=\"https:\/\/www.europesays.com\/fr\/wp-content\/uploads\/2025\/12\/pannekoucke_inocel.png\" width=\"600\" height=\"338\" alt=\"Jules Billiet et Fabrice Pannekoucke \" title=\"Jules Billiet, CEO d'Inocel a re\u00e7u officiellement le soutien financier de la R\u00e9gion, repr\u00e9sent\u00e9e par son pr\u00e9sident Fabrice Pannekoucke.\"\/>              <\/p>\n<p class=\"news_description_img\">Jules Billiet, CEO d&rsquo;Inocel a re\u00e7u officiellement le soutien financier de la R\u00e9gion, repr\u00e9sent\u00e9e par son pr\u00e9sident Fabrice Pannekoucke.<\/p>\n<p class=\"news_copyright_img\">\n          R\u00e9gion Auvergne-Rh\u00f4ne-Alpes        <\/p>\n<p class=\"bref-chapo\">Le 28 novembre, Fabrice Pannekoucke, pr\u00e9sident d\u2019Auvergne-Rh\u00f4ne-Alpes, s\u2019est rendu \u00e0 Inocel, \u00e0 Saint-Egr\u00e8ve, pour annoncer le soutien de la R\u00e9gion \u00e0 l\u2019entreprise. Elle versera au sp\u00e9cialiste de la pile \u00e0 hydrog\u00e8ne 4,3 millions d\u2019euros sur les 14&#8230;<\/p>\n","protected":false},"excerpt":{"rendered":"Jules Billiet, CEO d&rsquo;Inocel a re\u00e7u officiellement le soutien financier de la R\u00e9gion, repr\u00e9sent\u00e9e par son pr\u00e9sident Fabrice&hellip;\n","protected":false},"author":2,"featured_media":579604,"comment_status":"","ping_status":"","sticky":false,"template":"","format":"standard","meta":{"footnotes":""},"categories":[9566],"tags":[1111,11,2430,1777,674,1011,27,2731,12,25],"class_list":{"0":"post-580807","1":"post","2":"type-post","3":"status-publish","4":"format-standard","5":"has-post-thumbnail","7":"category-grenoble","8":"tag-actu","9":"tag-actualites","10":"tag-auvergne-rhone-alpes","11":"tag-eu","12":"tag-europe","13":"tag-fr","14":"tag-france","15":"tag-grenoble","16":"tag-news","17":"tag-republique-francaise"},"share_on_mastodon":{"url":"https:\/\/pubeurope.com\/@fr\/115669320184981024","error":""},"_links":{"self":[{"href":"https:\/\/www.europesays.com\/fr\/wp-json\/wp\/v2\/posts\/580807","targetHints":{"allow":["GET"]}}],"collection":[{"href":"https:\/\/www.europesays.com\/fr\/wp-json\/wp\/v2\/posts"}],"about":[{"href":"https:\/\/www.europesays.com\/fr\/wp-json\/wp\/v2\/types\/post"}],"author":[{"embeddable":true,"href":"https:\/\/www.europesays.com\/fr\/wp-json\/wp\/v2\/users\/2"}],"replies":[{"embeddable":true,"href":"https:\/\/www.europesays.com\/fr\/wp-json\/wp\/v2\/comments?post=580807"}],"version-history":[{"count":0,"href":"https:\/\/www.europesays.com\/fr\/wp-json\/wp\/v2\/posts\/580807\/revisions"}],"wp:featuredmedia":[{"embeddable":true,"href":"https:\/\/www.europesays.com\/fr\/wp-json\/wp\/v2\/media\/579604"}],"wp:attachment":[{"href":"https:\/\/www.europesays.com\/fr\/wp-json\/wp\/v2\/media?parent=580807"}],"wp:term":[{"taxonomy":"category","embeddable":true,"href":"https:\/\/www.europesays.com\/fr\/wp-json\/wp\/v2\/categories?post=580807"},{"taxonomy":"post_tag","embeddable":true,"href":"https:\/\/www.europesays.com\/fr\/wp-json\/wp\/v2\/tags?post=580807"}],"curies":[{"name":"wp","href":"https:\/\/api.w.org\/{rel}","templated":true}]}}