{"id":580810,"date":"2025-12-05T22:29:22","date_gmt":"2025-12-05T22:29:22","guid":{"rendered":"https:\/\/www.europesays.com\/fr\/580810\/"},"modified":"2025-12-05T22:29:22","modified_gmt":"2025-12-05T22:29:22","slug":"un-profond-changement-samorce-le-rn-peut-il-entrer-au-conseil-municipal-a-rennes","status":"publish","type":"post","link":"https:\/\/www.europesays.com\/fr\/580810\/","title":{"rendered":"\u00ab\u00a0Un profond changement s\u2019amorce\u00a0\u00bb\u00a0: le RN peut-il entrer au conseil municipal \u00e0 Rennes\u00a0?"},"content":{"rendered":"<p>\u00ab Un score \u00e0 deux chiffres serait le minimum syndical. \u00bb Le 6 novembre, Julien Masson, patron du RN rennais, a officialis\u00e9 sa candidature comme t\u00eate de liste du parti de Marine Le Pen dans la capitale bretonne, avec une ambition similaire \u00e0 celle de 2020 : passer la barre des 10 % au premier tour, synonyme de maintien au second et d\u2019entr\u00e9e au conseil municipal de \u00ab la grande ville qui vote le moins \u00e0 l\u2019extr\u00eame droite en France \u00bb.<\/p>\n<p>Pour Gilles Pennelle, cette caract\u00e9ristique \u00e9lectorale est d\u00e9sormais r\u00e9volue. \u00ab C\u2019est de la Pr\u00e9histoire \u00bb, clame le chef de file r\u00e9gional du RN. \u00ab Rennes \u00e9tait alors encore un symbole de la ville o\u00f9 il fait bon vivre, cette image n\u2019existe plus. Les derni\u00e8res l\u00e9gislatives montrent qu\u2019un profond changement s\u2019amorce. \u00bb<\/p>\n<p>Des scores en hausse<\/p>\n<p>Les derni\u00e8res l\u00e9gislatives, mais aussi la pr\u00e9sidentielle de 2022 ou les europ\u00e9ennes de 2024\u2026 Si l\u2019on s\u2019attarde sur ce scrutin, on note que le cumul des voix d\u00e9volues aux formations d\u2019extr\u00eame droite (RN et Reconqu\u00eate, le parti de Zemmour) a bondi de 86 % entre 2019 et 2024 (4 688 suffrages en 2019 contre 8 733 en 2024).<\/p>\n<p>De quoi, effectivement, susciter quelques espoirs. Avec un b\u00e9mol : la capacit\u00e9 du RN \u00e0 mobiliser sur un scrutin local sur des th\u00e8mes o\u00f9 les autres candidats de droite sont d\u00e9j\u00e0 positionn\u00e9s, comme l\u2019ins\u00e9curit\u00e9. Aux municipales de 2020, la dynamique -d\u00e9j\u00e0 en cours- s\u2019\u00e9tait bris\u00e9e sur ce point. Le RN avait \u00e9chou\u00e9 \u00e0 4,2 % des voix (1 904 voix), en net reflux par rapport \u00e0 2014 (8,37 %, soit 4 949 voix).<\/p>\n","protected":false},"excerpt":{"rendered":"\u00ab Un score \u00e0 deux chiffres serait le minimum syndical. \u00bb Le 6 novembre, Julien Masson, patron du&hellip;\n","protected":false},"author":2,"featured_media":580811,"comment_status":"","ping_status":"","sticky":false,"template":"","format":"standard","meta":{"footnotes":""},"categories":[2821],"tags":[1111,11,829,1777,674,1011,27,848,26053,12,3364,584,25],"class_list":{"0":"post-580810","1":"post","2":"type-post","3":"status-publish","4":"format-standard","5":"has-post-thumbnail","7":"category-rennes","8":"tag-actu","9":"tag-actualites","10":"tag-bretagne","11":"tag-eu","12":"tag-europe","13":"tag-fr","14":"tag-france","15":"tag-ille-et-vilaine","16":"tag-municipales-2026-a-rennes","17":"tag-news","18":"tag-politique-a-rennes","19":"tag-rennes","20":"tag-republique-francaise"},"share_on_mastodon":{"url":"https:\/\/pubeurope.com\/@fr\/115669327380674551","error":""},"_links":{"self":[{"href":"https:\/\/www.europesays.com\/fr\/wp-json\/wp\/v2\/posts\/580810","targetHints":{"allow":["GET"]}}],"collection":[{"href":"https:\/\/www.europesays.com\/fr\/wp-json\/wp\/v2\/posts"}],"about":[{"href":"https:\/\/www.europesays.com\/fr\/wp-json\/wp\/v2\/types\/post"}],"author":[{"embeddable":true,"href":"https:\/\/www.europesays.com\/fr\/wp-json\/wp\/v2\/users\/2"}],"replies":[{"embeddable":true,"href":"https:\/\/www.europesays.com\/fr\/wp-json\/wp\/v2\/comments?post=580810"}],"version-history":[{"count":0,"href":"https:\/\/www.europesays.com\/fr\/wp-json\/wp\/v2\/posts\/580810\/revisions"}],"wp:featuredmedia":[{"embeddable":true,"href":"https:\/\/www.europesays.com\/fr\/wp-json\/wp\/v2\/media\/580811"}],"wp:attachment":[{"href":"https:\/\/www.europesays.com\/fr\/wp-json\/wp\/v2\/media?parent=580810"}],"wp:term":[{"taxonomy":"category","embeddable":true,"href":"https:\/\/www.europesays.com\/fr\/wp-json\/wp\/v2\/categories?post=580810"},{"taxonomy":"post_tag","embeddable":true,"href":"https:\/\/www.europesays.com\/fr\/wp-json\/wp\/v2\/tags?post=580810"}],"curies":[{"name":"wp","href":"https:\/\/api.w.org\/{rel}","templated":true}]}}