{"id":580814,"date":"2025-12-05T22:31:17","date_gmt":"2025-12-05T22:31:17","guid":{"rendered":"https:\/\/www.europesays.com\/fr\/580814\/"},"modified":"2025-12-05T22:31:17","modified_gmt":"2025-12-05T22:31:17","slug":"la-vraie-fausse-campagne-de-jeanne-barseghian-interpelle","status":"publish","type":"post","link":"https:\/\/www.europesays.com\/fr\/580814\/","title":{"rendered":"la \u00ab\u00a0vraie fausse campagne\u00a0\u00bb de Jeanne Barseghian interpelle"},"content":{"rendered":"<p>                    Par<br \/>\n        <strong><br \/>\n            <a href=\"https:\/\/actu.fr\/auteur\/thomas-blanc\" title=\"Consulter tous les articles de Thomas Blanc\" target=\"_blank\" rel=\"noopener\">Thomas Blanc<\/a><br \/>\n                    <\/strong><\/p>\n<p>        Publi\u00e9 le<\/p>\n<p>            5 d\u00e9c. 2025 \u00e0 18h13        <\/p>\n<p>Le premier tour des <a href=\"https:\/\/actu.fr\/tag\/municipales-2026\" target=\"_blank\" rel=\"noopener\">\u00e9lections municipales<\/a> se tiendra le 15\u00a0mars 2026. \u00c0 <a href=\"https:\/\/actu.fr\/strasbourg\/\" target=\"_blank\" rel=\"noopener\">Strasbourg<\/a>, trois mois avant l\u2019\u00e9ch\u00e9ance, tous les candidats sont en pleine campagne. Tous\u2009? Non\u2009! La <strong>maire sortante<\/strong>, Jeanne Barseghian, n\u2019a toujours pas officiellement <strong>lanc\u00e9 la sienne<\/strong>. Pourtant, certains d\u00e9tails ne trompent pas.<\/p>\n<p>Des indices qui ne trompent pas<\/p>\n<p class=\" wall-content\">Pour se faire (r\u00e9)\u00e9lire, il faut faire campagne. Mais Jeanne Barseghian, <a href=\"https:\/\/actu.fr\/grand-est\/strasbourg_67482\/municipales-2026-jeanne-barseghian-maire-de-strasbourg-candidate-a-sa-reelection_62866356.html\" target=\"_blank\" rel=\"noopener\">d\u00e9clar\u00e9e candidate depuis le 3\u00a0juillet 2025<\/a>, ne s\u2019est <strong>pas encore arm\u00e9e de ses tracts<\/strong> pour arpenter les rues et les march\u00e9s de Strasbourg et assure ne pas \u00eatre en campagne.<\/p>\n<p class=\" wall-content\">Pourtant, l\u2019actuelle \u00e9dile de Strasbourg poss\u00e8de bien <strong>un directeur de campagne<\/strong>, <strong>une porte-parole de campagne<\/strong> et a m\u00eame \u00e9t\u00e9 la premi\u00e8re des dix candidats d\u00e9clar\u00e9s \u00e0 inaugurer <a href=\"https:\/\/actu.fr\/grand-est\/strasbourg_67482\/local-de-campagne-de-la-maire-de-strasbourg-pourquoi-son-emplacement-est-vecu-comme-un-affront-par-certains_63463765.html\" target=\"_blank\" rel=\"noopener\">son local\u2026 de campagne<\/a>.<\/p>\n<p class=\" wall-content\">Sur les r\u00e9seaux sociaux, les comptes de campagne \u00ab\u2009Avec Barseghian\u2009\u00bb et \u00ab\u2009Merci Barseghian\u2009\u00bb sont aliment\u00e9s tous les jours avec des vid\u00e9os et <strong>des photos de tractages de militants<\/strong>\u00a0sur le terrain et de <strong>r\u00e9unions concernant le programme<\/strong>. De quoi en d\u00e9router plus d\u2019un.<\/p>\n<p>    <a href=\"https:\/\/www.facebook.com\/plugins\/post.php?href=https%3A%2F%2Fwww.facebook.com%2Fpermalink.php%3Fstory_fbid%3Dpfbid0zpRkJnPwsuxwDSnjezVRAc5MgFMzs7rgR6WrRZJWKP5AFhuqVN4sbVL27QvSc4ssl%26id%3D61581056240608&amp;show_text=true&amp;width=350\" title=\"Ouvrie le lien\" target=\"_blank\" rel=\"noopener\">Cliquez ici pour visualiser le contenu<\/a><\/p>\n<p>Jeanne Barseghian entrera en campagne en janvier<\/p>\n<p class=\" wall-content\">Pour ses opposants, comme <a href=\"https:\/\/actu.fr\/grand-est\/strasbourg_67482\/municipales-2026-catherine-trautmann-ancienne-maire-de-strasbourg-officialise-sa-candidature_63282301.html\" target=\"_blank\" rel=\"noopener\">Catherine Trautmann<\/a>, elle-m\u00eame candidate aux prochaines \u00e9lections, cette \u00ab\u2009vraie-fausse\u2009\u00bb campagne est \u00ab\u2009malsaine\u2009\u00bb. \u00ab\u2009Dans le milieu, <strong>personne ne doute qu\u2019elle est en campagne<\/strong> depuis le 3 juillet\u2009[date de l\u2019officialisation de sa candidature, NDLR] \u00bb. D\u2019apr\u00e8s elle, \u00ab\u2009c\u2019est une campagne qu\u2019elle m\u00e8ne en tant que candidate et maire. C\u2019est une mani\u00e8re de tromper le citoyen \u00e9lecteur\u2009\u00bb.<\/p>\n<p class=\" wall-content\">Le directeur de campagne de la maire \u00e9cologiste, Silvio Philippe, explique \u00e0 Actu Strasbourg\u00a0qu\u2019effectivement la campagne est lanc\u00e9e \u00ab\u2009depuis le mois de septembre\u2009\u00bb, date depuis laquelle se r\u00e9unit notamment \u00ab\u2009un comit\u00e9 de campagne\u2009\u00bb. Mais, il pr\u00e9cise une subtilit\u00e9, \u00ab\u2009Jeanne Barseghian n\u2019entrera, elle, en campagne <strong>qu\u2019\u00e0 partir du mois de janvier<\/strong> pour ne pas tout laisser en plan \u00e0 la mairie\u2009\u00bb.<\/p>\n<p>Votre r\u00e9gion, votre actu !<\/p>\n<p>Recevez chaque jour les infos qui comptent pour vous.<\/p>\n<p>\t<a href=\"https:\/\/actu.fr\/newsletter\" class=\"ac-btn ac-btn--corner ac-btn--medium ac-btn--blue800\" target=\"_blank\" rel=\"noopener\">S&rsquo;incrire<\/a><\/p>\n<p class=\" wall-content\">\u00ab\u2009C\u2019\u00e9tait son souhait de <strong>prendre le temps<\/strong> avant de prendre en main la campagne. Actuellement, <strong>80\u2009% de son temps<\/strong> est encore allou\u00e9 \u00e0 son mandat\u2009\u00bb, conclut-il.<\/p>\n<p class=\" wall-content\">Personnalisez votre actualit\u00e9 en ajoutant vos villes et m\u00e9dias en favori avec <a href=\"https:\/\/moncompte.actu.fr\" title=\"D\u00e9couvez Mon Actu\" rel=\"nofollow noopener\" data-trk=\"{&quot;cta&quot;:{&quot;action&quot;:&quot;https:\\\/\\\/moncompte.actu.fr&quot;,&quot;category&quot;:&quot;mon compte&quot;,&quot;from&quot;:&quot;article footer&quot;,&quot;name&quot;:&quot;Mon actu&quot;,&quot;type&quot;:&quot;cta&quot;}}\" target=\"_blank\">Mon Actu<\/a>.<\/p>\n","protected":false},"excerpt":{"rendered":"Par Thomas Blanc Publi\u00e9 le 5 d\u00e9c. 2025 \u00e0 18h13 Le premier tour des \u00e9lections municipales se tiendra&hellip;\n","protected":false},"author":2,"featured_media":580815,"comment_status":"","ping_status":"","sticky":false,"template":"","format":"standard","meta":{"footnotes":""},"categories":[2820],"tags":[1111,11,4188,1777,674,1011,27,775,7125,3434,12,316,25,640],"class_list":{"0":"post-580814","1":"post","2":"type-post","3":"status-publish","4":"format-standard","5":"has-post-thumbnail","7":"category-strasbourg","8":"tag-actu","9":"tag-actualites","10":"tag-elections-municipales","11":"tag-eu","12":"tag-europe","13":"tag-fr","14":"tag-france","15":"tag-grand-est","16":"tag-jeanne-barseghian","17":"tag-municipales-2026","18":"tag-news","19":"tag-politique","20":"tag-republique-francaise","21":"tag-strasbourg"},"share_on_mastodon":{"url":"https:\/\/pubeurope.com\/@fr\/115669335114932941","error":""},"_links":{"self":[{"href":"https:\/\/www.europesays.com\/fr\/wp-json\/wp\/v2\/posts\/580814","targetHints":{"allow":["GET"]}}],"collection":[{"href":"https:\/\/www.europesays.com\/fr\/wp-json\/wp\/v2\/posts"}],"about":[{"href":"https:\/\/www.europesays.com\/fr\/wp-json\/wp\/v2\/types\/post"}],"author":[{"embeddable":true,"href":"https:\/\/www.europesays.com\/fr\/wp-json\/wp\/v2\/users\/2"}],"replies":[{"embeddable":true,"href":"https:\/\/www.europesays.com\/fr\/wp-json\/wp\/v2\/comments?post=580814"}],"version-history":[{"count":0,"href":"https:\/\/www.europesays.com\/fr\/wp-json\/wp\/v2\/posts\/580814\/revisions"}],"wp:featuredmedia":[{"embeddable":true,"href":"https:\/\/www.europesays.com\/fr\/wp-json\/wp\/v2\/media\/580815"}],"wp:attachment":[{"href":"https:\/\/www.europesays.com\/fr\/wp-json\/wp\/v2\/media?parent=580814"}],"wp:term":[{"taxonomy":"category","embeddable":true,"href":"https:\/\/www.europesays.com\/fr\/wp-json\/wp\/v2\/categories?post=580814"},{"taxonomy":"post_tag","embeddable":true,"href":"https:\/\/www.europesays.com\/fr\/wp-json\/wp\/v2\/tags?post=580814"}],"curies":[{"name":"wp","href":"https:\/\/api.w.org\/{rel}","templated":true}]}}