{"id":580817,"date":"2025-12-05T22:33:20","date_gmt":"2025-12-05T22:33:20","guid":{"rendered":"https:\/\/www.europesays.com\/fr\/580817\/"},"modified":"2025-12-05T22:33:20","modified_gmt":"2025-12-05T22:33:20","slug":"5-bonnes-raisons-de-vivre-noel-au-coeur-du-village","status":"publish","type":"post","link":"https:\/\/www.europesays.com\/fr\/580817\/","title":{"rendered":"5 bonnes raisons de vivre No\u00ebl au c\u0153ur du village"},"content":{"rendered":"<p>                                                <strong>1. D\u00e9couvrir un village illumin\u00e9 et son march\u00e9 de No\u00ebl<\/strong><\/p>\n<p class=\"fs-5 \">Perch\u00e9 au-dessus de Nice, le village r\u00e9v\u00e8le chaque hiver un visage lumineux et accueillant, devenu au fil des ann\u00e9es un rendez-vous appr\u00e9ci\u00e9 par les familles de toute la r\u00e9gion. D\u00e8s le 1er d\u00e9cembre, les guirlandes s\u2019installent le long des fa\u00e7ades, les vitrines se parent de d\u00e9corations et l\u2019air se remplit d\u00e9licatement de parfums de cannelle, d\u2019agrumes et de vin chaud.<\/p>\n<p class=\"fs-5 \">Au c\u0153ur du village, le <strong>march\u00e9 de No\u00ebl<\/strong> prend place le samedi 13 d\u00e9cembre avec<strong> plus de 40 exposants<\/strong>. Artisans et cr\u00e9ateurs proposent des d\u00e9corations, bijoux, produits gourmands et autres id\u00e9es cadeaux, confectionn\u00e9s artisanalement et avec soin. <a href=\"https:\/\/www.tourrette-levens.fr\/events\/marche-de-noel-9\/\" target=\"_blank\" rel=\"noopener\">Venir au march\u00e9 de No\u00ebl de Tourrette-Levens<\/a>, c\u2019est tout simplement s\u2019offrir un moment convivial et entrer doucement dans l\u2019ambiance des f\u00eates\u00a0!<\/p>\n<p>        <img decoding=\"async\" src=\"https:\/\/www.europesays.com\/fr\/wp-content\/uploads\/2025\/12\/ARTBLOCKVIEW-10658913-1128-752-e51a810_upload-1-434yd40xpwzp-ok-2.jpg\" class=\"figure-img img-fluid rounded\" alt=\"A generic square placeholder image with rounded corners in a figure.\"\/><\/p>\n<p>Cr\u00e9dit : capfotos06<\/p>\n<p>                                                <strong>2. Profiter d\u2019animations pour toute la famille le samedi 13 d\u00e9cembre<\/strong><\/p>\n<p class=\"fs-5 \">Pendant le march\u00e9 de No\u00ebl, les animations prennent naturellement place au c\u0153ur du village et donnent \u00e0 Tourrette-Levens des allures de terrain de jeu \u00e0 ciel ouvert. Les enfants passent d\u2019une activit\u00e9 \u00e0 l\u2019autre pendant que les parents prennent le temps de les regarder s\u2019\u00e9merveiller.<\/p>\n<p class=\"fs-5 \"><strong>Man\u00e8ges \u00e9cologiques<\/strong>, <strong>ateliers cr\u00e9atifs, maquillage, balades \u00e0 poney<\/strong>\u2026 Chaque animation prolonge l\u2019esprit de No\u00ebl et transforme cette promenade \u00e0 Tourrette-Levens en v\u00e9ritable moment de partage. Au fil des heures, les rires se m\u00ealent aux conversations et aux musiques de No\u00ebl, nous invitant \u00e0 ralentir, \u00e0 profiter, et \u00e0 savourer ces instants simples qui font le charme de cette p\u00e9riode. La <strong>compagnie La Joyeuse Gravit\u00e9 <\/strong>apportera une touche festive suppl\u00e9mentaire avec ses interventions pleines de fantaisie tout au long de la journ\u00e9e.<\/p>\n<p>        <img decoding=\"async\" src=\"https:\/\/www.europesays.com\/fr\/wp-content\/uploads\/2025\/12\/ARTBLOCKVIEW-10658913-1128-752-4f75f3d_upload-1-0flpl0lk1s6e-ok-3.jpg\" class=\"figure-img img-fluid rounded\" alt=\"A generic square placeholder image with rounded corners in a figure.\"\/><\/p>\n<p>Cr\u00e9dit : capfotos06<\/p>\n<p>                                                <strong>3. Partager un rendez-vous magique au ch\u00e2teau<\/strong><\/p>\n<p class=\"fs-5 \">Au-dessus du village, le ch\u00e2teau devient l\u2019un des d\u00e9cors embl\u00e9matiques des festivit\u00e9s. Le <strong>samedi 20 d\u00e9cembre<\/strong>, \u00e0 partir de 16h30, petits et grands s\u2019y retrouvent pour un moment particuli\u00e8rement attendu par les enfants\u00a0: <strong>l\u2019arriv\u00e9e du P\u00e8re No\u00ebl.<\/strong><\/p>\n<p class=\"fs-5 \">Avant cette rencontre, la compagnie Kid\u2019Am propose le <strong>spectacle de marionnettes \u00ab\u00a0L\u2019Arche de No\u00ebl\u00a0\u00bb<\/strong>. Aux c\u00f4t\u00e9s de Charlotine la lutine et de ses amis les animaux, les petits spectateurs tenteront d\u2019aider le P\u00e8re No\u00ebl, confront\u00e9 \u00e0 de dr\u00f4les de soucis pour sa tourn\u00e9e\u00a0! Un spectacle plein de tendresse et d\u2019humour \u00e0 ne pas manquer\u00a0! L\u2019association Les Amis du Ch\u00e2teau accompagne ce moment avec des cr\u00eapes, du chocolat chaud et des douceurs, prolongeant l\u2019ambiance chaleureuse de cette fin de journ\u00e9e.<\/p>\n<p>        <img decoding=\"async\" src=\"https:\/\/www.europesays.com\/fr\/wp-content\/uploads\/2025\/12\/ARTBLOCKVIEW-10658913-1128-752-5bec62e_upload-1-9rilr6tthruq-ok-4.jpg\" class=\"figure-img img-fluid rounded\" alt=\"A generic square placeholder image with rounded corners in a figure.\"\/><\/p>\n<p>Cr\u00e9dit : capfotos06<\/p>\n<p>                                                <strong>4. Ressentir l\u2019\u00e9motion d\u2019un concert de No\u00ebl<\/strong><\/p>\n<p class=\"fs-5 \">Le <strong>dimanche 21 d\u00e9cembre<\/strong> \u00e0 15h30, les portes de l\u2019\u00e9glise Notre-Dame-de-l\u2019Assomption s\u2019ouvrent pour accueillir le <strong>concert du Ch\u0153ur Tourrettissimo<\/strong>, dirig\u00e9 par Kim Parola.<\/p>\n<p class=\"fs-5 \">Les chants de No\u00ebl s\u2019\u00e9l\u00e8veront sous les vo\u00fbtes tout en enveloppant le public dans une atmosph\u00e8re paisible. Habitants du village, familles et visiteurs se retrouvent ainsi pour partager ce moment musical, appr\u00e9ci\u00e9 chaque ann\u00e9e pour son authenticit\u00e9. Un instant suspendu qui permet de se rassembler et de savourer pleinement l\u2019esprit des f\u00eates.<\/p>\n<p>        <img decoding=\"async\" src=\"https:\/\/www.europesays.com\/fr\/wp-content\/uploads\/2025\/12\/ARTBLOCKVIEW-10658913-1128-752-eed92d7_upload-1-ecewi2y9rvyz-ok-5.jpg\" class=\"figure-img img-fluid rounded\" alt=\"A generic square placeholder image with rounded corners in a figure.\"\/><\/p>\n<p>Cr\u00e9dit\u00a0: Olivier Lou photographe nissart<\/p>\n<p>                                                <strong>5. Vivre l\u2019esprit de No\u00ebl au rythme du village<\/strong><\/p>\n<p class=\"fs-5 \">\u00c0 Tourrette-Levens, No\u00ebl se vit au c\u0153ur d\u2019un village perch\u00e9 de l\u2019arri\u00e8re-pays ni\u00e7ois avec les illuminations de No\u00ebl qui prolongent la magie. Mais d\u00e9couvrir Tourrette-Levens, c\u2019est aussi profiter de <strong>panoramas exceptionnels <\/strong>sur les collines ni\u00e7oises, explorer un <strong>patrimoine remarquable<\/strong> avec son ch\u00e2teau m\u00e9di\u00e9val, ses ruelles authentiques et ses points de vue entre mer et montagne. Le village s\u00e9duit par son cadre naturel, sa tranquillit\u00e9 et ses <strong>trois mus\u00e9es gratuits<\/strong>.<\/p>\n<p class=\"fs-5 \">\u00c0 l\u2019approche des f\u00eates, cette atmosph\u00e8re particuli\u00e8re prend tout son sens\u00a0: on vient pour vivre la magie de No\u00ebl \u00e0 Tourrette-Levens, et l\u2019on repart avec l\u2019envie d\u2019y revenir, tout au long de l\u2019ann\u00e9e\u00a0!<\/p>\n","protected":false},"excerpt":{"rendered":"1. D\u00e9couvrir un village illumin\u00e9 et son march\u00e9 de No\u00ebl Perch\u00e9 au-dessus de Nice, le village r\u00e9v\u00e8le chaque&hellip;\n","protected":false},"author":2,"featured_media":580818,"comment_status":"","ping_status":"","sticky":false,"template":"","format":"standard","meta":{"footnotes":""},"categories":[2819],"tags":[1111,11,1777,674,1011,27,12,2401,882,25],"class_list":{"0":"post-580817","1":"post","2":"type-post","3":"status-publish","4":"format-standard","5":"has-post-thumbnail","7":"category-nice","8":"tag-actu","9":"tag-actualites","10":"tag-eu","11":"tag-europe","12":"tag-fr","13":"tag-france","14":"tag-news","15":"tag-nice","16":"tag-provence-alpes-cote-dazur","17":"tag-republique-francaise"},"share_on_mastodon":{"url":"https:\/\/pubeurope.com\/@fr\/115669344452702453","error":""},"_links":{"self":[{"href":"https:\/\/www.europesays.com\/fr\/wp-json\/wp\/v2\/posts\/580817","targetHints":{"allow":["GET"]}}],"collection":[{"href":"https:\/\/www.europesays.com\/fr\/wp-json\/wp\/v2\/posts"}],"about":[{"href":"https:\/\/www.europesays.com\/fr\/wp-json\/wp\/v2\/types\/post"}],"author":[{"embeddable":true,"href":"https:\/\/www.europesays.com\/fr\/wp-json\/wp\/v2\/users\/2"}],"replies":[{"embeddable":true,"href":"https:\/\/www.europesays.com\/fr\/wp-json\/wp\/v2\/comments?post=580817"}],"version-history":[{"count":0,"href":"https:\/\/www.europesays.com\/fr\/wp-json\/wp\/v2\/posts\/580817\/revisions"}],"wp:featuredmedia":[{"embeddable":true,"href":"https:\/\/www.europesays.com\/fr\/wp-json\/wp\/v2\/media\/580818"}],"wp:attachment":[{"href":"https:\/\/www.europesays.com\/fr\/wp-json\/wp\/v2\/media?parent=580817"}],"wp:term":[{"taxonomy":"category","embeddable":true,"href":"https:\/\/www.europesays.com\/fr\/wp-json\/wp\/v2\/categories?post=580817"},{"taxonomy":"post_tag","embeddable":true,"href":"https:\/\/www.europesays.com\/fr\/wp-json\/wp\/v2\/tags?post=580817"}],"curies":[{"name":"wp","href":"https:\/\/api.w.org\/{rel}","templated":true}]}}