{"id":580819,"date":"2025-12-05T22:34:15","date_gmt":"2025-12-05T22:34:15","guid":{"rendered":"https:\/\/www.europesays.com\/fr\/580819\/"},"modified":"2025-12-05T22:34:15","modified_gmt":"2025-12-05T22:34:15","slug":"une-dizaine-de-coiffeurs-soupconnes-de-blanchiment-dargent","status":"publish","type":"post","link":"https:\/\/www.europesays.com\/fr\/580819\/","title":{"rendered":"une dizaine de coiffeurs soup\u00e7onn\u00e9s de blanchiment d&rsquo;argent"},"content":{"rendered":"<p class=\"intro \">\u00c0 Nice, un r\u00e9seau de salons de coiffure servant \u00e0 blanchir de l&rsquo;argent d\u00e9mantel\u00e9 en d\u00e9but de semaine. Trois membres d&rsquo;une m\u00eame famille et six entrepreneurs du BTP ont \u00e9t\u00e9 plac\u00e9s en garde \u00e0 vue. Ces \u00e9tablissements employaient des migrants en situation irr\u00e9guli\u00e8re, attir\u00e9s sp\u00e9cialement sur le territoire fran\u00e7ais.<\/p>\n<p>Des salons de coiffure pas tout blanc ! \u00c0 <a href=\"https:\/\/www.europe1.fr\/dossiers\/nice\" target=\"_blank\" rel=\"noopener\">Nice<\/a>, la police et la justice enqu\u00eatent sur des soup\u00e7ons de <a href=\"https:\/\/www.europe1.fr\/societe\/narcotrafic-seul-2-de-largent-issu-du-blanchiment-est-recupere-par-letat-note-fabrice-rizzoli-871923\" target=\"_blank\" rel=\"noopener\">blanchiment d\u2019argent<\/a>, m\u00ealant l\u2019aide \u00e0 l\u2019entr\u00e9e de clandestins et l\u2019embauche non d\u00e9clar\u00e9e de certains de ces \u00e9trangers en situation irr\u00e9guli\u00e8re. Deux fr\u00e8res, leur cousin et six entrepreneurs du BTP ont \u00e9t\u00e9 interpell\u00e9s en d\u00e9but de semaine.<\/p>\n<p>    La suite apr\u00e8s cette publicit\u00e9<\/p>\n<p>    La suite apr\u00e8s cette publicit\u00e9<\/p>\n<p>Un g\u00e9rant de six salons dans le viseur<\/p>\n<p>Ce vaste coup de filet fait suite \u00e0 un renseignement re\u00e7u par la justice \u00e0 l\u2019\u00e9t\u00e9 2024. \u00c0 l\u2019\u00e9poque, le p\u00f4le sp\u00e9cialis\u00e9 du parquet de Nice a saisi imm\u00e9diatement l\u2019antenne de l\u2019office de lutte contre le trafic illicite de migrants (OLTIM) d\u2019une enqu\u00eate pr\u00e9liminaire. Cette derni\u00e8re vise plusieurs membres d\u2019une m\u00eame famille susceptibles d\u2019\u00eatre impliqu\u00e9s dans des faits d\u2019aide \u00e0 l\u2019entr\u00e9e ou au s\u00e9jour d\u2019\u00e9trangers en situation irr\u00e9guli\u00e8re en bande organis\u00e9e et dans des fraudes diverses.<\/p>\n<p>Tr\u00e8s vite, le nom du g\u00e9rant de six salons de coiffure appara\u00eet dans l\u2019enqu\u00eate. Les \u00e9tablissements situ\u00e9s au centre-ville de Nice sont plac\u00e9s sous surveillance. Ils sont r\u00e9guli\u00e8rement ouverts 7j\/7 de 8h \u00e0 20h, souvent jusqu\u2019\u00e0 minuit m\u00eame. Au niveau des paiements, ils se font quasi exclusivement en esp\u00e8ces, \u00ab\u00a0\u00e0 la coupe\u00a0\u00bb, avec une comptabilit\u00e9 tenue par chaque employ\u00e9, nombre d\u2019entre eux n\u2019\u00e9tant pas d\u00e9clar\u00e9s ou en situation irr\u00e9guli\u00e8re, indique le communiqu\u00e9 de presse du procureur de la R\u00e9publique de Nice.<\/p>\n<p>    La suite apr\u00e8s cette publicit\u00e9<\/p>\n<p>    La suite apr\u00e8s cette publicit\u00e9<\/p>\n<p>213.000 euros d\u00e9couverts sur le compte du g\u00e9rant<\/p>\n<p>Une main d\u2019\u0153uvre pas ch\u00e8re \u00e0 qui l\u2019on a fait passer la fronti\u00e8re en toute ill\u00e9galit\u00e9. Outre l\u2019emploi d\u2019\u00e9trangers en situation irr\u00e9guli\u00e8re, les mis en cause assuraient \u00e9galement, pour certains d\u2019entre eux, leur h\u00e9bergement, pr\u00e9cise le communiqu\u00e9 du parquet. Au total, ces salons de coiffure employaient une vingtaine de personnes. Le plus rentable g\u00e9n\u00e9rait jusqu\u2019\u00e0 33.000 euros de chiffre d\u2019affaires par mois.<\/p>\n<p>Un dispositif de blanchiment a aussi \u00e9t\u00e9 mis en \u00e9vidence. Des membres de la famille du g\u00e9rant \u00e9taient cr\u00e9diteurs de sommes provenant de virements et de ch\u00e8ques \u00e9tablis par des soci\u00e9t\u00e9s de BTP. Sur le compte du g\u00e9rant, confirme le procureur de Nice, 213.000 \u20ac ont \u00e9t\u00e9 d\u00e9couverts.<\/p>\n<p>    La suite apr\u00e8s cette publicit\u00e9<\/p>\n<p>    La suite apr\u00e8s cette publicit\u00e9<\/p>\n<p>Une partie des fonds li\u00e9s \u00e0 ces activit\u00e9s illicites \u00e9tai ensuite investie ou d\u00e9pos\u00e9e \u00e0 l\u2019\u00e9tranger, notamment en Tunisie. Deux des principaux mis en cause ont reconnu partiellement les faits et deux entrepreneurs admettent leur participation au blanchiment, conclut le communiqu\u00e9 du parquet de Nice.<\/p>\n","protected":false},"excerpt":{"rendered":"\u00c0 Nice, un r\u00e9seau de salons de coiffure servant \u00e0 blanchir de l&rsquo;argent d\u00e9mantel\u00e9 en d\u00e9but de semaine.&hellip;\n","protected":false},"author":2,"featured_media":580820,"comment_status":"","ping_status":"","sticky":false,"template":"","format":"standard","meta":{"footnotes":""},"categories":[2819],"tags":[1111,11,1777,674,1011,27,12,2401,882,25],"class_list":{"0":"post-580819","1":"post","2":"type-post","3":"status-publish","4":"format-standard","5":"has-post-thumbnail","7":"category-nice","8":"tag-actu","9":"tag-actualites","10":"tag-eu","11":"tag-europe","12":"tag-fr","13":"tag-france","14":"tag-news","15":"tag-nice","16":"tag-provence-alpes-cote-dazur","17":"tag-republique-francaise"},"share_on_mastodon":{"url":"https:\/\/pubeurope.com\/@fr\/115669346935886247","error":""},"_links":{"self":[{"href":"https:\/\/www.europesays.com\/fr\/wp-json\/wp\/v2\/posts\/580819","targetHints":{"allow":["GET"]}}],"collection":[{"href":"https:\/\/www.europesays.com\/fr\/wp-json\/wp\/v2\/posts"}],"about":[{"href":"https:\/\/www.europesays.com\/fr\/wp-json\/wp\/v2\/types\/post"}],"author":[{"embeddable":true,"href":"https:\/\/www.europesays.com\/fr\/wp-json\/wp\/v2\/users\/2"}],"replies":[{"embeddable":true,"href":"https:\/\/www.europesays.com\/fr\/wp-json\/wp\/v2\/comments?post=580819"}],"version-history":[{"count":0,"href":"https:\/\/www.europesays.com\/fr\/wp-json\/wp\/v2\/posts\/580819\/revisions"}],"wp:featuredmedia":[{"embeddable":true,"href":"https:\/\/www.europesays.com\/fr\/wp-json\/wp\/v2\/media\/580820"}],"wp:attachment":[{"href":"https:\/\/www.europesays.com\/fr\/wp-json\/wp\/v2\/media?parent=580819"}],"wp:term":[{"taxonomy":"category","embeddable":true,"href":"https:\/\/www.europesays.com\/fr\/wp-json\/wp\/v2\/categories?post=580819"},{"taxonomy":"post_tag","embeddable":true,"href":"https:\/\/www.europesays.com\/fr\/wp-json\/wp\/v2\/tags?post=580819"}],"curies":[{"name":"wp","href":"https:\/\/api.w.org\/{rel}","templated":true}]}}