{"id":580821,"date":"2025-12-05T22:35:38","date_gmt":"2025-12-05T22:35:38","guid":{"rendered":"https:\/\/www.europesays.com\/fr\/580821\/"},"modified":"2025-12-05T22:35:38","modified_gmt":"2025-12-05T22:35:38","slug":"mappemonde-en-chansons-lensemble-vocal-des-voix-du-fleuve-donnera-un-concert-de-noel","status":"publish","type":"post","link":"https:\/\/www.europesays.com\/fr\/580821\/","title":{"rendered":"\u00ab\u00a0Mappemonde en chansons\u00a0\u00bb\u00a0: l\u2019ensemble vocal des Voix du fleuve donnera un concert de No\u00ebl"},"content":{"rendered":"<p>L\u2019ensemble vocal Voix du fleuve proposera un concert de No\u00ebl, dimanche 14\u00a0d\u00e9cembre \u00e0 l\u2019\u00e9glise du bourg de<a href=\"https:\/\/nantes.maville.com\/pays-de-la-loire\/loire-atlantique\/saint-sebastien-sur-loire\/\" target=\"_blank\" rel=\"noopener\"> Saint-S\u00e9bastien-sur-Loire (Loire-Atlantique). <\/a> \u00a0Cette ann\u00e9e, notre ensemble vocal dessine une mappemonde en chansons, avec des cartes postales en ch\u0153ur de No\u00ebls traditionnels europ\u00e9ens, n\u00e9gro spiritual\u2026 Les Voix du Fleuve rebondiront depuis l\u2019hiver \u00e9cossais jusqu\u2019en Ukraine. \u00c0 l\u2019issue de ce p\u00e9riple tout public, la chorale se joindra aux spectateurs pour chanter les incontournables refrains des No\u00ebls de notre enfance\u00a0, partage\u00a0Jo\u00eblle Runfola, choriste.<\/p>\n<p>Voix du Fleuve est un ch\u0153ur d\u2019adultes dirig\u00e9 par Anne Bachelier, sous la pr\u00e9sidence de Dani\u00e8le Coisne\u00a0; il est compos\u00e9 d\u2019une quarantaine de choristes.\u00a0Chaque ann\u00e9e la troupe organise plusieurs concerts th\u00e9matiques et participe \u00e9galement \u00e0 des concerts caritatifs.<\/p>\n<p>\u00c0 la recherche de chanteurs<\/p>\n<p>L\u2019ensemble vocal interpr\u00e8te des r\u00e9pertoires et prestations vari\u00e9s\u00a0; ch\u0153urs de la renaissance, baroques, liturgiques ou profanes, n\u00e9gro spirituals, chansons contemporaines et traditionnelles populaires se retrouvent dans les programmes au fil des ann\u00e9es.<\/p>\n<p>\u00a0Nous sommes ouverts \u00e0 toutes propositions musicales, \u00e0 de nouvelles exp\u00e9riences, \u00e0 de nouvelles rencontres. En 2023-2024, nous accueillions un chef de ch\u0153ur anglais en r\u00e9sidence\u00a0; en 2024-2025, un coach vocal, indique Jo\u00eblle Runfola. Cette saison, nous aurons particuli\u00e8rement le plaisir de travailler avec Les soupers du Roy, une bande nantaise de hautbois, avec laquelle nous partagerons un concert la saison prochaine.\u00a0<\/p>\n<p>La chorale recrute des chanteurs, tout au long de l\u2019ann\u00e9e, de chaque pupitre, et particuli\u00e8rement les sopranos et les basses. Il n\u2019est pas indispensable de savoir d\u00e9chiffrer une partition pour venir. Les r\u00e9p\u00e9titions se d\u00e9roulent \u00e0 la Maison des associations Ren\u00e9-Couillaud, tous les mercredis soir de 20\u00a0h \u00e0 22\u00a0h, de septembre \u00e0 juin.<\/p>\n<p><strong>Dimanche 14\u00a0d\u00e9cembre,<\/strong> \u00e0 16\u00a0h, \u00e9glise du bourg\u00a0; 12\u00a0\u20ac (gratuit pour les moins de 12\u00a0ans). R\u00e9servation recommand\u00e9e sur Helloasso.com.<\/p>\n<p>\u00a0<\/p>\n","protected":false},"excerpt":{"rendered":"L\u2019ensemble vocal Voix du fleuve proposera un concert de No\u00ebl, dimanche 14\u00a0d\u00e9cembre \u00e0 l\u2019\u00e9glise du bourg de Saint-S\u00e9bastien-sur-Loire&hellip;\n","protected":false},"author":2,"featured_media":580822,"comment_status":"","ping_status":"","sticky":false,"template":"","format":"standard","meta":{"footnotes":""},"categories":[2818],"tags":[1111,11,2935,1697,64865,9487,1777,674,29621,1011,27,69469,766,12,15830,2636,25,3272,3524,29843,858],"class_list":{"0":"post-580821","1":"post","2":"type-post","3":"status-publish","4":"format-standard","5":"has-post-thumbnail","7":"category-nantes","8":"tag-actu","9":"tag-actualites","10":"tag-chansons","11":"tag-concert","12":"tag-donnera","13":"tag-ensemble","14":"tag-eu","15":"tag-europe","16":"tag-fleuve","17":"tag-fr","18":"tag-france","19":"tag-mappemonde","20":"tag-nantes","21":"tag-news","22":"tag-noel","23":"tag-pays-de-la-loire","24":"tag-republique-francaise","25":"tag-saint-nazaire","26":"tag-saint-sebastien-sur-loire","27":"tag-vocal","28":"tag-voix"},"share_on_mastodon":{"url":"https:\/\/pubeurope.com\/@fr\/115669350845786903","error":""},"_links":{"self":[{"href":"https:\/\/www.europesays.com\/fr\/wp-json\/wp\/v2\/posts\/580821","targetHints":{"allow":["GET"]}}],"collection":[{"href":"https:\/\/www.europesays.com\/fr\/wp-json\/wp\/v2\/posts"}],"about":[{"href":"https:\/\/www.europesays.com\/fr\/wp-json\/wp\/v2\/types\/post"}],"author":[{"embeddable":true,"href":"https:\/\/www.europesays.com\/fr\/wp-json\/wp\/v2\/users\/2"}],"replies":[{"embeddable":true,"href":"https:\/\/www.europesays.com\/fr\/wp-json\/wp\/v2\/comments?post=580821"}],"version-history":[{"count":0,"href":"https:\/\/www.europesays.com\/fr\/wp-json\/wp\/v2\/posts\/580821\/revisions"}],"wp:featuredmedia":[{"embeddable":true,"href":"https:\/\/www.europesays.com\/fr\/wp-json\/wp\/v2\/media\/580822"}],"wp:attachment":[{"href":"https:\/\/www.europesays.com\/fr\/wp-json\/wp\/v2\/media?parent=580821"}],"wp:term":[{"taxonomy":"category","embeddable":true,"href":"https:\/\/www.europesays.com\/fr\/wp-json\/wp\/v2\/categories?post=580821"},{"taxonomy":"post_tag","embeddable":true,"href":"https:\/\/www.europesays.com\/fr\/wp-json\/wp\/v2\/tags?post=580821"}],"curies":[{"name":"wp","href":"https:\/\/api.w.org\/{rel}","templated":true}]}}