{"id":580825,"date":"2025-12-05T22:38:36","date_gmt":"2025-12-05T22:38:36","guid":{"rendered":"https:\/\/www.europesays.com\/fr\/580825\/"},"modified":"2025-12-05T22:38:36","modified_gmt":"2025-12-05T22:38:36","slug":"pres-de-bordeaux-les-pesticides-angoissent-les-riverains-la-vigne","status":"publish","type":"post","link":"https:\/\/www.europesays.com\/fr\/580825\/","title":{"rendered":"pr\u00e8s de Bordeaux, les pesticides angoissent les riverains la vigne"},"content":{"rendered":"<p>Rendue mi-septembre, l\u2019\u00e9tude Pestiriv constate une exposition aux pesticides sup\u00e9rieure pour les riverains situ\u00e9s \u00e0 moins de 500\u00a0m\u00e8tres de la vigne. Une \u00e9vidence avec laquelle \u00ab\u00a0tout le monde n\u2019avait pas envie d\u2019\u00eatre d\u2019accord\u00a0\u00bb, assure Ghislaine Bouvier, chercheuse en sant\u00e9 environnementale et membre du comit\u00e9 d\u2019experts de Pestiriv. C\u2019est d\u00e9sormais objectiv\u00e9.<\/p>\n<p>Poussi\u00e8res contamin\u00e9es<\/p>\n<p>Une partie de l\u2019\u00e9tude a \u00e9t\u00e9 men\u00e9e \u00e0 Villenave, o\u00f9 le vignoble se m\u00eale \u00e0 la ville. Baptiste Delmas et son fils figuraient dans l\u2019\u00e9chantillon. \u00ab\u00a0Dans nos urines, dans les poussi\u00e8res de la maison, les taux d\u2019une mol\u00e9cule sur deux explosent les r\u00e9sultats m\u00e9dians, l\u00e2che-t-il. La plupart des \u00e9coles de Villenave sont dans la zone des 500\u00a0m\u00e8tres. On est plusieurs parents \u00e0 avoir franchement peur.\u00a0\u00bb<\/p>\n<blockquote><p>\u00ab\u00a0Dans nos urines, dans les poussi\u00e8res de la maison, les taux d\u2019une mol\u00e9cule sur deux explosent les r\u00e9sultats m\u00e9dians\u00a0\u00bb<\/p><\/blockquote>\n<p>Pestiriv <a href=\"https:\/\/www.sudouest.fr\/charente\/cognac\/pesticides-et-viticulture-apres-la-presentation-de-l-etude-pestiriv-chacun-voit-midi-a-sa-porte-25942673.php\" target=\"_blank\" rel=\"follow noopener\">ne dit rien des effets sur la sant\u00e9<\/a>. Mais pour Ghislaine Bouvier, des d\u00e9couvertes m\u00e9ritent \u00ab\u00a0d\u2019\u00eatre creus\u00e9es\u00a0\u00bb. \u00ab\u00a0Les poussi\u00e8res apparaissent comme des sortes de r\u00e9servoir \u00e0 l\u2019int\u00e9rieur des maisons. Certaines mol\u00e9cules y sont extr\u00eamement pr\u00e9sentes.\u00a0\u00bb L\u2019association G\u00e9n\u00e9rations futures craint des cons\u00e9quences. \u00ab\u00a0Pestiriv a \u00e9t\u00e9 lanc\u00e9e parce qu\u2019on soup\u00e7onnait un agr\u00e9gat de cancers p\u00e9diatriques autour de Pauillac\u00a0\u00bb, rappelle Cyril Giraud. Pour le repr\u00e9sentant de l\u2019association, le probl\u00e8me d\u00e9passe les 500\u00a0m\u00e8tres. \u00ab\u00a0Les capteurs du jardin botanique de Bordeaux retrouvent chaque ann\u00e9e du Folpel, un fongicide, dans l\u2019air. \u00c0 5\u00a0kilom\u00e8tres de la premi\u00e8re vigne.\u00a0\u00bb<\/p>\n<p>        <img decoding=\"async\" id=\"26986636\" src=\"https:\/\/www.europesays.com\/fr\/wp-content\/uploads\/2025\/12\/infog-gir-pesticides-villenave-web.jpg\" itemprop=\"contentURL\"\/><\/p>\n<p>SO<\/p>\n<p>        <img decoding=\"async\" id=\"26986725\" src=\"https:\/\/www.europesays.com\/fr\/wp-content\/uploads\/2025\/12\/img-20251204-185836.jpg\" alt=\"Chercheuse \u00e0 l\u2019Universit\u00e9 de Bordeaux, Ghislaine Bouvier a fait partie du comit\u00e9 d\u2019experts en charge de l\u2019\u00e9tude Pestiriv. \u00c0 gauche, Dominique Forget dirige le ch\u00e2teau de Couhins, certifi\u00e9 bio depuis 2022.\" itemprop=\"contentURL\"\/><\/p>\n<p>    Chercheuse \u00e0 l\u2019Universit\u00e9 de Bordeaux, Ghislaine Bouvier a fait partie du comit\u00e9 d\u2019experts en charge de l\u2019\u00e9tude Pestiriv. \u00c0 gauche, Dominique Forget dirige le ch\u00e2teau de Couhins, certifi\u00e9 bio depuis 2022.<\/p>\n<p>Yoann Boffo<\/p>\n<p>Dominique Forget en a bien conscience. Le directeur du ch\u00e2teau Couhins \u00ab\u00a0interroge depuis toujours l\u2019impact environnemental\u00a0\u00bb du domaine. \u00ab\u00a0En 2000, il ne nous serait pas venu \u00e0 l\u2019id\u00e9e de pr\u00e9venir les voisins avant de traiter. Aujourd\u2019hui, ils nous questionnent, on leur montre nos pratiques.\u00a0\u00bb Il les alerte via l\u2019application BVE\u00a033. \u00ab\u00a0Bio ou non, l\u2019obsession de tous les vignerons est d\u2019utiliser le moins de produits possibles.\u00a0\u00bb<\/p>\n","protected":false},"excerpt":{"rendered":"Rendue mi-septembre, l\u2019\u00e9tude Pestiriv constate une exposition aux pesticides sup\u00e9rieure pour les riverains situ\u00e9s \u00e0 moins de 500\u00a0m\u00e8tres&hellip;\n","protected":false},"author":2,"featured_media":580826,"comment_status":"","ping_status":"","sticky":false,"template":"","format":"standard","meta":{"footnotes":""},"categories":[2817],"tags":[1111,11,1997,1777,674,1011,27,12,2219,25],"class_list":{"0":"post-580825","1":"post","2":"type-post","3":"status-publish","4":"format-standard","5":"has-post-thumbnail","7":"category-bordeaux","8":"tag-actu","9":"tag-actualites","10":"tag-bordeaux","11":"tag-eu","12":"tag-europe","13":"tag-fr","14":"tag-france","15":"tag-news","16":"tag-nouvelle-aquitaine","17":"tag-republique-francaise"},"share_on_mastodon":{"url":"https:\/\/pubeurope.com\/@fr\/115669363583843207","error":""},"_links":{"self":[{"href":"https:\/\/www.europesays.com\/fr\/wp-json\/wp\/v2\/posts\/580825","targetHints":{"allow":["GET"]}}],"collection":[{"href":"https:\/\/www.europesays.com\/fr\/wp-json\/wp\/v2\/posts"}],"about":[{"href":"https:\/\/www.europesays.com\/fr\/wp-json\/wp\/v2\/types\/post"}],"author":[{"embeddable":true,"href":"https:\/\/www.europesays.com\/fr\/wp-json\/wp\/v2\/users\/2"}],"replies":[{"embeddable":true,"href":"https:\/\/www.europesays.com\/fr\/wp-json\/wp\/v2\/comments?post=580825"}],"version-history":[{"count":0,"href":"https:\/\/www.europesays.com\/fr\/wp-json\/wp\/v2\/posts\/580825\/revisions"}],"wp:featuredmedia":[{"embeddable":true,"href":"https:\/\/www.europesays.com\/fr\/wp-json\/wp\/v2\/media\/580826"}],"wp:attachment":[{"href":"https:\/\/www.europesays.com\/fr\/wp-json\/wp\/v2\/media?parent=580825"}],"wp:term":[{"taxonomy":"category","embeddable":true,"href":"https:\/\/www.europesays.com\/fr\/wp-json\/wp\/v2\/categories?post=580825"},{"taxonomy":"post_tag","embeddable":true,"href":"https:\/\/www.europesays.com\/fr\/wp-json\/wp\/v2\/tags?post=580825"}],"curies":[{"name":"wp","href":"https:\/\/api.w.org\/{rel}","templated":true}]}}