{"id":580829,"date":"2025-12-05T22:41:12","date_gmt":"2025-12-05T22:41:12","guid":{"rendered":"https:\/\/www.europesays.com\/fr\/580829\/"},"modified":"2025-12-05T22:41:12","modified_gmt":"2025-12-05T22:41:12","slug":"un-camion-sencastre-a-nouveau-sous-le-pont-maudit-de-toulouse-le-second-en-moins-de-trois-semaines","status":"publish","type":"post","link":"https:\/\/www.europesays.com\/fr\/580829\/","title":{"rendered":"Un camion s\u2019encastre \u00e0 nouveau sous le \u00ab\u00a0pont maudit\u00a0\u00bb de Toulouse, le second en moins de trois semaines"},"content":{"rendered":"<p>\n                                                                    l&rsquo;essentiel<br \/>\n                                                                Le pont de l\u2019avenue des Herbettes \u00e0 Toulouse accumule les incidents. Apr\u00e8s un accident il y a moins de trois semaines, un nouveau s\u2019y est encastr\u00e9 ce vendredi soir.\n                            <\/p>\n<p>Il est maudit. Le pont de l\u2019avenue des Herbettes, \u00e0 Toulouse, vient de conna\u00eetre une nouvelle avarie\u2026 Ou plut\u00f4t un nouvel \u00ab\u00a0encastrage\u00a0\u00bb. Il y a un peu plus de quinze jours, le 19\u00a0novembre au matin, le chauffeur d\u2019une camionnette a voulu passer par ce chemin, oubliant que la hauteur sous ce pont SNCF \u00e9tait limit\u00e9e \u00e0 2,5\u00a0m de hauteur.<\/p>\n<p>Il avait carr\u00e9ment scalp\u00e9 son v\u00e9hicule de livraison. Ce vendredi soir, le conducteur, certainement distrait aussi, a encastr\u00e9 sa camionnette. Un de plus. C\u2019est devenu un ph\u00e9nom\u00e8ne it\u00e9ratif, qui se reproduit \u00e0 intervalles r\u00e9guliers. Car d\u00e9j\u00e0 en octobre\u00a02024, un utilitaire avait subi le m\u00eame sort, avant qu\u2019un autre v\u00e9hicule se coince \u00e0 nouveau sous le pont, sommet arrach\u00e9, moins de quinze jours plus tard. C\u2019est la loi des s\u00e9ries.<\/p>\n<p>Bient\u00f4t un portique lumineux<\/p>\n<p>Et les am\u00e9nagements de la mairie n\u2019y font rien. \u00ab\u00a0La signalisation ne suffit pas, elle n\u2019est pas encore assez grosse, je crois. On a remplac\u00e9 l\u2019an dernier le portique. \u00c7a a co\u00fbt\u00e9 18\u00a0000\u00a0\u20ac. Le pr\u00e9c\u00e9dent, en dur, avait \u00e9t\u00e9 cass\u00e9, on l\u2019a remplac\u00e9, et il a \u00e9t\u00e9 recass\u00e9\u00a0\u00bb, nous indiquait il y a deux semaines Emilion Esnault, le maire de quartier.<\/p>\n<p>Le prochain portique, qui devrait arriver d\u2019ici peu, sera cette fois lumineux. Histoire de voir s\u2019il est plus efficace sur les chauffeurs.<\/p>\n","protected":false},"excerpt":{"rendered":"l&rsquo;essentiel Le pont de l\u2019avenue des Herbettes \u00e0 Toulouse accumule les incidents. Apr\u00e8s un accident il y a&hellip;\n","protected":false},"author":2,"featured_media":580830,"comment_status":"","ping_status":"","sticky":false,"template":"","format":"standard","meta":{"footnotes":""},"categories":[2816],"tags":[3085,1111,11,1777,674,118,1011,27,2722,12,2680,25,2312],"class_list":{"0":"post-580829","1":"post","2":"type-post","3":"status-publish","4":"format-standard","5":"has-post-thumbnail","7":"category-toulouse","8":"tag-accidents","9":"tag-actu","10":"tag-actualites","11":"tag-eu","12":"tag-europe","13":"tag-faits-divers","14":"tag-fr","15":"tag-france","16":"tag-haute-garonne","17":"tag-news","18":"tag-occitanie","19":"tag-republique-francaise","20":"tag-toulouse"},"share_on_mastodon":{"url":"https:\/\/pubeurope.com\/@fr\/115669374353565823","error":""},"_links":{"self":[{"href":"https:\/\/www.europesays.com\/fr\/wp-json\/wp\/v2\/posts\/580829","targetHints":{"allow":["GET"]}}],"collection":[{"href":"https:\/\/www.europesays.com\/fr\/wp-json\/wp\/v2\/posts"}],"about":[{"href":"https:\/\/www.europesays.com\/fr\/wp-json\/wp\/v2\/types\/post"}],"author":[{"embeddable":true,"href":"https:\/\/www.europesays.com\/fr\/wp-json\/wp\/v2\/users\/2"}],"replies":[{"embeddable":true,"href":"https:\/\/www.europesays.com\/fr\/wp-json\/wp\/v2\/comments?post=580829"}],"version-history":[{"count":0,"href":"https:\/\/www.europesays.com\/fr\/wp-json\/wp\/v2\/posts\/580829\/revisions"}],"wp:featuredmedia":[{"embeddable":true,"href":"https:\/\/www.europesays.com\/fr\/wp-json\/wp\/v2\/media\/580830"}],"wp:attachment":[{"href":"https:\/\/www.europesays.com\/fr\/wp-json\/wp\/v2\/media?parent=580829"}],"wp:term":[{"taxonomy":"category","embeddable":true,"href":"https:\/\/www.europesays.com\/fr\/wp-json\/wp\/v2\/categories?post=580829"},{"taxonomy":"post_tag","embeddable":true,"href":"https:\/\/www.europesays.com\/fr\/wp-json\/wp\/v2\/tags?post=580829"}],"curies":[{"name":"wp","href":"https:\/\/api.w.org\/{rel}","templated":true}]}}