{"id":580833,"date":"2025-12-05T22:43:24","date_gmt":"2025-12-05T22:43:24","guid":{"rendered":"https:\/\/www.europesays.com\/fr\/580833\/"},"modified":"2025-12-05T22:43:24","modified_gmt":"2025-12-05T22:43:24","slug":"5-ans-apres-sa-carte-de-lille-lillustrateur-alcatela-sest-attaque-au-nord-pas-de-calais-05-12-2025","status":"publish","type":"post","link":"https:\/\/www.europesays.com\/fr\/580833\/","title":{"rendered":"5 ans apr\u00e8s sa carte de Lille, l&rsquo;illustrateur Alcatela s&rsquo;est attaqu\u00e9 au Nord-Pas-de-Calais &#8211; 05\/12\/2025"},"content":{"rendered":"<p>En 2020, sa carte illustr\u00e9e du m\u00e9tro de Lille avait fait le buzz. Et voil\u00e0 que fin 2025, l&rsquo;illustrateur Alcatela a d\u00e9cid\u00e9 de s&rsquo;attaquer \u00e0 tout le Nord-Pas-de-Calais. Un cadeau de No\u00ebl en 1 000 exemplaires, qui va faire plaisir aux plus chauvin\u00b7es d&rsquo;entre nous.<\/p>\n<p>On y trouve le march\u00e9 de Wazemmes, le stade du RC Lens, la Grand&rsquo;Place d&rsquo;Arras ou encore l&rsquo;Usine de Roubaix, pour ne citer que ceux-l\u00e0. Et en regardant de plus pr\u00e8s la nouvelle carte color\u00e9e d&rsquo;Alcatela, on peut m\u00eame y voir des spots iconiques, des friteries des villages aux terrils en passant par les beffrois. \u00ab\u00a0J&rsquo;ai lanc\u00e9 un appel \u00e0 contribution pour que les gens m&rsquo;envoient\u00a0des adresses \u00e0 int\u00e9grer sur le dessin, explique l&rsquo;illustrateur. Depuis ma carte du m\u00e9tro de Lille, on m&rsquo;a beaucoup demand\u00e9 une carte du Nord-Pas-de-Calais.\u00a0\u00bb<\/p>\n<p>Cette carte lilloise, on s&rsquo;en souvient. C&rsquo;\u00e9tait en <a target=\"_blank\" href=\"https:\/\/www.vozer.fr\/2020\/12\/11\/lillustrateur-alcatela-fait-le-buzz-avec-sa-carte-stylee-du-metro-de-lille\/\" rel=\"noopener\">d\u00e9cembre 2020<\/a> qu&rsquo;on avait interrog\u00e9 pour la premi\u00e8re fois Alexis\u00a0Carlier\u00a0(son vrai nom) qui travaillait \u00e0 l&rsquo;\u00e9poque pour la RATP en tant qu&rsquo;ing\u00e9nieur. \u00c0 l&rsquo;\u00e9poque, les ventes de ses affiches avaient explos\u00e9 au point que m\u00eame des personnalit\u00e9s politiques locales s&rsquo;en \u00e9taient procur\u00e9 une. \u00ab\u00a0J&rsquo;avais d\u00fb en r\u00e9imprimer, au point d&rsquo;atteindre 2 500 exemplaires\u00a0\u00bb, d\u00e9nombre le Parisien qui a fait une partie de ses \u00e9tudes entre Calais et Valenciennes.<\/p>\n<p>      <a data-fslightbox=\"lightbox-74375\" data-caption=\"La fameuse carte du m&#xE9;tro de Lille. &#xA9;Alcatela\" href=\"https:\/\/vozer.s3.eu-west-3.amazonaws.com\/production\/1764863871\/7ieztc6dgrqjexg4nj47e5veyr8f\/alcatela.jpg\" target=\"_blank\" rel=\"noopener\"><br \/>\n        <img decoding=\"async\" class=\"mw-100 lazy\" alt=\"La fameuse carte du m&#xE9;tro de Lille. &#xA9;Alcatela\" lazy=\"true\" src=\"https:\/\/www.europesays.com\/fr\/wp-content\/uploads\/2025\/12\/alcatela.webp.webp\"\/><br \/>\n      <\/a><br \/>\n        La fameuse carte du m\u00e9tro de Lille. \u00a9Alcatela<\/p>\n<p>  Le NPDC, un territoire \u00ab\u00a0chaleureux\u00a0\u00bb<\/p>\n<p>Aujourd&rsquo;hui, le trentenaire a r\u00e9ussi \u00e0 faire de son art son m\u00e9tier \u00e0 temps plein. Et s&rsquo;il cartographiait principalement des villes, il est r\u00e9cemment pass\u00e9 \u00e0 l&rsquo;\u00e9tape sup\u00e9rieure en dessinant des r\u00e9gions enti\u00e8res.\u00a0\u00ab\u00a0J&rsquo;ai fait la Bretagne en d\u00e9but d&rsquo;ann\u00e9e et le Jura, liste-t-il. Je voulais terminer l&rsquo;ann\u00e9e en faisant le Nord-Pas-de-Calais qui est une de mes r\u00e9gions pr\u00e9f\u00e9r\u00e9es.\u00a0\u00bb<\/p>\n<p>      <a data-fslightbox=\"lightbox-74377\" data-caption=\"La nouvelle carte du Nord et du Pas-de-Calais avec notamment 11 beffrois, 16 estaminets, 23 terrils et 117 friteries. @Alcatela\" href=\"https:\/\/vozer.s3.eu-west-3.amazonaws.com\/production\/1764863872\/xjoqynjijfz4ak2ijd6eyzpslxa5\/npdc_vdiffusable.jpg\" target=\"_blank\" rel=\"noopener\"><br \/>\n        <img decoding=\"async\" class=\"mw-100 lazy\" alt=\"La nouvelle carte du Nord et du Pas-de-Calais avec notamment 11 beffrois, 16 estaminets, 23 terrils et 117 friteries. @Alcatela\" lazy=\"true\" src=\"https:\/\/www.europesays.com\/fr\/wp-content\/uploads\/2025\/12\/npdc_vdiffusable.webp.webp\"\/><br \/>\n      <\/a><br \/>\n        La nouvelle carte du Nord et du Pas-de-Calais avec notamment 11 beffrois, 16 estaminets, 23 terrils et 117 friteries. @Alcatela<\/p>\n<p>La sauce Brazil, les pauses d\u00e9jeuner chez Flunch, les couchers de soleil sur la c\u00f4te d&rsquo;Opale, les fins de soir\u00e9es au Smile, les terrils sous la neige&#8230; avec sa carte r\u00e9alis\u00e9e en 22 jours, Alexis retourne dans ses souvenirs d&rsquo;\u00e9tudiant et rend hommage \u00e0 notre territoire et aux personnes qui le peuplent. \u00ab\u00a0C&rsquo;est une r\u00e9gion o\u00f9 \u00e7a rit fort et o\u00f9 les gens sont solidaires. C&rsquo;est pour illustrer cet aspect chaleureux que j&rsquo;ai choisi des couleurs chaudes.\u00a0\u00bb<\/p>\n<p>      <a data-fslightbox=\"lightbox-74379\" data-caption=\"Et voici Alexis. &#xA9;Alcatela\" href=\"https:\/\/vozer.s3.eu-west-3.amazonaws.com\/production\/1764863872\/6si7xb3fapy7stv9hzmzie2sat9m\/en-train-de-dessiner.jpeg\" target=\"_blank\" rel=\"noopener\"><br \/>\n        <img decoding=\"async\" class=\"mw-100 lazy\" alt=\"Et voici Alexis. &#xA9;Alcatela\" lazy=\"true\" src=\"https:\/\/www.europesays.com\/fr\/wp-content\/uploads\/2025\/12\/en-train-de-dessiner.webp.webp\"\/><br \/>\n      <\/a><br \/>\n        Et voici Alexis. \u00a9Alcatela<\/p>\n<p>  Une affiche en 1 000 exemplaires<\/p>\n<p>Si vous voulez l&rsquo;avoir sur votre mur, il est encore possible de la commander pour 49\u20ac (+5\u20ac de frais de livraison), on vous a le lien de son shop et dans les infos pratiques. Attention, il n&rsquo;y a que 1 000 exemplaires, num\u00e9rot\u00e9s et sign\u00e9s (Alexis les imprime par lot de 100). Les affiches sont imprim\u00e9es en format A2 en \u00ab\u00a0gicl\u00e9e print\u00a0qui est une technique d\u2019impression par encre puls\u00e9e qui permet de faire ressortir toute la puissance des couleurs\u00a0\u00bb, indique l&rsquo;artiste-cartographe. Il ne vous manquera plus que le cadre<\/p>\n","protected":false},"excerpt":{"rendered":"En 2020, sa carte illustr\u00e9e du m\u00e9tro de Lille avait fait le buzz. Et voil\u00e0 que fin 2025,&hellip;\n","protected":false},"author":2,"featured_media":580834,"comment_status":"","ping_status":"","sticky":false,"template":"","format":"standard","meta":{"footnotes":""},"categories":[2815],"tags":[1111,11,1777,674,1011,27,811,1307,12,25],"class_list":{"0":"post-580833","1":"post","2":"type-post","3":"status-publish","4":"format-standard","5":"has-post-thumbnail","7":"category-lille","8":"tag-actu","9":"tag-actualites","10":"tag-eu","11":"tag-europe","12":"tag-fr","13":"tag-france","14":"tag-hauts-de-france","15":"tag-lille","16":"tag-news","17":"tag-republique-francaise"},"share_on_mastodon":{"url":"https:\/\/pubeurope.com\/@fr\/115669384197927323","error":""},"_links":{"self":[{"href":"https:\/\/www.europesays.com\/fr\/wp-json\/wp\/v2\/posts\/580833","targetHints":{"allow":["GET"]}}],"collection":[{"href":"https:\/\/www.europesays.com\/fr\/wp-json\/wp\/v2\/posts"}],"about":[{"href":"https:\/\/www.europesays.com\/fr\/wp-json\/wp\/v2\/types\/post"}],"author":[{"embeddable":true,"href":"https:\/\/www.europesays.com\/fr\/wp-json\/wp\/v2\/users\/2"}],"replies":[{"embeddable":true,"href":"https:\/\/www.europesays.com\/fr\/wp-json\/wp\/v2\/comments?post=580833"}],"version-history":[{"count":0,"href":"https:\/\/www.europesays.com\/fr\/wp-json\/wp\/v2\/posts\/580833\/revisions"}],"wp:featuredmedia":[{"embeddable":true,"href":"https:\/\/www.europesays.com\/fr\/wp-json\/wp\/v2\/media\/580834"}],"wp:attachment":[{"href":"https:\/\/www.europesays.com\/fr\/wp-json\/wp\/v2\/media?parent=580833"}],"wp:term":[{"taxonomy":"category","embeddable":true,"href":"https:\/\/www.europesays.com\/fr\/wp-json\/wp\/v2\/categories?post=580833"},{"taxonomy":"post_tag","embeddable":true,"href":"https:\/\/www.europesays.com\/fr\/wp-json\/wp\/v2\/tags?post=580833"}],"curies":[{"name":"wp","href":"https:\/\/api.w.org\/{rel}","templated":true}]}}