{"id":580835,"date":"2025-12-05T22:44:12","date_gmt":"2025-12-05T22:44:12","guid":{"rendered":"https:\/\/www.europesays.com\/fr\/580835\/"},"modified":"2025-12-05T22:44:12","modified_gmt":"2025-12-05T22:44:12","slug":"la-reaction-seche-de-roberto-de-zerbi-sur-son-equipe-apres-la-defaite-a-lille","status":"publish","type":"post","link":"https:\/\/www.europesays.com\/fr\/580835\/","title":{"rendered":"la r\u00e9action s\u00e8che de Roberto De Zerbi sur son \u00e9quipe apr\u00e8s la d\u00e9faite \u00e0 Lille"},"content":{"rendered":"<p>Encore une occasion r\u00e2t\u00e9e. Douch\u00e9 \u00e0 domicile \u00e0 la derni\u00e8re minute par le TFC lors de la derni\u00e8re journ\u00e9e, l\u2019OM avait vu l\u2019opportunit\u00e9 de prendre seul la t\u00eate de la Ligue 1 s\u2019envoler. Ce vendredi soir, il fallait donc se rattraper avec un enjeu similaire. Gagner face au LOSC pour prendre la t\u00eate du championnat en attendant le match du PSG face \u00e0 Rennes. Mais l\u2019OM a encore d\u00e9\u00e7u. Plus encore que le week-end dernier. Rapidement men\u00e9e au score, la formation de De Zerbi n\u2019a jamais sembl\u00e9 capable de revenir dans la rencontre affichant une inqui\u00e9tante fragilit\u00e9 technique et tactique.<\/p>\n<p>            La suite apr\u00e8s cette publicit\u00e9<\/p>\n<p>Pourtant, sur le papier, l\u2019OM s\u2019\u00e9tait pr\u00e9sent\u00e9 avec une \u00e9quipe type et notamment avec le retour de son trio offensif Pavard, Aguerd et Balerdi. Mais les trois hommes ont sembl\u00e9 un cran en dessous tout comme la star offensive Greenwood qui a \u00e9t\u00e9 trop discret. Et si apr\u00e8s la rencontre Balerdi regrettait notamment le manque de pressing de son \u00e9quipe, son entra\u00eeneur Roberto De Zerbi n\u2019a pas \u00e9t\u00e9 aussi loin que \u00e7a dans l\u2019analyse. Pour lui, son \u00e9quipe a tout simplement \u00e9t\u00e9 mauvaise et il n\u2019avait pas vraiment de quoi expliquer les raisons. <\/p>\n<p>\u00abOn a mal jou\u00e9, la d\u00e9faite est m\u00e9rit\u00e9e et c\u2019est tout. Quand on joue mal, presque tous les joueurs, on dit que c\u2019est la faute de l\u2019entra\u00eeneur et tu m\u00e9rites de perdre. C\u2019\u00e9tait la m\u00eame \u00e9quipe, \u00e0 part H\u00f8jbjerg, qui a jou\u00e9 \u00e0 Lisbonne. L\u00e0-bas, on a gagn\u00e9 1-0 \u00e0 onze contre onze et on avait fait le meilleur match de la saison. Et aujourd\u2019hui c\u2019est le pire  match\u00bb, a-t-il lanc\u00e9 froidement. Relanc\u00e9 sur les raisons de cette performance, notamment sur cette d\u00e9fense \u00e0 5, le coach italien a \u00e9t\u00e9 tr\u00e8s clair.<\/p>\n<p>            La suite apr\u00e8s cette publicit\u00e9<\/p>\n<p>\u00abOn ne jouait pas \u00e0 5, ce soir on jouait \u00e0 4. Mais au-del\u00e0 de l\u2019aspect tactique, on avait du mal \u00e0 garder le ballon, faire trois passes d\u2019affil\u00e9e, on n\u2019avait aucun deuxi\u00e8me ballon, on d\u00e9fendait mal. Sans \u00e7a, c\u2019est dur de parler de tactique hein. Et donc, oui, on jouait \u00e0 4 avec Weah plus haut et Greenwood au dessus de lui encore. \u00bb Une r\u00e9action s\u00e8che de la part de De Zerbi qui a sembl\u00e9 agac\u00e9 au micro de BeIN Sports. On peut le comprendre puisque son \u00e9quipe perd encore des points et continue de ne pas profiter des rares contre-performances parisiennes<\/p>\n<p>\n    Pub. le 05\/12\/2025 23:38<br \/>\n            &#8211; MAJ le 05\/12\/2025 23:42\n    <\/p>\n","protected":false},"excerpt":{"rendered":"Encore une occasion r\u00e2t\u00e9e. Douch\u00e9 \u00e0 domicile \u00e0 la derni\u00e8re minute par le TFC lors de la derni\u00e8re&hellip;\n","protected":false},"author":2,"featured_media":580836,"comment_status":"","ping_status":"","sticky":false,"template":"","format":"standard","meta":{"footnotes":""},"categories":[2815],"tags":[1111,11,1777,674,1011,27,811,1307,12,25],"class_list":{"0":"post-580835","1":"post","2":"type-post","3":"status-publish","4":"format-standard","5":"has-post-thumbnail","7":"category-lille","8":"tag-actu","9":"tag-actualites","10":"tag-eu","11":"tag-europe","12":"tag-fr","13":"tag-france","14":"tag-hauts-de-france","15":"tag-lille","16":"tag-news","17":"tag-republique-francaise"},"share_on_mastodon":{"url":"https:\/\/pubeurope.com\/@fr\/115669386172315135","error":""},"_links":{"self":[{"href":"https:\/\/www.europesays.com\/fr\/wp-json\/wp\/v2\/posts\/580835","targetHints":{"allow":["GET"]}}],"collection":[{"href":"https:\/\/www.europesays.com\/fr\/wp-json\/wp\/v2\/posts"}],"about":[{"href":"https:\/\/www.europesays.com\/fr\/wp-json\/wp\/v2\/types\/post"}],"author":[{"embeddable":true,"href":"https:\/\/www.europesays.com\/fr\/wp-json\/wp\/v2\/users\/2"}],"replies":[{"embeddable":true,"href":"https:\/\/www.europesays.com\/fr\/wp-json\/wp\/v2\/comments?post=580835"}],"version-history":[{"count":0,"href":"https:\/\/www.europesays.com\/fr\/wp-json\/wp\/v2\/posts\/580835\/revisions"}],"wp:featuredmedia":[{"embeddable":true,"href":"https:\/\/www.europesays.com\/fr\/wp-json\/wp\/v2\/media\/580836"}],"wp:attachment":[{"href":"https:\/\/www.europesays.com\/fr\/wp-json\/wp\/v2\/media?parent=580835"}],"wp:term":[{"taxonomy":"category","embeddable":true,"href":"https:\/\/www.europesays.com\/fr\/wp-json\/wp\/v2\/categories?post=580835"},{"taxonomy":"post_tag","embeddable":true,"href":"https:\/\/www.europesays.com\/fr\/wp-json\/wp\/v2\/tags?post=580835"}],"curies":[{"name":"wp","href":"https:\/\/api.w.org\/{rel}","templated":true}]}}