{"id":580837,"date":"2025-12-05T22:45:14","date_gmt":"2025-12-05T22:45:14","guid":{"rendered":"https:\/\/www.europesays.com\/fr\/580837\/"},"modified":"2025-12-05T22:45:14","modified_gmt":"2025-12-05T22:45:14","slug":"un-violent-incendie-ravage-deux-etages-dun-immeuble-rue-de-crimee-a-marseille","status":"publish","type":"post","link":"https:\/\/www.europesays.com\/fr\/580837\/","title":{"rendered":"Un violent incendie ravage deux \u00e9tages d&rsquo;un immeuble rue de Crim\u00e9e \u00e0 Marseille"},"content":{"rendered":"<p>Un violent incendie s\u2019est d\u00e9clench\u00e9 ce vendredi soir 5\u00a0d\u00e9cembre dans un appartement du 3\u1d49 \u00e9tage d\u2019un immeuble rue de Crim\u00e9e, dans le <a href=\"https:\/\/www.laprovence.com\/article\/faits-divers-justice\/25047126293809\/deux-blesses-par-balles-dans-le-quartier-de-saint-lazare-a-marseille\" target=\"_blank\" rel=\"noopener\">quartier de Saint-Lazare<\/a> \u00e0 Marseille (3\u1d49 arrondissement) peu apr\u00e8s 21h.<\/p>\n<p>Les flammes, tr\u00e8s virulentes, ont rapidement gagn\u00e9 le 4\u1d49 et dernier \u00e9tage de l\u2019\u00e9difice. La cause du d\u00e9part de feu n\u2019est pas connue pour l\u2019heure.<\/p>\n<p>Une victime intoxiqu\u00e9e par les fum\u00e9es<\/p>\n<p>Une cinquantaine de <a href=\"https:\/\/www.laprovence.com\/article\/faits-divers-justice\/1477039022653115\/a-marseille-17-marins-pompiers-et-le-drapeau-du-bataillon-honores\" target=\"_blank\" rel=\"noopener\">marins-pompiers<\/a> \u00e9quip\u00e9s de 18 engins, dont trois lances \u00e0 incendie et une grande \u00e9chelle, sont intervenus et poursuivent actuellement les reconnaissances pour s\u2019assurer qu\u2019aucun point chaud ne demeure actif. Leur travail a notamment permis de pr\u00e9server les deux immeubles mitoyens, en danger imm\u00e9diat.<\/p>\n<p>\u00c0 l\u2019arriv\u00e9e des secours, les habitants avaient spontan\u00e9ment \u00e9vacu\u00e9 l\u2019immeuble. Une victime intoxiqu\u00e9e par les fum\u00e9es, un homme \u00e2g\u00e9 de 44 ans, a \u00e9t\u00e9 prise en charge et conduite \u00e0 l\u2019h\u00f4pital.<\/p>\n<p>\u00c0 cette heure, la rue de Crim\u00e9e demeure ferm\u00e9e. Le secteur routier est \u00e0 \u00e9viter afin de faciliter le travail des marins-pompiers.<\/p>\n","protected":false},"excerpt":{"rendered":"Un violent incendie s\u2019est d\u00e9clench\u00e9 ce vendredi soir 5\u00a0d\u00e9cembre dans un appartement du 3\u1d49 \u00e9tage d\u2019un immeuble rue&hellip;\n","protected":false},"author":2,"featured_media":580838,"comment_status":"","ping_status":"","sticky":false,"template":"","format":"standard","meta":{"footnotes":""},"categories":[2814],"tags":[17,1111,11,1102,2837,4070,21116,1777,674,274,1011,27,5480,1310,884,12,882,15428,25,17478],"class_list":{"0":"post-580837","1":"post","2":"type-post","3":"status-publish","4":"format-standard","5":"has-post-thumbnail","7":"category-marseille","8":"tag-17","9":"tag-actu","10":"tag-actualites","11":"tag-breakingnews","12":"tag-dun","13":"tag-deux","14":"tag-etages","15":"tag-eu","16":"tag-europe","17":"tag-faits-divers-justice","18":"tag-fr","19":"tag-france","20":"tag-immeuble","21":"tag-incendie","22":"tag-marseille","23":"tag-news","24":"tag-provence-alpes-cote-dazur","25":"tag-ravage","26":"tag-republique-francaise","27":"tag-violent"},"share_on_mastodon":{"url":"https:\/\/pubeurope.com\/@fr\/115669390032568638","error":""},"_links":{"self":[{"href":"https:\/\/www.europesays.com\/fr\/wp-json\/wp\/v2\/posts\/580837","targetHints":{"allow":["GET"]}}],"collection":[{"href":"https:\/\/www.europesays.com\/fr\/wp-json\/wp\/v2\/posts"}],"about":[{"href":"https:\/\/www.europesays.com\/fr\/wp-json\/wp\/v2\/types\/post"}],"author":[{"embeddable":true,"href":"https:\/\/www.europesays.com\/fr\/wp-json\/wp\/v2\/users\/2"}],"replies":[{"embeddable":true,"href":"https:\/\/www.europesays.com\/fr\/wp-json\/wp\/v2\/comments?post=580837"}],"version-history":[{"count":0,"href":"https:\/\/www.europesays.com\/fr\/wp-json\/wp\/v2\/posts\/580837\/revisions"}],"wp:featuredmedia":[{"embeddable":true,"href":"https:\/\/www.europesays.com\/fr\/wp-json\/wp\/v2\/media\/580838"}],"wp:attachment":[{"href":"https:\/\/www.europesays.com\/fr\/wp-json\/wp\/v2\/media?parent=580837"}],"wp:term":[{"taxonomy":"category","embeddable":true,"href":"https:\/\/www.europesays.com\/fr\/wp-json\/wp\/v2\/categories?post=580837"},{"taxonomy":"post_tag","embeddable":true,"href":"https:\/\/www.europesays.com\/fr\/wp-json\/wp\/v2\/tags?post=580837"}],"curies":[{"name":"wp","href":"https:\/\/api.w.org\/{rel}","templated":true}]}}