{"id":580843,"date":"2025-12-05T22:48:15","date_gmt":"2025-12-05T22:48:15","guid":{"rendered":"https:\/\/www.europesays.com\/fr\/580843\/"},"modified":"2025-12-05T22:48:15","modified_gmt":"2025-12-05T22:48:15","slug":"deja-la-foule-des-grands-soirs","status":"publish","type":"post","link":"https:\/\/www.europesays.com\/fr\/580843\/","title":{"rendered":"d\u00e9j\u00e0 la foule des grands soirs"},"content":{"rendered":"<p>Tout a commenc\u00e9 un peu laborieusement, pour ceux qui avaient choisi d\u2019entamer leur p\u00e9riple par le parc de la T\u00eate d\u2019Or. M\u00eame arriv\u00e9s \u00e0 18h, soit 1h avant le coup d\u2019envoi de cette \u00e9dition 2025 de la F\u00eate des Lumi\u00e8res, ils ont d\u00fb stagner dans une longue file d\u2019attente pendant pr\u00e8s de deux heures avant de pouvoir p\u00e9n\u00e9trer, enfin, dans l\u2019enceinte du parc.<\/p>\n<p>Heureusement, au bout du chemin, il y avait de splendides lueurs. Une f\u00e9erie a\u00e9rienne d\u00e9livr\u00e9e par 500 drones lumineux propuls\u00e9s pour la premi\u00e8re fois dans le ciel de la F\u00eate des Lumi\u00e8res domin\u00e9 par la Super Lune.<\/p>\n<p>  Geluck en personne<\/p>\n<p>Apr\u00e8s ce show achev\u00e9 en clin d\u2019\u0153il malicieux \u00e0 la Basilique de Fourvi\u00e8re, les visiteurs pouvaient tomber nez \u00e0 nez avec <a href=\"https:\/\/www.leprogres.fr\/culture-loisirs\/2025\/10\/14\/l-interview-chat-de-philippe-geluck-mon-lien-avec-lyon-c-est-l-amour-de-la-cuisine\" target=\"_blank\" rel=\"noopener\">Philippe Geluck<\/a> dans les all\u00e9es du parc. L\u2019artiste belge apostrophait la foule, post\u00e9 devant ses silhouettes de chat aussi dr\u00f4les que massives, se r\u00e9jouissant que le bronze de ses statues retrouve par endroits ses couleurs d\u2019origine, signe qu\u2019elles \u00e9taient abondamment touch\u00e9es par les visiteurs de passage.<\/p>\n<p>Dans le reste de la ville, c\u2019\u00e9tait aussi la foule des grands soirs, \u00e0 son aise sous un temps des plus cl\u00e9ments. Des dizaines de milliers de personnes qui ont pu sourire devant le Lundi, c\u2019est raviolis\u00a0! potache de la place des Terreaux, s\u2019extasier face \u00e0 la puissance cr\u00e9atrice de Lumina sur la cath\u00e9drale Saint-Jean ou s\u2019amuser, pour les plus jeunes, au sein de la boum g\u00e9ante install\u00e9e place Antonin Poncet.<\/p>\n<p>Les figures impos\u00e9es de toute F\u00eate des Lumi\u00e8res qui se respecte &#8211; stands improvis\u00e9s de vin chaud, fanfare s\u2019ambian\u00e7ant sur du Abba au coin d\u2019une rue- \u00e9taient aussi bien l\u00e0. A d\u00e9ambuler ainsi dans les rues bond\u00e9es de la ville, difficile de s\u2019apercevoir que ce cru 2025 contient notoirement moins d\u2019\u0153uvres lumineuses que les autres ann\u00e9es.<\/p>\n","protected":false},"excerpt":{"rendered":"Tout a commenc\u00e9 un peu laborieusement, pour ceux qui avaient choisi d\u2019entamer leur p\u00e9riple par le parc de&hellip;\n","protected":false},"author":2,"featured_media":580844,"comment_status":"","ping_status":"","sticky":false,"template":"","format":"standard","meta":{"footnotes":""},"categories":[1889],"tags":[1111,11,2430,1687,2757,1777,674,48836,1011,27,2428,2756,12,25],"class_list":{"0":"post-580843","1":"post","2":"type-post","3":"status-publish","4":"format-standard","5":"has-post-thumbnail","7":"category-lyon","8":"tag-actu","9":"tag-actualites","10":"tag-auvergne-rhone-alpes","11":"tag-culture-loisirs","12":"tag-edition-lyon-villeurbanne","13":"tag-eu","14":"tag-europe","15":"tag-fete-des-lumieres","16":"tag-fr","17":"tag-france","18":"tag-lyon","19":"tag-lyon-bassin","20":"tag-news","21":"tag-republique-francaise"},"share_on_mastodon":{"url":"https:\/\/pubeurope.com\/@fr\/115669401810578604","error":""},"_links":{"self":[{"href":"https:\/\/www.europesays.com\/fr\/wp-json\/wp\/v2\/posts\/580843","targetHints":{"allow":["GET"]}}],"collection":[{"href":"https:\/\/www.europesays.com\/fr\/wp-json\/wp\/v2\/posts"}],"about":[{"href":"https:\/\/www.europesays.com\/fr\/wp-json\/wp\/v2\/types\/post"}],"author":[{"embeddable":true,"href":"https:\/\/www.europesays.com\/fr\/wp-json\/wp\/v2\/users\/2"}],"replies":[{"embeddable":true,"href":"https:\/\/www.europesays.com\/fr\/wp-json\/wp\/v2\/comments?post=580843"}],"version-history":[{"count":0,"href":"https:\/\/www.europesays.com\/fr\/wp-json\/wp\/v2\/posts\/580843\/revisions"}],"wp:featuredmedia":[{"embeddable":true,"href":"https:\/\/www.europesays.com\/fr\/wp-json\/wp\/v2\/media\/580844"}],"wp:attachment":[{"href":"https:\/\/www.europesays.com\/fr\/wp-json\/wp\/v2\/media?parent=580843"}],"wp:term":[{"taxonomy":"category","embeddable":true,"href":"https:\/\/www.europesays.com\/fr\/wp-json\/wp\/v2\/categories?post=580843"},{"taxonomy":"post_tag","embeddable":true,"href":"https:\/\/www.europesays.com\/fr\/wp-json\/wp\/v2\/tags?post=580843"}],"curies":[{"name":"wp","href":"https:\/\/api.w.org\/{rel}","templated":true}]}}