{"id":580849,"date":"2025-12-05T22:54:47","date_gmt":"2025-12-05T22:54:47","guid":{"rendered":"https:\/\/www.europesays.com\/fr\/580849\/"},"modified":"2025-12-05T22:54:47","modified_gmt":"2025-12-05T22:54:47","slug":"une-boutique-ephemere-dediee-a-lalbum-wish-you-were-here-ouvrira-ses-portes-a-paris","status":"publish","type":"post","link":"https:\/\/www.europesays.com\/fr\/580849\/","title":{"rendered":"une boutique \u00e9ph\u00e9m\u00e8re d\u00e9di\u00e9e \u00e0 l&rsquo;album Wish You Were Here ouvrira ses portes \u00e0 Paris"},"content":{"rendered":"<p itemprop=\"description\"><strong>Pour c\u00e9l\u00e9brer le 50e anniversaire de sa publication, des boutiques \u00e9ph\u00e9m\u00e8res sp\u00e9ciales ouvrent leurs portes dans le monde entier, notamment \u00e0 Londres, Barcelone, Los Angeles, Paris, Berlin et Milan.<\/strong><\/p>\n<p>L\u00e9gende parmi les l\u00e9gendes, <a href=\"https:\/\/virginradio.fr\/news\/rock\/7825\/pink-floyd-apres-the-wall-david-gilmour-se-confie-sur-les-annees-sombre-du-groupe\" target=\"_blank\" rel=\"noopener\"><strong>Pink Floyd<\/strong> <\/a>continue de faire vibrer le monde cinq d\u00e9cennies apr\u00e8s avoir red\u00e9fini l\u2019histoire du rock. Alors que la r\u00e9\u00e9dition tant attendue de <strong>\u00ab WISH YOU WERE HERE 50 \u00bb<\/strong> d\u00e9barquera le <strong>12 d\u00e9cembre<\/strong> chez Sony Music, le groupe cr\u00e9e l\u2019\u00e9v\u00e9nement avec l\u2019ouverture de <strong>boutiques \u00e9ph\u00e9m\u00e8res<\/strong> dans plusieurs grandes capitales : <strong>Londres<\/strong>, <strong>Los Angeles<\/strong>, <strong>Barcelone<\/strong>, <strong>Paris<\/strong>, <strong>Berlin<\/strong> et, du <strong>12 au 14 d\u00e9cembre<\/strong>, <strong>Milan<\/strong>. Un v\u00e9ritable tour du monde floydien pour c\u00e9l\u00e9brer un monument absolu.<\/p>\n<p>Une r\u00e9\u00e9dition colossale pour un album immortel<\/p>\n<p>L\u2019attente autour de la nouvelle \u00e9dition de <strong>\u00ab Wish You Were Here \u00bb<\/strong> atteint son paroxysme. Et pour cause : cette version anniversaire propose un contenu d\u2019une richesse in\u00e9dite. On retrouvera l\u2019album original de 1975 sublim\u00e9 par un <strong>nouveau mix Dolby Atmos r\u00e9alis\u00e9 par James Guthrie<\/strong>, mais aussi <strong>25 titres bonus<\/strong>, dont <strong>6 in\u00e9dits<\/strong>, ainsi que <strong>16 bootlegs enregistr\u00e9s par Mike Millard et remasteris\u00e9s par Steven Wilson<\/strong>. Un tr\u00e9sor sonore qui promet de redonner une nouvelle dimension \u00e0 ce classique intemporel.<\/p>\n<p>Cette sortie exceptionnelle entend c\u00e9l\u00e9brer les <strong>50 ans<\/strong> d\u2019un album qui continue de toucher toutes les g\u00e9n\u00e9rations. Les th\u00e8mes de <strong>l\u2019absence<\/strong>, de <strong>l\u2019isolement<\/strong>, de <strong>la fugacit\u00e9<\/strong> ou encore la <strong>critique de l\u2019hypocrisie de l\u2019industrie musicale<\/strong>, magnifi\u00e9s par la pochette devenue iconique, r\u00e9sonnent toujours avec force aujourd\u2019hui. Le tout forme un hommage vibrant \u00e0 <strong>Syd Barrett<\/strong>, membre fondateur et figure fantomatique du groupe, dont l\u2019ombre plane sur chaque note.<\/p>\n<p>Avec le son cristallin du verre qui s\u2019entrechoque dans <strong>\u00ab Shine On You Crazy Diamond \u00bb<\/strong>, le solo bouleversant du morceau <strong>\u00ab Wish You Were Here \u00bb<\/strong>, ou encore la puissance retrouv\u00e9e du Dolby Atmos, cette r\u00e9\u00e9dition entend faire revivre l\u2019essence la plus pure du mythe floydien.<\/p>\n<p>Un album pilier de l\u2019histoire du rock<\/p>\n<p>Compos\u00e9 de moments l\u00e9gendaires, <strong>\u00ab Wish You Were Here \u00bb<\/strong> reste l\u2019un des sommets du rock progressif. De l\u2019\u00e9l\u00e9gie en plusieurs parties <strong>\u00ab Shine On You Crazy Diamond \u00bb<\/strong> d\u00e9di\u00e9e \u00e0 Syd Barrett, \u00e0 l\u2019hypnotique <strong>\u00ab Welcome To The Machine \u00bb<\/strong>, en passant par le venimeux <strong>\u00ab Have a Cigar \u00bb<\/strong> \u2014 o\u00f9 Roy Harper, invit\u00e9 surprise et non membre du groupe, l\u00e2che l\u2019immortel vers <strong>\u00ab Oh, by the way, who is Pink ? \u00bb<\/strong> \u2014 jusqu\u2019\u00e0 l\u2019in\u00e9vitable titre \u00e9ponyme, l\u2019album s\u2019impose comme une \u0153uvre totale, introspective et visionnaire.<\/p>\n<p>Paris ouvre sa boutique \u00e9ph\u00e9m\u00e8re : immersion garantie<\/p>\n<p>Pour marquer ce demi-si\u00e8cle d\u2019aura musicale, des <strong>boutiques \u00e9ph\u00e9m\u00e8res<\/strong> uniques ouvriront simultan\u00e9ment \u00e0 travers le monde. \u00c0 <strong>Londres<\/strong>, <strong>Barcelone<\/strong>, <strong>Los Angeles<\/strong> et <strong>Paris<\/strong>, ces espaces seront con\u00e7us en collaboration avec <strong>News &amp; Coffee Studio<\/strong>. D\u2019autres pop-up stores ouvriront \u00e9galement \u00e0 <strong>Berlin<\/strong> et <strong>Milan<\/strong>.<\/p>\n<p>Chacune de ces boutiques proposera une \u00e9dition exclusive du fanzine <strong>\u00ab Wish You Were Here 50 \u00bb<\/strong> issue de <strong>Brain Damage<\/strong>, r\u00e9interpr\u00e9tation dynamique du projet \u00e9ditorial fond\u00e9 dans les ann\u00e9es 1980 par <strong>Glenn Povey<\/strong>, r\u00e9f\u00e9rence absolue pour les passionn\u00e9s de <a href=\"https:\/\/virginradio.fr\/news\/rock\/7778\/pink-floyd-the-wall-fete-ses-46-ans-retour-sur-une-reference-absolue-des-albums-concepts\" target=\"_blank\" rel=\"noopener\">Pink Floyd.<\/a><\/p>\n<p>Les visiteurs pourront aussi mettre la main sur un <strong>tirage comm\u00e9moratif en \u00e9dition limit\u00e9e<\/strong> ainsi qu\u2019une <strong>s\u00e9lection de produits d\u00e9riv\u00e9s<\/strong>, tous propos\u00e9s <strong>en \u00e9dition limit\u00e9e<\/strong>. De quoi combler les fans, collectionneurs et r\u00eaveurs qui souhaitent replonger au c\u0153ur de l\u2019univers floydien.<\/p>\n","protected":false},"excerpt":{"rendered":"Pour c\u00e9l\u00e9brer le 50e anniversaire de sa publication, des boutiques \u00e9ph\u00e9m\u00e8res sp\u00e9ciales ouvrent leurs portes dans le monde&hellip;\n","protected":false},"author":2,"featured_media":580850,"comment_status":"","ping_status":"","sticky":false,"template":"","format":"standard","meta":{"footnotes":""},"categories":[1888],"tags":[1111,1928,11,1927,650,19312,7734,11500,2889,2263,1777,674,19311,1011,27,1922,6417,1114,19315,4662,19313,12,1926,19314,626,1925,19316,3725,1825,19310,66653,25,7040,3758,19307,19309,19308],"class_list":{"0":"post-580849","1":"post","2":"type-post","3":"status-publish","4":"format-standard","5":"has-post-thumbnail","7":"category-paris","8":"tag-actu","9":"tag-actu-paris","10":"tag-actualites","11":"tag-actualites-paris","12":"tag-cinema","13":"tag-dab","14":"tag-ecoute","15":"tag-electro","16":"tag-emission","17":"tag-equipe","18":"tag-eu","19":"tag-europe","20":"tag-fm","21":"tag-fr","22":"tag-france","23":"tag-info","24":"tag-information","25":"tag-infos","26":"tag-interviews-rock","27":"tag-journal","28":"tag-musique-rock","29":"tag-news","30":"tag-news-paris","31":"tag-nouveautes-rock","32":"tag-paris","33":"tag-paris-news","34":"tag-playlists-rock","35":"tag-podcast","36":"tag-radio","37":"tag-radio-en-ligne","38":"tag-radio-rock","39":"tag-republique-francaise","40":"tag-rock","41":"tag-station","42":"tag-virgin","43":"tag-virgin-radio","44":"tag-virginradio"},"share_on_mastodon":{"url":"https:\/\/pubeurope.com\/@fr\/115669429352911392","error":""},"_links":{"self":[{"href":"https:\/\/www.europesays.com\/fr\/wp-json\/wp\/v2\/posts\/580849","targetHints":{"allow":["GET"]}}],"collection":[{"href":"https:\/\/www.europesays.com\/fr\/wp-json\/wp\/v2\/posts"}],"about":[{"href":"https:\/\/www.europesays.com\/fr\/wp-json\/wp\/v2\/types\/post"}],"author":[{"embeddable":true,"href":"https:\/\/www.europesays.com\/fr\/wp-json\/wp\/v2\/users\/2"}],"replies":[{"embeddable":true,"href":"https:\/\/www.europesays.com\/fr\/wp-json\/wp\/v2\/comments?post=580849"}],"version-history":[{"count":0,"href":"https:\/\/www.europesays.com\/fr\/wp-json\/wp\/v2\/posts\/580849\/revisions"}],"wp:featuredmedia":[{"embeddable":true,"href":"https:\/\/www.europesays.com\/fr\/wp-json\/wp\/v2\/media\/580850"}],"wp:attachment":[{"href":"https:\/\/www.europesays.com\/fr\/wp-json\/wp\/v2\/media?parent=580849"}],"wp:term":[{"taxonomy":"category","embeddable":true,"href":"https:\/\/www.europesays.com\/fr\/wp-json\/wp\/v2\/categories?post=580849"},{"taxonomy":"post_tag","embeddable":true,"href":"https:\/\/www.europesays.com\/fr\/wp-json\/wp\/v2\/tags?post=580849"}],"curies":[{"name":"wp","href":"https:\/\/api.w.org\/{rel}","templated":true}]}}