{"id":580851,"date":"2025-12-05T22:58:12","date_gmt":"2025-12-05T22:58:12","guid":{"rendered":"https:\/\/www.europesays.com\/fr\/580851\/"},"modified":"2025-12-05T22:58:12","modified_gmt":"2025-12-05T22:58:12","slug":"fouilles-xxl-dans-les-cellules-cest-un-coup-depee-dans-leau-tacle-lancienne-directrice-de-la-prison-de-la-sante","status":"publish","type":"post","link":"https:\/\/www.europesays.com\/fr\/580851\/","title":{"rendered":"Fouilles XXL dans les cellules : \u00ab C\u2019est un coup d\u2019\u00e9p\u00e9e dans l\u2019eau \u00bb, tacle l&rsquo;ancienne directrice de la prison de la Sant\u00e9"},"content":{"rendered":"<p>                                            Soci\u00e9t\u00e9\n                                                                            <\/p>\n<p>\n                                            D&rsquo;importantes fouilles de cellules ont eu lieu, jeudi 4 d\u00e9cembre, dans toutes les prisons fran\u00e7aises. L&rsquo;objectif de cette op\u00e9ration d&rsquo;ampleur \u00e9tait notamment de vider les ge\u00f4les des t\u00e9l\u00e9phones portables ou d&rsquo;objets ill\u00e9gaux venus de l\u2019ext\u00e9rieur. Pour Flavie Rault, l&rsquo;ancienne directrice de la prison de la Sant\u00e9 cit\u00e9e par BFMTV, \u00ab\u00a0c&rsquo;est un coup d&rsquo;\u00e9p\u00e9e dans l&rsquo;eau\u00a0\u00bb.                                        <\/p>\n<p>                                                Publi\u00e9 le 5 d\u00e9cembre 2025 \u00e0 18h13                                                                                            <\/p>\n<p>                                            <img loading=\"lazy\" width=\"1024\" height=\"677\" src=\"https:\/\/www.europesays.com\/fr\/wp-content\/uploads\/2025\/12\/prison.jpeg\" class=\"attachment-post-thumbnail size-post-thumbnail wp-post-image\" alt=\"Une vaste op\u00e9ration de fouilles a \u00e9t\u00e9 lanc\u00e9e dans les prisons fran\u00e7aises. Photo d'illustration \u00a9 FOURMY MARIO\/SIPA\" decoding=\"async\"  \/><\/p>\n<p>                                            Une vaste op\u00e9ration de fouilles a \u00e9t\u00e9 lanc\u00e9e dans les prisons fran\u00e7aises. Photo d&rsquo;illustration \u00a9 FOURMY MARIO\/SIPA<\/p>\n<p>Le ministre de la Justice G\u00e9rald Darmanin avait ordonn\u00e9 une vaste op\u00e9ration de fouille des prisons fran\u00e7aises. Elle s\u2019est d\u00e9roul\u00e9e jeudi 4 d\u00e9cembre dans tous les \u00e9tablissements p\u00e9nitentiaires du pays. <a href=\"https:\/\/www.bfmtv.com\/police-justice\/les-detenus-ont-un-temps-d-avance-comment-des-objets-interdits-arrivent-dans-les-cellules-des-prisons-francaises_AV-202512050705.html\" target=\"_blank\" rel=\"nofollow noopener\">Comme le r\u00e9v\u00e8le BFMTV<\/a>, 400 t\u00e9l\u00e9phones, 600 objets interdits et plusieurs kilos de drogues ont \u00e9t\u00e9 retrouv\u00e9s dans les cellules des 26 premi\u00e8res prisons concern\u00e9es.<\/p>\n<p><a href=\"https:\/\/www.valeursactuelles.com\/faits-divers\/tours-un-narcotrafiquant-organisant-des-go-fast-depuis-sa-cellule-libere-de-prison-sur-un-vice-de-procedure\" class=\"h-flex h-align-items-center h-border-tb h-ptb-15\" target=\"_blank\" rel=\"noopener\">A\u00a0LIRE\u00a0Tours : un narcotrafiquant organisant des go-fast depuis sa cellule lib\u00e9r\u00e9 de prison sur un vice de proc\u00e9dure<\/a>\u00ab\u00a0Ces objets seront de retour dans les cellules dans quelques jours\u00a0\u00bb<\/p>\n<p>Pour Flavie Rault, secr\u00e9taire g\u00e9n\u00e9rale du syndicat national des directeurs p\u00e9nitentiaires et ancienne directrice de <a href=\"https:\/\/www.valeursactuelles.com\/faits-divers\/info-va-paris-des-cocktails-molotov-lances-contre-la-prison-de-la-sante-deux-mineurs-interpelles\" target=\"_blank\" rel=\"noopener\">la prison de la Sant\u00e9<\/a>, en revanche, cette op\u00e9ration n\u2019a rien de convaincant. \u00ab\u00a0C\u2019est un coup d\u2019\u00e9p\u00e9e dans l\u2019eau, l\u00e2che-t-elle. Vu toutes les portes d\u2019entr\u00e9e qu\u2019ont ces objets dans les \u00e9tablissements qui ont \u00e9t\u00e9 fouill\u00e9s, ils seront de retour dans les cellules dans quelques jours.\u00a0\u00bb<\/p>\n<p>L\u2019une des portes d\u2019entr\u00e9e de <a href=\"https:\/\/www.valeursactuelles.com\/regions\/bourgogne-franche-comte\/cote-dor\/dijon\/faits-divers\/dijon-deux-detenus-sevadent-de-la-maison-darret-en-sciant-les-barreaux-de-leur-cellule\" target=\"_blank\" rel=\"noopener\">ces objets illicites<\/a> : le parloir. BFMTV prend l\u2019exemple de la Sant\u00e9, qui compte 50 parloirs. Les agents p\u00e9nitentiaires ont 15 minutes pour les faire \u00e9vacuer et en assurer le planning. \u00ab\u00a0C\u2019est tr\u00e8s compliqu\u00e9 de bien fouiller autant de personnes en si peu de temps. On a une carence d\u2019effectif qui s\u2019ajoute \u00e0 la surpopulation carc\u00e9rale\u00a0\u00bb, pointe Flavie Rault.<\/p>\n<p><a href=\"https:\/\/www.valeursactuelles.com\/regions\/normandie\/orne\/na\/societe\/prison-de-conde-sur-sarthe-face-aux-menaces-des-narcotrafiquants-les-surveillants-travaillent-cagoules\" class=\"h-flex h-align-items-center h-border-tb h-ptb-15\" target=\"_blank\" rel=\"noopener\">A\u00a0LIRE\u00a0Prison de Cond\u00e9-sur-Sarthe : face aux menaces des narcotrafiquants, les surveillants travaillent cagoul\u00e9s<\/a><\/p>\n<p>Les complices des d\u00e9tenus livrent aussi par drone. Et les dispositifs de lutte anti-drone ont une efficacit\u00e9 relative, selon elle. Laquelle d\u00e9nonce aussi certains \u00ab\u00a0narcotrafiquants qui ont des ressources assez consid\u00e9rables pour corrompre des gens de la fonction publique\u00a0\u00bb. Avant de conclure : \u00ab\u00a0Il y a quand m\u00eame une prise de conscience tr\u00e8s nette de la n\u00e9cessit\u00e9 de travailler sur ces questions, mais encore assez peu d\u2019outils et assez peu d\u2019objectivation\u00a0\u00bb.<\/p>\n","protected":false},"excerpt":{"rendered":"Soci\u00e9t\u00e9 D&rsquo;importantes fouilles de cellules ont eu lieu, jeudi 4 d\u00e9cembre, dans toutes les prisons fran\u00e7aises. L&rsquo;objectif de&hellip;\n","protected":false},"author":2,"featured_media":580852,"comment_status":"","ping_status":"","sticky":false,"template":"","format":"standard","meta":{"footnotes":""},"categories":[1888],"tags":[11,1777,674,1011,27,432,12,626,806,45344,807,25,9232],"class_list":{"0":"post-580851","1":"post","2":"type-post","3":"status-publish","4":"format-standard","5":"has-post-thumbnail","7":"category-paris","8":"tag-actualites","9":"tag-eu","10":"tag-europe","11":"tag-fr","12":"tag-france","13":"tag-gerald-darmanin","14":"tag-news","15":"tag-paris","16":"tag-prison","17":"tag-prison-de-la-sante","18":"tag-prisonniers","19":"tag-republique-francaise","20":"tag-surpopulation-carcerale"},"share_on_mastodon":{"url":"https:\/\/pubeurope.com\/@fr\/115669442379458664","error":""},"_links":{"self":[{"href":"https:\/\/www.europesays.com\/fr\/wp-json\/wp\/v2\/posts\/580851","targetHints":{"allow":["GET"]}}],"collection":[{"href":"https:\/\/www.europesays.com\/fr\/wp-json\/wp\/v2\/posts"}],"about":[{"href":"https:\/\/www.europesays.com\/fr\/wp-json\/wp\/v2\/types\/post"}],"author":[{"embeddable":true,"href":"https:\/\/www.europesays.com\/fr\/wp-json\/wp\/v2\/users\/2"}],"replies":[{"embeddable":true,"href":"https:\/\/www.europesays.com\/fr\/wp-json\/wp\/v2\/comments?post=580851"}],"version-history":[{"count":0,"href":"https:\/\/www.europesays.com\/fr\/wp-json\/wp\/v2\/posts\/580851\/revisions"}],"wp:featuredmedia":[{"embeddable":true,"href":"https:\/\/www.europesays.com\/fr\/wp-json\/wp\/v2\/media\/580852"}],"wp:attachment":[{"href":"https:\/\/www.europesays.com\/fr\/wp-json\/wp\/v2\/media?parent=580851"}],"wp:term":[{"taxonomy":"category","embeddable":true,"href":"https:\/\/www.europesays.com\/fr\/wp-json\/wp\/v2\/categories?post=580851"},{"taxonomy":"post_tag","embeddable":true,"href":"https:\/\/www.europesays.com\/fr\/wp-json\/wp\/v2\/tags?post=580851"}],"curies":[{"name":"wp","href":"https:\/\/api.w.org\/{rel}","templated":true}]}}