{"id":580855,"date":"2025-12-05T23:00:12","date_gmt":"2025-12-05T23:00:12","guid":{"rendered":"https:\/\/www.europesays.com\/fr\/580855\/"},"modified":"2025-12-05T23:00:12","modified_gmt":"2025-12-05T23:00:12","slug":"replay-guerre-en-ukraine-reputation-detruite-consequences-considerables-la-menace-de-poutine-a-lue-si-elle-utilise-les-avoirs-russes","status":"publish","type":"post","link":"https:\/\/www.europesays.com\/fr\/580855\/","title":{"rendered":"REPLAY. Guerre en Ukraine\u00a0: \u00ab\u00a0r\u00e9putation d\u00e9truite\u00a0\u00bb, \u00ab\u00a0cons\u00e9quences consid\u00e9rables\u00a0\u00bb\u2026 la menace de Poutine \u00e0 l\u2019UE si elle utilise les avoirs russes"},"content":{"rendered":"<p>23h12.Fin du direct<\/p>\n<p class=\"live-post__amorce\">Ce direct est d\u00e9sormais termin\u00e9, merci de l&rsquo;avoir suivi. Bonne soir\u00e9e. <\/p>\n<p>19h05.La menace de Poutine \u00e0 l&rsquo;UE\u00a0<\/p>\n<p class=\"live-post__amorce\">Selon lui, la r\u00e9putation de l&rsquo;UE dans le monde des affaires <strong> \u00ab\u00a0pourrait \u00eatre d\u00e9truite\u00a0\u00bb<\/strong> , \u00e9voquant aussi d'\u00a0\u00bbinterminables proc\u00e9dures judiciaires\u00a0\u00bb, et un \u00ab\u00a0chemin vers l&rsquo;anarchie juridique et la destruction des fondements du syst\u00e8me financier mondial\u00a0\u00bb dont l&rsquo;Europe serait la premi\u00e8re victime. \u00ab\u00a0Nous sommes confiants sur le fait que Bruxelles et Berlin comprennent cela\u00a0\u00bb, a-t-il estim\u00e9.<\/p>\n<p>18h44.Le recours aux avoirs russes pour l&rsquo;Ukraine aura des \u00ab\u00a0cons\u00e9quences consid\u00e9rables\u00a0\u00bb pour l&rsquo;UE, met en garde la Russie<\/p>\n<p class=\"live-post__amorce\">Le recours aux avoirs russes gel\u00e9s en Europe pour financer l&rsquo;Ukraine aura des <strong> \u00ab\u00a0cons\u00e9quences consid\u00e9rables\u00a0\u00bb<\/strong>  pour l&rsquo;Union europ\u00e9enne, a d\u00e9clar\u00e9 l&rsquo;ambassadeur russe \u00e0 Berlin vendredi, au moment o\u00f9 le chancelier allemand et le Premier ministre belge doivent discuter du sujet.<br \/>\u00ab\u00a0Toute op\u00e9ration avec les avoirs souverains de la Russie  <strong>sans l&rsquo;accord de la Russie serait du vol.<\/strong>  Et il est clair que le vol de fonds de l&rsquo;Etat russe aura des cons\u00e9quences d&rsquo;ampleur\u00a0\u00bb, a dit, dans un communiqu\u00e9 l&rsquo;ambassadeur de Russie \u00e0 Berlin, Sergue\u00ef Netcha\u00efev.<\/p>\n<p>17h24.\u00a0\u00bbLe processus diplomatique se d\u00e9roule principalement en coulisses, (&#8230;) les positions sont claires\u00a0\u00bb, commente un conseiller de Zelenksy, sur X<\/p>\n<p class=\"live-post__amorce\">Mykha\u00eflo Podoliak, un conseiller de la pr\u00e9sidence ukrainienne, a soulign\u00e9 sur X que si \u00ab\u00a0le processus diplomatique se d\u00e9roule principalement en coulisses, (&#8230;) les positions sont claires\u00a0\u00bb. \u00ab\u00a0L&rsquo;Ukraine veut la fin de la guerre et est pr\u00eat \u00e0 des discussions\u00a0\u00bb, a-t-il dit.<\/p>\n<blockquote data-class=\"twitter-tweet\">\n<p lang=\"en\" dir=\"ltr\">The diplomatic process takes place mostly behind the scenes. But even through the veil of rhetoric and disinformation, the positions are clear.<br \/>\u2022 Ukraine seeks to end the war and is ready for talks. We rely on facts, maintain our agency, and will not accept imposed conditions\u2026<\/p>\n<p>\u2014 \u041c\u0438\u0445\u0430\u0439\u043b\u043e \u041f\u043e\u0434\u043e\u043b\u044f\u043a (@Podolyak_M) <a href=\"https:\/\/twitter.com\/Podolyak_M\/status\/1996961956188557485?ref_src=twsrc%5Etfw\" target=\"_blank\" rel=\"noopener\">December 5, 2025<\/a><\/p><\/blockquote>\n<p>17h22.De nouvelles discussions entre Ukrainiens et Am\u00e9ricains pr\u00e9vues ce vendredi \u00e0 Miami, selon Kiev<\/p>\n<p class=\"live-post__amorce\">De nouveaux entretiens entre Ukrainiens et Am\u00e9ricains sont pr\u00e9vus ce vendredi \u00e0 Miami en Floride pour discuter du plan am\u00e9ricain visant \u00e0 mettre fin \u00e0 la guerre avec la Russie, a indiqu\u00e9 responsable \u00e0 Kiev.<\/p>\n<p>15h38.\u00a0\u00bbNe c\u00e9dez pas aux sir\u00e8nes de la division\u00a0\u00bb, lance Macron \u00e0 la fin de son voyage en Chine<\/p>\n<p class=\"live-post__amorce\">\u00ab\u00a0Ne c\u00e9dez pas aux sir\u00e8nes de la division\u00a0\u00bb : le pr\u00e9sident fran\u00e7ais Emmanuel Macron a achev\u00e9 vendredi sa visite d&rsquo;Etat en Chine sur un message choc \u00e0 des \u00e9tudiants, apr\u00e8s une s\u00e9quence plus intimiste avec son homologue Xi Jinping.<br \/>Durant une heure d&rsquo;\u00e9change, il a tir\u00e9, \u00e0 coup de formules choc, les conclusions de sa visite d&rsquo;Etat entam\u00e9e mercredi soir et durant laquelle <strong> il a appel\u00e9 la Chine \u00e0 faire pression sur la Russie pour mettre fin \u00e0 la guerre en Ukraine <\/strong> et \u00e0 r\u00e9duire les d\u00e9s\u00e9quilibres commerciaux.<\/p>\n<p>15h35.Trump red\u00e9finit sa strat\u00e9gie de s\u00e9curit\u00e9 \u00e0 l&rsquo;\u00e9chelle mondiale<\/p>\n<p class=\"live-post__amorce\">L&rsquo;administration Trump a publi\u00e9 vendredi un document qui red\u00e9finit sa <strong> \u00ab\u00a0Strat\u00e9gie de s\u00e9curit\u00e9 nationale\u00a0\u00bb <\/strong> anticipant l'\u00a0\u00bbeffacement civilisationnel\u00a0\u00bb de l&rsquo;Europe et pr\u00f4nant la lutte contre les \u00ab\u00a0migrations de masse\u00a0\u00bb et la restauration de \u00ab\u00a0la supr\u00e9matie am\u00e9ricaine en Am\u00e9rique latine\u00a0\u00bb.<br \/>\u00ab\u00a0Dans tout ce que nous faisons, nous mettons <strong> l&rsquo;Am\u00e9rique d&rsquo;abord\u00a0\u00bb<\/strong> , r\u00e9sume Donald Trump dans une pr\u00e9face au document de 33 pages, qui exhorte \u00e0 \u00ab\u00a0prot\u00e9ger le pays contre les invasions\u00a0\u00bb.<br \/><strong>\u00ab\u00a0Si les tendances actuelles se poursuivent, le continent (europ\u00e9en) sera m\u00e9connaissable dans 20 ans ou moins\u00a0\u00bb<\/strong> , affirme-t-il, alors que les relations entre les Etats-Unis et l&rsquo;Union europ\u00e9enne se tendent, sur fond de n\u00e9gociations pour mettre fin \u00e0 la guerre entre la Russie et l&rsquo;Ukraine sans participation active du vieux continent.<\/p>\n<p>11h26.Poutine promet de continuer de \u00ab\u00a0livre du p\u00e9trole sans interruption\u00a0\u00bb \u00e0 l&rsquo;Inde<\/p>\n<p class=\"live-post__amorce\">Il ne c\u00e9dera point aux pression am\u00e9ricaines. Vladimir Poutine a promis qu&rsquo;il allait continuer de \u00ab\u00a0livrer du p\u00e9trole sans interruption\u00a0\u00bb \u00e0 l&rsquo;Inde. Le pr\u00e9sident russe \u00e9tait en Inde ce vendredi pour \u00e9changer avec le Premier ministre indien Narendra Modi afin de resserrer les liens entre les deux pays. Les d\u00e9clarations de Poutine font face aux multiples pressions des Etats-Unis \u00e0 l&rsquo;Inde afin qu&rsquo;elle cesse d&rsquo;acheter du p\u00e9trole russe en pleine guerre en Ukraine.<\/p>\n<p class=\"live-post__amorce\">En effet, en 2023, New Delhi est devenu le premier acheteur de p\u00e9trole russe, avec pr\u00e8s de 40% de ses importations de brut provenant d\u00e9sormais de Russie. Ce brut \u00e0 prix r\u00e9duit aurait permis \u00e0 l&rsquo;Inde d&rsquo;\u00e9conomiser entre 10 et 13 milliards de dollars sur 2023\u20132024.<\/p>\n<p>10h19.La Russie \u00ab\u00a0veux tout et pas la paix\u00a0\u00bb<\/p>\n<p class=\"live-post__amorce\">En d\u00e9placement en Chine, Emmanuel Macron a appel\u00e9 \u00e0 \u00ab\u00a0garder une pr\u00e9f\u00e9rence europ\u00e9enne\u00a0\u00bb dans la gestion de la guerre en Ukraine. Selon lui, la Russie \u00ab\u00a0souhaite la reddition de l&rsquo;Ukraine, elle veut tout et pas la paix\u00a0\u00bb. Le pr\u00e9sident estime n\u00e9anmoins qu&rsquo;il existe \u00ab\u00a0une volont\u00e9 de la Chine de contribuer \u00e0 la paix\u00a0\u00bb. <\/p>\n<p class=\"live-post__amorce\">Emmanuel Macron est indirectement revenu sur les propos rapport\u00e9s par le magazine allemand Der Spiegel et attribu\u00e9s au pr\u00e9sident fran\u00e7ais qui aurait dit craindre \u00ab\u00a0un risque que les \u00c9tats-Unis trahissent l&rsquo;Ukraine\u00a0\u00bb. Il assure que l&rsquo;unit\u00e9 entre Am\u00e9ricains et Europ\u00e9ens est \u00ab\u00a0indispensable\u00a0\u00bb en Ukraine. Il indique qu&rsquo;il ne \u00ab\u00a0faut c\u00e9der \u00e0 aucun esprit de division entre l&rsquo;Europe et les \u00c9tats-Unis\u00a0\u00bb, selon lui. Le chef de l&rsquo;Etat appelle \u00e0 maintenir \u00ab\u00a0l&rsquo;effort de guerre\u00a0\u00bb et accro\u00eetre \u00ab\u00a0la pression sur l&rsquo;\u00e9conomie russe\u00a0\u00bb.<\/p>\n<p>10h14.Le Kremlin \u00ab\u00a0attend la r\u00e9action des Am\u00e9ricains\u00a0\u00bb apr\u00e8s la discussion entre Vladimir Poutine et Steve Witkoff<\/p>\n<p class=\"live-post__amorce\">Le conseiller diplomatique du pr\u00e9sident russe, Iouri Ouchakov, a indiqu\u00e9 vendredi qu\u2019une nouvelle entrevue entre Vladimir Poutine et Donald Trump restait possible. \u00ab\u00a0Cela pourrait \u00eatre facilement organis\u00e9 si n\u00e9cessaire\u00a0\u00bb, a-t-il d\u00e9clar\u00e9, pr\u00e9cisant qu&rsquo;un rendez-vous n&rsquo;avait pas encore \u00e9t\u00e9 fix\u00e9. Il est \u00e9galement revenu sur la r\u00e9union marathon tenue \u00e0 Moscou entre Poutine et l\u2019\u00e9missaire de Trump, Steve Witkoff, en affirmant que \u00ab\u00a0le Kremlin attend maintenant la r\u00e9action des coll\u00e8gues am\u00e9ricains\u00a0\u00bb.<\/p>\n<p>09h32.La FIFA mise en cause sur des paiements vers la Russie malgr\u00e9 les sanctions<\/p>\n<p class=\"live-post__amorce\">Selon une enqu\u00eate publi\u00e9e par  <a href=\"https:\/\/www.ftm.eu\/articles\/fifa-orders-european-clubs-to-ignore-sanctions-on-russia\" target=\"_blank\" rel=\"noopener noreferrer nofollow\" class=\"\">Follow the Money<\/a> , la FIFA aurait fait pression sur plusieurs clubs europ\u00e9ens pour qu\u2019ils r\u00e8glent des indemnit\u00e9s de transfert dues \u00e0 des clubs russes, malgr\u00e9 les sanctions internationales et les restrictions bancaires en vigueur. Les clubs concern\u00e9s se retrouvent face \u00e0 un dilemme : payer leurs arri\u00e9r\u00e9s au risque d\u2019enfreindre les sanctions. Depuis l\u2019invasion \u00e0 grande \u00e9chelle de l\u2019Ukraine en 2022, le tribunal arbitral du football de la FIFA a examin\u00e9 13 dossiers impliquant des litiges de paiement datant d\u2019apr\u00e8s la mise en place des sanctions contre Moscou, selon le m\u00e9dia d\u2019investigation.<\/p>\n<p>08h38.Cinq drones rep\u00e9r\u00e9s pr\u00e8s de l\u2019avion de Volodymyr Zelensky<\/p>\n<p class=\"live-post__amorce\">Un navire militaire irlandais a rep\u00e9r\u00e9 cinq drones non identifi\u00e9s proches de la trajectoire de l&rsquo;avion transportant Volodymyr Zelensky \u00e0 Dublin, lundi 1er d\u00e9cembre.  Une alerte de s\u00e9curit\u00e9 a \u00e9t\u00e9 d\u00e9clench\u00e9e, par crainte que les engins perturbent la trajectoire de l\u2019appareil. Ils \u00e9taient \u00e0 l\u2019endroit exact o\u00f9 l\u2019avion devait passer s\u2019il n\u2019avait pas \u00e9t\u00e9 l\u00e9g\u00e8rement en avance. Aucun incident n\u2019a donc eu lieu. Une enqu\u00eate est en cours. L\u2019origine des drones est pour l\u2019instant inconnue. Les autorit\u00e9s consid\u00e8rent cet incident comme une tentative potentielle de perturbation du trafic a\u00e9rien plut\u00f4t que comme une attaque cibl\u00e9e.<\/p>\n<p>07h44.Moscou affirme avoir abattu 41 drones ukrainiens dans la nuit<\/p>\n<p class=\"live-post__amorce\">La Russie annonce que sa d\u00e9fense a\u00e9rienne a intercept\u00e9 41 drones ukrainiens dans la nuit de jeudi \u00e0 vendredi. Selon le minist\u00e8re de la d\u00e9fense, neuf appareils auraient \u00e9t\u00e9 d\u00e9truits au-dessus de l\u2019oblast de Samara, neuf au-dessus de la Crim\u00e9e, huit au-dessus de Saratov, sept sur l\u2019oblast de Volgograd, sept sur celui de Rostov, ainsi qu\u2019un appareil intercept\u00e9 dans le kra\u00ef de Krasnodar.<\/p>\n<p>07h43.L\u2019arm\u00e9e ukrainienne revendique Pokrovsk<\/p>\n<p class=\"live-post__amorce\">Le commandant en chef ukrainien, Oleksandr Syrsky, affirme que les forces de Kiev contr\u00f4lent toujours la partie nord de Pokrovsk. Il ajoute que les unit\u00e9s ukrainiennes bloquent les tentatives russes de regrouper leurs forces d\u2019assaut et de progresser dans les secteurs de Pokrovsk et de Myrnohrad.<\/p>\n<p>07h41.Poutine dit vouloir poursuivre les n\u00e9gociations tout en promettant une victoire militaire<\/p>\n<p class=\"live-post__amorce\">Dans un entretien diffus\u00e9 par une cha\u00eene indienne, Vladimir Poutine a d\u00e9crit les discussions en cours avec les \u00c9tats-Unis comme \u00ab\u00a0complexes\u00a0\u00bb, mais a jug\u00e9 n\u00e9cessaire de s\u2019y \u00ab\u00a0engager\u00a0\u00bb plut\u00f4t que de les freiner. Un peu plus t\u00f4t, le pr\u00e9sident russe avait assur\u00e9 que la Russie \u00ab\u00a0lib\u00e9rera\u00a0\u00bb le Donbass et la Novorossia \u00ab\u00a0par la force des armes\u00a0\u00bb si les Ukrainiens refusent de se retirer. Il a \u00e9galement indiqu\u00e9 que \u00ab\u00a0la Russie n\u2019a pas accept\u00e9 certains points des propositions de paix des \u00c9tats-Unis sur l\u2019Ukraine\u00a0\u00bb.<\/p>\n<p>07h40.M\u00e9fiance europ\u00e9enne envers les pourparlers am\u00e9ricains<\/p>\n<p class=\"live-post__amorce\">Selon des notes confidentielles r\u00e9v\u00e9l\u00e9es par Der Spiegel et partag\u00e9es avec Le Monde, Friedrich Merz, Emmanuel Macron et plusieurs dirigeants europ\u00e9ens feraient preuve d\u2019une profonde d\u00e9fiance vis-\u00e0-vis des n\u00e9gociateurs am\u00e9ricains charg\u00e9s de mettre fin \u00e0 la guerre en Ukraine. Ces remarques auraient \u00e9t\u00e9 tenues lors d\u2019un appel t\u00e9l\u00e9phonique lundi, illustrant la fracture grandissante entre Washington et plusieurs capitales europ\u00e9ennes sur la conduite des discussions.<\/p>\n<p>07h37.L\u2019Otan peut aussi se montrer \u00ab\u00a0proactif\u00a0\u00bb, selon son g\u00e9n\u00e9ral en chef<\/p>\n<p class=\"live-post__amorce\">L\u2019Otan est capable de r\u00e9pondre aux attaques hybrides qui se multiplient, y compris en cr\u00e9ant des \u00ab\u00a0difficult\u00e9s\u00a0\u00bb \u00e0 la Russie, en se montrant \u00ab\u00a0proactif\u00a0\u00bb, a affirm\u00e9 jeudi le commandant supr\u00eame des forces alli\u00e9es en Europe, le g\u00e9n\u00e9ral am\u00e9ricain Alexus Grynkewich. \u00ab\u00a0Si la Russie tente de nous poser des probl\u00e8mes, alors peut-\u00eatre qu\u2019il existe des moyens pour leur cr\u00e9er aussi des probl\u00e8mes\u00a0\u00bb, a-t-il affirm\u00e9 depuis le quartier-g\u00e9n\u00e9ral des forces alli\u00e9es en Europe pr\u00e8s de Mons dans le sud de la Belgique.<\/p>\n<p class=\"live-post__amorce\">\u00ab\u00a0Nous pensons aussi \u00e0 \u00eatre proactifs, c\u2019est le mot que j\u2019utiliserais\u00a0\u00bb, a-t-il ajout\u00e9, se refusant toutefois \u00e0 donner plus de d\u00e9tails. \u00ab\u00a0Je ne veux pas entrer dans les d\u00e9tails sur la mani\u00e8re dont nous pourrions poser ces probl\u00e8mes\u00a0\u00bb, a-t-il expliqu\u00e9, soulignant aussi que l\u2019Otan \u00e9tait une \u00ab\u00a0alliance d\u00e9fensive\u00a0\u00bb et qu\u2019il n\u2019y avait \u00ab\u00a0rien d\u2019offensif\u00a0\u00bb dans sa r\u00e9ponse.<\/p>\n<p>07h36.Bienvenue dans ce direct<\/p>\n<p class=\"live-post__amorce\">Bonjour \u00e0 tous ! Dans ce live, nous vous partagerons toute l\u2019actualit\u00e9 li\u00e9e \u00e0 la guerre en Ukraine de ce jeudi 4 d\u00e9cembre, ainsi que nos d\u00e9cryptages sur le conflit. Vous pouvez retrouver dans  <a href=\"https:\/\/www.ladepeche.fr\/actu\/international\/crise-en-ukraine\/\" target=\"_blank\" rel=\"noopener noreferrer nofollow\" class=\"\"><strong>cette rubrique<\/strong><\/a>  tous nos articles sur le sujet.<\/p>\n<p><script async src=\"https:\/\/platform.twitter.com\/widgets.js\" charset=\"utf-8\"><\/script><\/p>\n","protected":false},"excerpt":{"rendered":"23h12.Fin du direct Ce direct est d\u00e9sormais termin\u00e9, merci de l&rsquo;avoir suivi. Bonne soir\u00e9e. 19h05.La menace de Poutine&hellip;\n","protected":false},"author":2,"featured_media":580856,"comment_status":"","ping_status":"","sticky":false,"template":"","format":"standard","meta":{"footnotes":""},"categories":[1591],"tags":[11,1887,329,131,14,12,1885,1886,132],"class_list":{"0":"post-580855","1":"post","2":"type-post","3":"status-publish","4":"format-standard","5":"has-post-thumbnail","7":"category-russie","8":"tag-actualites","9":"tag-federation-de-russie","10":"tag-france-monde","11":"tag-guerre-en-ukraine","12":"tag-international","13":"tag-news","14":"tag-russia","15":"tag-russian-federation","16":"tag-russie"},"share_on_mastodon":{"url":"https:\/\/pubeurope.com\/@fr\/115669449048165941","error":""},"_links":{"self":[{"href":"https:\/\/www.europesays.com\/fr\/wp-json\/wp\/v2\/posts\/580855","targetHints":{"allow":["GET"]}}],"collection":[{"href":"https:\/\/www.europesays.com\/fr\/wp-json\/wp\/v2\/posts"}],"about":[{"href":"https:\/\/www.europesays.com\/fr\/wp-json\/wp\/v2\/types\/post"}],"author":[{"embeddable":true,"href":"https:\/\/www.europesays.com\/fr\/wp-json\/wp\/v2\/users\/2"}],"replies":[{"embeddable":true,"href":"https:\/\/www.europesays.com\/fr\/wp-json\/wp\/v2\/comments?post=580855"}],"version-history":[{"count":0,"href":"https:\/\/www.europesays.com\/fr\/wp-json\/wp\/v2\/posts\/580855\/revisions"}],"wp:featuredmedia":[{"embeddable":true,"href":"https:\/\/www.europesays.com\/fr\/wp-json\/wp\/v2\/media\/580856"}],"wp:attachment":[{"href":"https:\/\/www.europesays.com\/fr\/wp-json\/wp\/v2\/media?parent=580855"}],"wp:term":[{"taxonomy":"category","embeddable":true,"href":"https:\/\/www.europesays.com\/fr\/wp-json\/wp\/v2\/categories?post=580855"},{"taxonomy":"post_tag","embeddable":true,"href":"https:\/\/www.europesays.com\/fr\/wp-json\/wp\/v2\/tags?post=580855"}],"curies":[{"name":"wp","href":"https:\/\/api.w.org\/{rel}","templated":true}]}}