{"id":580859,"date":"2025-12-05T23:02:25","date_gmt":"2025-12-05T23:02:25","guid":{"rendered":"https:\/\/www.europesays.com\/fr\/580859\/"},"modified":"2025-12-05T23:02:25","modified_gmt":"2025-12-05T23:02:25","slug":"aux-etats-unis-cette-decision-sur-le-vaccin-contre-lhepatite-b-laisse-craindre-le-pire","status":"publish","type":"post","link":"https:\/\/www.europesays.com\/fr\/580859\/","title":{"rendered":"Aux \u00c9tats-Unis, cette d\u00e9cision sur le vaccin contre l\u2019h\u00e9patite B laisse craindre le pire"},"content":{"rendered":"<p>        <img decoding=\"async\" loading=\"lazy\" src=\"https:\/\/www.europesays.com\/fr\/wp-content\/uploads\/2025\/12\/34c0fde_sirius-fs-upload-1-szxni6nj31hf-1748581948702-000-48kt9nr.jpg\"  width=\"728\" height=\"409\" alt=\"Aux Etats-Unis, cette d\u00e9cision sur le vaccin contre l\u2019h\u00e9patite B laisse craindre le pire. (photo d\u2019illustration de Donald Trump et son ministre de la Sant\u00e9 Robert Kennedy Jr.)\"\/>  <\/p>\n<p>JIM WATSON \/ AFP<\/p>\n<p>Aux Etats-Unis, cette d\u00e9cision sur le vaccin contre l\u2019h\u00e9patite B laisse craindre le pire. (photo d\u2019illustration de Donald Trump et son ministre de la Sant\u00e9 Robert Kennedy Jr.)<\/p>\n<p class=\"asset asset-text\">La nouvelle fait grincer les dents de nombreux soignants. <a href=\"https:\/\/www.huffingtonpost.fr\/international\/article\/robert-kennedy-jr-nomme-la-star-des-antivax-robert-malone-dans-son-equipe-chargee-des-vaccins_251236.html\" target=\"_blank\" rel=\"noopener\">Un groupe d\u2019experts<\/a> nomm\u00e9s par le ministre de la Sant\u00e9 vaccinosceptique de <a href=\"https:\/\/www.huffingtonpost.fr\/international\/video\/paracetamol-autisme-hepatite-donald-trump-multiplie-les-fake-news-medicales-en-un-discours_255137.html\" target=\"_blank\" rel=\"noopener\">Donald Trump<\/a>, Robert Kennedy\u00a0Jr., a d\u00e9cid\u00e9 ce vendredi 5\u00a0d\u00e9cembre de cesser de recommander le vaccin contre l\u2019h\u00e9patite B \u00e0 l\u2019ensemble des nouveau-n\u00e9s. Adopt\u00e9e par huit voix contre trois, cette d\u00e9cision devrait \u00eatre suivie par les autorit\u00e9s f\u00e9d\u00e9rales am\u00e9ricaines et conduire \u00e0 la fin de l\u2019actuelle politique de pr\u00e9vention du pays, en vigueur depuis plus de 30\u00a0ans.<\/p>\n<p class=\"asset asset-text\">Selon la nouvelle recommandation, l\u2019administration d\u2019une premi\u00e8re dose de vaccin contre l\u2019h\u00e9patite B \u2013 sur trois \u2013 dans les premi\u00e8res heures de la vie d\u2019un enfant ne serait plus syst\u00e9matiquement recommand\u00e9e aux b\u00e9b\u00e9s dont la m\u00e8re a \u00e9t\u00e9 test\u00e9e n\u00e9gative. Ce changement majeur a \u00e9t\u00e9 imm\u00e9diatement d\u00e9nonc\u00e9 par des associations de soignants comme injustifi\u00e9 et m\u00eame dangereux.<\/p>\n<p class=\"asset asset-text\">Elles pointent notamment des failles dans le d\u00e9pistage des m\u00e8res aux \u00c9tats-Unis et de la possibilit\u00e9 que les nouveau-n\u00e9s soient contamin\u00e9s par d\u2019autres personnes de leur entourage. Cela \u00ab\u00a0entra\u00eenera une augmentation des infections par l\u2019h\u00e9patite B chez les nourrissons et les enfants\u00a0\u00bb a ainsi fustig\u00e9 Susan Kressly, pr\u00e9sidente de l\u2019Acad\u00e9mie am\u00e9ricaine de p\u00e9diatrie.<\/p>\n<p>    La remise en cause d\u2019une politique vaccinale datant de 1991    <\/p>\n<p class=\"asset asset-text\">Le Comit\u00e9 consultatif sur les pratiques de vaccination (ACIP), enti\u00e8rement remani\u00e9 plus t\u00f4t cette ann\u00e9e par le ministre vaccinosceptique <a href=\"https:\/\/www.huffingtonpost.fr\/international\/article\/aux-etats-unis-ces-grandes-etudes-sur-le-vaccin-contre-le-papillomavirus-clouent-le-bec-de-robert-kennedy-jr_257798.html\" target=\"_blank\" rel=\"noopener\">Robert Kennedy\u00a0Jr<\/a>. a \u00e9galement recommand\u00e9 qu\u2019un test s\u00e9rologique puisse \u00eatre r\u00e9alis\u00e9 apr\u00e8s une premi\u00e8re injection pour \u00e9valuer la n\u00e9cessit\u00e9 de doses futures. L\u2019h\u00e9patite B est une maladie virale du foie qui peut notamment \u00eatre transmise par la m\u00e8re lors de l\u2019accouchement et qui expose les personnes touch\u00e9es \u00e0 un risque \u00e9lev\u00e9 de d\u00e9c\u00e8s par cirrhose ou cancer du foie.<\/p>\n<p class=\"asset asset-text\">La recommandation de vacciner l\u2019ensemble des nouveau-n\u00e9s, soutenue par l\u2019OMS, avait \u00e9t\u00e9 instaur\u00e9e aux \u00c9tats-Unis en 1991 et a permis de quasiment \u00e9radiquer les infections chez les jeunes dans le pays, selon les autorit\u00e9s. En amont du vote, le docteur Cody Meissner, l\u2019une des rares voix dissidentes du comit\u00e9 enti\u00e8rement remani\u00e9 par le ministre Robert Kennedy\u00a0Jr, connu pour ses positions antivaccins, avait exhort\u00e9 ses coll\u00e8gues \u00e0 ne pas changer les recommandations en vigueur.<\/p>\n<p class=\"asset asset-text\">\u00ab\u00a0En modifiant la formulation de cette recommandation, nous causons du tort\u00a0\u00bb, avait-il alert\u00e9. D\u2019autres membres d\u00e9fendaient au contraire une mesure permettant d\u2019aligner la politique vaccinale am\u00e9ricaine sur celle d\u2019autres pays comme la France, malgr\u00e9 les avertissements d\u2019experts pointant les probl\u00e8mes de surveillance et d\u2019acc\u00e8s aux soins sp\u00e9cifiques aux \u00c9tats-Unis.<\/p>\n<p>    La d\u00e9cision ne fait pas l\u2019unanimit\u00e9 chez les R\u00e9publicains    <\/p>\n<p class=\"asset asset-text\">D\u00e9sormais compos\u00e9 de personnalit\u00e9s pour beaucoup critiqu\u00e9es pour leur manque d\u2019expertise ou pour avoir relay\u00e9 de fausses informations sur les vaccins, le groupe avait d\u00e9j\u00e0 modifi\u00e9 en septembre les recommandations vaccinales sur le Covid-19 et la rougeole. Il a \u00e9galement entrepris vendredi une r\u00e9vision plus large du calendrier vaccinal des enfants, des travaux auxquels a particip\u00e9 l\u2019avocat am\u00e9ricain Aaron Siri, un proche de Robert Kennedy\u00a0Jr. connu pour avoir relay\u00e9 comme lui des th\u00e9ories infond\u00e9es sur le sujet.<\/p>\n<p class=\"asset asset-text\">Cette initiative suscite l\u2019inqui\u00e9tude au sein de la communaut\u00e9 m\u00e9dicale am\u00e9ricaine, qui accuse le groupe de chercher restreindre les acc\u00e8s aux vaccins, alors m\u00eame que les taux de vaccination du pays \u00e9voluent \u00e0 la baisse depuis la pand\u00e9mie et font craindre le retour de maladies contagieuses mortelles, comme la rougeole. En r\u00e9action, plusieurs institutions scientifiques am\u00e9ricaines et \u00c9tats d\u00e9mocrates ont r\u00e9cemment annonc\u00e9 cesser de suivre les recommandations de ce groupe et \u00e9laborer leurs propres directives.<\/p>\n<p class=\"asset asset-text\">Au sein m\u00eame du Parti r\u00e9publicain, la d\u00e9cision de l\u2019ACIP vendredi a fait des remous, le s\u00e9nateur Bill Cassidy, m\u00e9decin de formation, ayant exhort\u00e9 sur X les autorit\u00e9s f\u00e9d\u00e9rales \u00e0 ne pas la mettre en \u0153uvre. Une fois adopt\u00e9es, ces recommandations dictent la prise en charge ou non de certains vaccins par des assurances et programmes des vaccinations. Un d\u00e9tail qui compte dans un pays o\u00f9 le prix d\u2019un seul vaccin peut s\u2019\u00e9lever \u00e0 plusieurs centaines de dollars.<\/p>\n","protected":false},"excerpt":{"rendered":"JIM WATSON \/ AFP Aux Etats-Unis, cette d\u00e9cision sur le vaccin contre l\u2019h\u00e9patite B laisse craindre le pire.&hellip;\n","protected":false},"author":2,"featured_media":580860,"comment_status":"","ping_status":"","sticky":false,"template":"","format":"standard","meta":{"footnotes":""},"categories":[1589],"tags":[11,73,1866,14,12,1864,1865,1863,308,773],"class_list":{"0":"post-580859","1":"post","2":"type-post","3":"status-publish","4":"format-standard","5":"has-post-thumbnail","7":"category-etats-unis","8":"tag-actualites","9":"tag-etats-unis","10":"tag-etats-unis-damerique","11":"tag-international","12":"tag-news","13":"tag-united-states","14":"tag-united-states-of-america","15":"tag-us","16":"tag-usa","17":"tag-vaccin"},"share_on_mastodon":{"url":"https:\/\/pubeurope.com\/@fr\/115669457652135734","error":""},"_links":{"self":[{"href":"https:\/\/www.europesays.com\/fr\/wp-json\/wp\/v2\/posts\/580859","targetHints":{"allow":["GET"]}}],"collection":[{"href":"https:\/\/www.europesays.com\/fr\/wp-json\/wp\/v2\/posts"}],"about":[{"href":"https:\/\/www.europesays.com\/fr\/wp-json\/wp\/v2\/types\/post"}],"author":[{"embeddable":true,"href":"https:\/\/www.europesays.com\/fr\/wp-json\/wp\/v2\/users\/2"}],"replies":[{"embeddable":true,"href":"https:\/\/www.europesays.com\/fr\/wp-json\/wp\/v2\/comments?post=580859"}],"version-history":[{"count":0,"href":"https:\/\/www.europesays.com\/fr\/wp-json\/wp\/v2\/posts\/580859\/revisions"}],"wp:featuredmedia":[{"embeddable":true,"href":"https:\/\/www.europesays.com\/fr\/wp-json\/wp\/v2\/media\/580860"}],"wp:attachment":[{"href":"https:\/\/www.europesays.com\/fr\/wp-json\/wp\/v2\/media?parent=580859"}],"wp:term":[{"taxonomy":"category","embeddable":true,"href":"https:\/\/www.europesays.com\/fr\/wp-json\/wp\/v2\/categories?post=580859"},{"taxonomy":"post_tag","embeddable":true,"href":"https:\/\/www.europesays.com\/fr\/wp-json\/wp\/v2\/tags?post=580859"}],"curies":[{"name":"wp","href":"https:\/\/api.w.org\/{rel}","templated":true}]}}