{"id":580863,"date":"2025-12-05T23:04:30","date_gmt":"2025-12-05T23:04:30","guid":{"rendered":"https:\/\/www.europesays.com\/fr\/580863\/"},"modified":"2025-12-05T23:04:30","modified_gmt":"2025-12-05T23:04:30","slug":"recherche-pour-meurtre-en-allemagne-un-homme-interpelle-pour-vol-en-gare-de-poitiers","status":"publish","type":"post","link":"https:\/\/www.europesays.com\/fr\/580863\/","title":{"rendered":"Recherch\u00e9 pour meurtre en Allemagne, un homme interpell\u00e9 pour vol en gare de Poitiers"},"content":{"rendered":"<p>Poursuivi pour un vol aggrav\u00e9 dans un train en France. Assign\u00e9 \u00e0 r\u00e9sidence en Espagne. Sous le coup d\u2019un mandat d\u2019arr\u00eat europ\u00e9en pour r\u00e9pondre d\u2019homicide volontaire en Allemagne. Un homme \u00e2g\u00e9 de 27\u00a0ans, de nationalit\u00e9 alg\u00e9rienne, cumule. Il a eu droit \u00e0 deux rendez-vous en moins de trois jours avec la justice \u00e0 Poitiers. Mercredi 3\u00a0d\u00e9cembre 2025, il a \u00e9t\u00e9 jug\u00e9 pour un vol aggrav\u00e9 avec deux autres hommes commis dans le train Lourdes-Paris, exceptionnellement arr\u00eat\u00e9 en gare de Poitiers pour permettre leurs interpellations.<\/p>\n<p>Il a \u00e9t\u00e9 condamn\u00e9 \u00e0 cinq mois de prison ferme et maintien en d\u00e9tention par les juges du tribunal correctionnel de Poitiers, \u00e0 l\u2019issue d\u2019un proc\u00e8s en comparution imm\u00e9diate&#8230;. <\/p>\n<p>    Cet article a \u00e9t\u00e9 tronqu\u00e9. Abonnez-vous pour lire l&rsquo;article complet sur notre site.<\/p>\n<p style=\"margin: 0 !important; padding: 0 !important; font-size: 12px !important;\">Cet article a \u00e9t\u00e9 tronqu\u00e9. Abonnez-vous pour lire l&rsquo;article complet.<\/p>\n<p>    <a href=\"https:\/\/www.lanouvellerepublique.fr\/abonnements\" style=\"display: inline-block; margin-top: 5px !important; padding: 6px 12px !important; background: #cb1c27; color: white; text-decoration: none; border-radius: 4px; font-size: 12px !important;\" target=\"_blank\" rel=\"noopener\"><br \/>\n      S&rsquo;abonner<br \/>\n    <\/a><\/p>\n","protected":false},"excerpt":{"rendered":"Poursuivi pour un vol aggrav\u00e9 dans un train en France. Assign\u00e9 \u00e0 r\u00e9sidence en Espagne. Sous le coup&hellip;\n","protected":false},"author":2,"featured_media":580864,"comment_status":"","ping_status":"","sticky":false,"template":"","format":"standard","meta":{"footnotes":""},"categories":[1587],"tags":[1392,11,672,1804,9856,1805,1803,1777,674,274,1801,12,1653,1802,1584],"class_list":{"0":"post-580863","1":"post","2":"type-post","3":"status-publish","4":"format-standard","5":"has-post-thumbnail","7":"category-allemagne","8":"tag-a-la-une-local","9":"tag-actualites","10":"tag-allemagne","11":"tag-bundesrepublik-deutschland","12":"tag-cour-dappel","13":"tag-de","14":"tag-deutschland","15":"tag-eu","16":"tag-europe","17":"tag-faits-divers-justice","18":"tag-germany","19":"tag-news","20":"tag-poitiers","21":"tag-republique-federale-dallemagne","22":"tag-vienne"},"share_on_mastodon":{"url":"https:\/\/pubeurope.com\/@fr\/115669464756258126","error":""},"_links":{"self":[{"href":"https:\/\/www.europesays.com\/fr\/wp-json\/wp\/v2\/posts\/580863","targetHints":{"allow":["GET"]}}],"collection":[{"href":"https:\/\/www.europesays.com\/fr\/wp-json\/wp\/v2\/posts"}],"about":[{"href":"https:\/\/www.europesays.com\/fr\/wp-json\/wp\/v2\/types\/post"}],"author":[{"embeddable":true,"href":"https:\/\/www.europesays.com\/fr\/wp-json\/wp\/v2\/users\/2"}],"replies":[{"embeddable":true,"href":"https:\/\/www.europesays.com\/fr\/wp-json\/wp\/v2\/comments?post=580863"}],"version-history":[{"count":0,"href":"https:\/\/www.europesays.com\/fr\/wp-json\/wp\/v2\/posts\/580863\/revisions"}],"wp:featuredmedia":[{"embeddable":true,"href":"https:\/\/www.europesays.com\/fr\/wp-json\/wp\/v2\/media\/580864"}],"wp:attachment":[{"href":"https:\/\/www.europesays.com\/fr\/wp-json\/wp\/v2\/media?parent=580863"}],"wp:term":[{"taxonomy":"category","embeddable":true,"href":"https:\/\/www.europesays.com\/fr\/wp-json\/wp\/v2\/categories?post=580863"},{"taxonomy":"post_tag","embeddable":true,"href":"https:\/\/www.europesays.com\/fr\/wp-json\/wp\/v2\/tags?post=580863"}],"curies":[{"name":"wp","href":"https:\/\/api.w.org\/{rel}","templated":true}]}}