{"id":580872,"date":"2025-12-05T23:09:18","date_gmt":"2025-12-05T23:09:18","guid":{"rendered":"https:\/\/www.europesays.com\/fr\/580872\/"},"modified":"2025-12-05T23:09:18","modified_gmt":"2025-12-05T23:09:18","slug":"la-france-et-la-chine-affirment-leur-volonte-de-renforcer-leur-partenariat-agricole-lors-de-la-visite-de-macron-a-pekin","status":"publish","type":"post","link":"https:\/\/www.europesays.com\/fr\/580872\/","title":{"rendered":"La France et la Chine affirment leur volont\u00e9 de renforcer leur partenariat agricole lors de la visite de Macron \u00e0 P\u00e9kin"},"content":{"rendered":"<p>AA \/ Chicago \/ Ayse Betul Akcesme<\/p>\n<p>La France et la Chine ont r\u00e9affirm\u00e9 leur volont\u00e9 d\u2019approfondir leur partenariat agricole \u00e0 l\u2019occasion de la visite d\u2019\u00c9tat du pr\u00e9sident fran\u00e7ais Emmanuel Macron en Chine, du 3 au 5 d\u00e9cembre 2025, selon un communiqu\u00e9 de l\u2019\u00c9lys\u00e9e publi\u00e9 vendredi.<\/p>\n<p>Les deux chefs d\u2019\u00c9tat ont rappel\u00e9 \u00ab la place essentielle de l\u2019agriculture \u00bb dans la relation bilat\u00e9rale et leur engagement \u00e0 mettre en \u0153uvre la d\u00e9claration conjointe du 7 avril 2023 ainsi que l\u2019initiative \u00ab De la ferme fran\u00e7aise \u00e0 la table chinoise \u00bb lanc\u00e9e par Xi Jinping la m\u00eame ann\u00e9e.<\/p>\n<p>Le communiqu\u00e9 souligne que la France et la Chine, pr\u00e9sent\u00e9es comme \u00ab deux puissances agricoles majeures \u00bb, partagent les m\u00eames priorit\u00e9s : s\u2019adapter au changement climatique, am\u00e9liorer la qualit\u00e9 et l\u2019efficacit\u00e9 des fili\u00e8res gr\u00e2ce aux technologies et aux pratiques agro\u00e9cologiques, mieux r\u00e9mun\u00e9rer les agriculteurs, dynamiser les territoires ruraux et renforcer la s\u00e9curit\u00e9 alimentaire mondiale. <\/p>\n<p>Les pr\u00e9sidents ont r\u00e9affirm\u00e9 leur volont\u00e9 de renforcer la coop\u00e9ration et les \u00e9changes agricoles, en s\u2019engageant \u00e0 garantir des \u00ab conditions de concurrence loyale \u00bb, conformes aux r\u00e8gles de l\u2019Organisation mondiale du commerce (OMC) et de l\u2019Organisation mondiale de la Sant\u00e9 animale (OMSA).<\/p>\n<p>La France et la Chine ont \u00e9galement salu\u00e9 le renouvellement de l\u2019arrangement administratif entre l\u2019Administration nationale chinoise de r\u00e9gulation des march\u00e9s (SAMR) et le minist\u00e8re fran\u00e7ais de l\u2019Agriculture pour la d\u00e9l\u00e9gation d\u2019audits li\u00e9s \u00e0 l\u2019\u00e9valuation des recettes de lait infantile, une priorit\u00e9 dans le domaine de la s\u00e9curit\u00e9 sanitaire des aliments.<\/p>\n<p>Les deux pays se sont f\u00e9licit\u00e9s de la mise en application de l\u2019accord de reconnaissance du zonage en cas de foyer d\u2019influenza aviaire hautement pathog\u00e8ne (IAHP), sign\u00e9 lors de la visite d\u2019\u00c9tat de mai 2024, et ont exprim\u00e9 leur soutien \u00e0 l\u2019\u00e9valuation de son d\u00e9ploiement.<\/p>\n<p>Dans le secteur vitivinicole, Paris et P\u00e9kin ont salu\u00e9 la mise en \u0153uvre active du protocole renouvel\u00e9 en 2024 sur la coop\u00e9ration en mati\u00e8re d\u2019indications g\u00e9ographiques agricoles et alimentaires, incluant la reconnaissance par la Chine de 70 appellations de vin de Bourgogne.<\/p>\n<p>Les deux capitales ont enfin exprim\u00e9 leur soutien \u00e0 l\u2019approfondissement de leur coop\u00e9ration dans l\u2019enseignement sup\u00e9rieur agricole, la formation professionnelle, le vin et l\u2019\u00e9levage bovin, ainsi qu\u2019\u00e0 l\u2019intensification du partenariat agroalimentaire. <\/p>\n<p>Elles entendent \u00ab explorer de nouveaux mod\u00e8les et de nouveaux domaines \u00bb, notamment autour des coop\u00e9ratives, et encourager la participation directe des entreprises et organisations professionnelles agricoles des deux pays.<\/p>\n<p>                            &#13;<br \/>\n                                <a href=\"https:\/\/www.aa.com.tr\/fr\/p\/abonnement\/1001\" target=\"_blank\" style=\"font-size:12px; color:#444; text-decoration:none;\" rel=\"noopener\">&#13;<br \/>\n                                    Seulement une partie des d\u00e9p\u00eaches, que l&rsquo;Agence Anadolu diffuse \u00e0 ses abonn\u00e9s via le Syst\u00e8me de Diffusion interne (HAS), est diffus\u00e9e sur le site de l&rsquo;AA, de mani\u00e8re r\u00e9sum\u00e9e. <b style=\"color:#1897F7\">Contactez-nous s&rsquo;il vous pla\u00eet pour vous abonner.<\/b>&#13;<br \/>\n                                <\/a>&#13;<\/p>\n","protected":false},"excerpt":{"rendered":"AA \/ Chicago \/ Ayse Betul Akcesme La France et la Chine ont r\u00e9affirm\u00e9 leur volont\u00e9 d\u2019approfondir leur&hellip;\n","protected":false},"author":2,"featured_media":580873,"comment_status":"","ping_status":"","sticky":false,"template":"","format":"standard","meta":{"footnotes":""},"categories":[4],"tags":[11,1785,309,69471,1011,27,12,25],"class_list":{"0":"post-580872","1":"post","2":"type-post","3":"status-publish","4":"format-standard","5":"has-post-thumbnail","7":"category-france","8":"tag-actualites","9":"tag-anadolu-ajansi","10":"tag-chine","11":"tag-coopration-agricole","12":"tag-fr","13":"tag-france","14":"tag-news","15":"tag-republique-francaise"},"share_on_mastodon":{"url":"https:\/\/pubeurope.com\/@fr\/115669484401671495","error":""},"_links":{"self":[{"href":"https:\/\/www.europesays.com\/fr\/wp-json\/wp\/v2\/posts\/580872","targetHints":{"allow":["GET"]}}],"collection":[{"href":"https:\/\/www.europesays.com\/fr\/wp-json\/wp\/v2\/posts"}],"about":[{"href":"https:\/\/www.europesays.com\/fr\/wp-json\/wp\/v2\/types\/post"}],"author":[{"embeddable":true,"href":"https:\/\/www.europesays.com\/fr\/wp-json\/wp\/v2\/users\/2"}],"replies":[{"embeddable":true,"href":"https:\/\/www.europesays.com\/fr\/wp-json\/wp\/v2\/comments?post=580872"}],"version-history":[{"count":0,"href":"https:\/\/www.europesays.com\/fr\/wp-json\/wp\/v2\/posts\/580872\/revisions"}],"wp:featuredmedia":[{"embeddable":true,"href":"https:\/\/www.europesays.com\/fr\/wp-json\/wp\/v2\/media\/580873"}],"wp:attachment":[{"href":"https:\/\/www.europesays.com\/fr\/wp-json\/wp\/v2\/media?parent=580872"}],"wp:term":[{"taxonomy":"category","embeddable":true,"href":"https:\/\/www.europesays.com\/fr\/wp-json\/wp\/v2\/categories?post=580872"},{"taxonomy":"post_tag","embeddable":true,"href":"https:\/\/www.europesays.com\/fr\/wp-json\/wp\/v2\/tags?post=580872"}],"curies":[{"name":"wp","href":"https:\/\/api.w.org\/{rel}","templated":true}]}}