{"id":580874,"date":"2025-12-05T23:11:11","date_gmt":"2025-12-05T23:11:11","guid":{"rendered":"https:\/\/www.europesays.com\/fr\/580874\/"},"modified":"2025-12-05T23:11:11","modified_gmt":"2025-12-05T23:11:11","slug":"il-a-un-talent-incroyable-le-nouveau-passeur-de-montpellier-surprend-par-sa-taille-comme-par-ses-qualites","status":"publish","type":"post","link":"https:\/\/www.europesays.com\/fr\/580874\/","title":{"rendered":"\u00ab\u00a0Il a un talent incroyable\u00a0\u00bb, le nouveau passeur de Montpellier surprend par sa taille comme par ses qualit\u00e9s"},"content":{"rendered":"<p>\n                                                                Matias Sanchez, arriv\u00e9 cet \u00e9t\u00e9 \u00e0 Montpellier, et ses partenaires re\u00e7oivent Saint-Nazaire en championnat, samedi (20h), au Palais des sports de Castelnau.\n                            <\/p>\n<p>Depuis le d\u00e9but de la saison, un petit Argentin se balade sur le terrain. Il porte le maillot de Montpellier, mesure 1,73m et fait sensation avec son jeu atypique fait de passes rapides pour des attaquants qui se r\u00e9galent.<\/p>\n<p>Matias Sanchez a remplac\u00e9 l\u2019international fran\u00e7ais Rapha\u00ebl Corre, parti faire le bonheur d\u2019un club en Turquie, et le Sud-Am\u00e9ricain se sent d\u00e9j\u00e0 comme chez lui \u00e0 Montpellier\u00a0: \u00ab\u00a0Je me sens bien, confirme le joueur de 29 ans arriv\u00e9 en provenance du championnat polonais o\u00f9 il \u00e9voluait \u00e0 Suwalki avec le central tricolore Quentin Jouffroy. La vie, les gens et la culture ici se rapprochent de ce que je connais en Argentine. Depuis le d\u00e9but de la saison, on progresse et on joue mieux \u00e0 chaque match. C\u2019est dommage d\u2019avoir autant de bless\u00e9s mais on est quand m\u00eame premiers du championnat.\u00a0\u00bb<\/p>\n<p>L\u2019Argentin est un joueur sp\u00e9cial, tout le monde le dit. Sa taille est remarquable au milieu des ses co\u00e9quipiers g\u00e9ants, son talent est reconnu au niveau international\u00a0: \u00ab\u00a0Je crois que si je jouais comme un passeur de 1,90m, je n\u2019y arriverais pas, estime le joueur de poche. J\u2019essaie de faire les choses diff\u00e9remment et de mettre de la joie dans le jeu.\u00a0\u00bb<\/p>\n<p>\u00ab\u00a0Il y a du talent et du travail\u00a0\u00bb<\/p>\n<p>Passeur de renom pendant sa carri\u00e8re, son entra\u00eeneur \u00e0 Montpellier Lo\u00efc Le Marrec ne tarit pas d\u2019\u00e9loges\u00a0: \u00ab\u00a0Matias est un peu lisible, explique-t-il. Il donne beaucoup de fausses informations aux adversaires avant la passe, ce qui perturbe le bloc adverse. Avec sa taille, s\u2019il avait \u00e9t\u00e9 un passeur traditionnel, il n\u2019aurait pas jou\u00e9 au tr\u00e8s haut niveau. Il y a du talent mais aussi beaucoup de travail pour sortir du lot. Il co\u00fbte un peu cher au bloc mais sa facult\u00e9 de passeur fait la diff\u00e9rence.\u00a0\u00bb<\/p>\n<p>Num\u00e9ro\u00a02 dans la hi\u00e9rarchie de son \u00e9quipe nationale derri\u00e8re Luciano De Cecco et m\u00e9daill\u00e9 de bronze olympique avec Ezequiel Palacios en 2021 \u00e0 Tokyo, Matias Sanchez s\u2019inscrit dans la lign\u00e9e des grands passeurs argentins. \u00ab\u00a0Il a un talent incroyable, l\u00e2che le capitaine du MHSC VB. C\u2019est un joueur qui a faim de victoires.\u00a0\u00bb<\/p>\n<p>Un joueur tr\u00e8s important dans un effectif qui veut remporter des titres\u00a0: \u00ab\u00a0Matias est un mec qui ne fait pas de bruit, discret, bosseur, d\u00e9taille Lo\u00efc Le Marrec. Il a le sourire, il ne rechigne pas. Il n\u2019h\u00e9site pas \u00e0 aider les jeunes, de temps en temps il peut aussi secouer l\u2019\u00e9quipe.\u00a0\u00bb Et quand Matias Sanchez ne parle pas, il fait parler de lui.<\/p>\n","protected":false},"excerpt":{"rendered":"Matias Sanchez, arriv\u00e9 cet \u00e9t\u00e9 \u00e0 Montpellier, et ses partenaires re\u00e7oivent Saint-Nazaire en championnat, samedi (20h), au Palais&hellip;\n","protected":false},"author":2,"featured_media":580875,"comment_status":"","ping_status":"","sticky":false,"template":"","format":"standard","meta":{"footnotes":""},"categories":[1417],"tags":[1011,27,7089,2208,517,60,1470,1632,1469],"class_list":{"0":"post-580874","1":"post","2":"type-post","3":"status-publish","4":"format-standard","5":"has-post-thumbnail","7":"category-volley","8":"tag-fr","9":"tag-france","10":"tag-herault","11":"tag-montpellier","12":"tag-sport","13":"tag-sports","14":"tag-volley","15":"tag-volley-ball","16":"tag-volleyball"},"share_on_mastodon":{"url":"https:\/\/pubeurope.com\/@fr\/115669492332223729","error":""},"_links":{"self":[{"href":"https:\/\/www.europesays.com\/fr\/wp-json\/wp\/v2\/posts\/580874","targetHints":{"allow":["GET"]}}],"collection":[{"href":"https:\/\/www.europesays.com\/fr\/wp-json\/wp\/v2\/posts"}],"about":[{"href":"https:\/\/www.europesays.com\/fr\/wp-json\/wp\/v2\/types\/post"}],"author":[{"embeddable":true,"href":"https:\/\/www.europesays.com\/fr\/wp-json\/wp\/v2\/users\/2"}],"replies":[{"embeddable":true,"href":"https:\/\/www.europesays.com\/fr\/wp-json\/wp\/v2\/comments?post=580874"}],"version-history":[{"count":0,"href":"https:\/\/www.europesays.com\/fr\/wp-json\/wp\/v2\/posts\/580874\/revisions"}],"wp:featuredmedia":[{"embeddable":true,"href":"https:\/\/www.europesays.com\/fr\/wp-json\/wp\/v2\/media\/580875"}],"wp:attachment":[{"href":"https:\/\/www.europesays.com\/fr\/wp-json\/wp\/v2\/media?parent=580874"}],"wp:term":[{"taxonomy":"category","embeddable":true,"href":"https:\/\/www.europesays.com\/fr\/wp-json\/wp\/v2\/categories?post=580874"},{"taxonomy":"post_tag","embeddable":true,"href":"https:\/\/www.europesays.com\/fr\/wp-json\/wp\/v2\/tags?post=580874"}],"curies":[{"name":"wp","href":"https:\/\/api.w.org\/{rel}","templated":true}]}}