{"id":580884,"date":"2025-12-05T23:19:15","date_gmt":"2025-12-05T23:19:15","guid":{"rendered":"https:\/\/www.europesays.com\/fr\/580884\/"},"modified":"2025-12-05T23:19:15","modified_gmt":"2025-12-05T23:19:15","slug":"jean-louis-aubert-raconte-les-gestes-invraisemblables-que-sa-mere-a-eus-envers-lui","status":"publish","type":"post","link":"https:\/\/www.europesays.com\/fr\/580884\/","title":{"rendered":"Jean-Louis Aubert raconte les gestes invraisemblables que sa m\u00e8re a eus envers lui"},"content":{"rendered":"<p>                <img loading=\"lazy\" decoding=\"async\" src=\"https:\/\/www.europesays.com\/fr\/wp-content\/uploads\/2025\/04\/144-64f8c016610ee-35x35-1.jpg\" class=\"author-article-picture\" width=\"35\" height=\"35\"\/><\/p>\n<p>                    Par<\/p>\n<p>                                            <a class=\"author-article-bio-link\" href=\"https:\/\/www.purepeople.com\/auteur\/louise-martin_a144\" target=\"_blank\" rel=\"noopener\">Louise Martin<\/a><\/p>\n<p>                    |<\/p>\n<p>                                            R\u00e9dactrice<\/p>\n<p>\n                Koh Lanta, Les Marseillais mais aussi Mari\u00e9s au Premier regards\u2026 Louise Martin est une t\u00e9l\u00e9vore qui essaye, \u00e0 ses heures perdues, de refaire les g\u00e2teaux qu\u2019elle admire devant le Meilleur P\u00e2tissier\u2026 mais elle ne risque pas de gagner le tablier bleu ! Les r\u00e9seaux sociaux n\u2019ont pas de secret pour elle, les derniers scoops, les derni\u00e8res \u00e9missions, elle les conna\u00eet tous.\n            <\/p>\n<p>\n    V\u00e9ritable l\u00e9gende vivante de la sc\u00e8ne musicale fran\u00e7aise, Jean-Louis Aubert \u00e9tait l&rsquo;invit\u00e9 de l&rsquo;\u00e9mission \u00ab\u00a0Quelle \u00e9poque !\u00a0\u00bb le samedi 29 novembre 2025 sur France 2. Celui qui va bient\u00f4t f\u00eater ses 50 ans de carri\u00e8re lors d&rsquo;un grand concert organis\u00e9 \u00e0 Paris en a profit\u00e9 pour r\u00e9v\u00e9ler une anecdote improbable sur sa m\u00e8re.\n<\/p>\n<p>                            <img loading=\"lazy\" decoding=\"async\" class=\"player-thumbnail\" src=\"https:\/\/www.europesays.com\/fr\/wp-content\/uploads\/2025\/12\/9a36bd39057f1e8e-580x326-1.jpg\" width=\"580\" height=\"326\"\/><\/p>\n<p>                            Jean-Louis Aubert a r\u00e9v\u00e9l\u00e9 sur le plateau de l&rsquo;\u00e9mission \u00ab\u00a0Quelle \u00e9poque !\u00a0\u00bb que sa m\u00e8re a un jour jet\u00e9 son hamster par la fen\u00eatre.&#13;<br \/>\nCr\u00e9dit : Quelle \u00e9poque !\/France 2 \u00a9 France 2, Quelle \u00e9poque !<\/p>\n<p>La suite apr\u00e8s la publicit\u00e9<\/p>\n<p><a href=\"https:\/\/www.purepeople.com\/article\/en-plein-jt-de-20h-sur-france-2-lea-salame-se-meprend-encore-une-fois-avec-son-invite_a542922\/1\" target=\"_blank\" rel=\"noopener\">Nouvelle pr\u00e9sentatrice du JT de 20h de France 2<\/a> depuis le lundi 1er septembre 2025, <a href=\"https:\/\/www.purepeople.com\/people\/lea-salame_p149105\" target=\"_blank\" rel=\"noopener\">L\u00e9a Salam\u00e9<\/a> avait \u00e9t\u00e9 contrainte de renoncer \u00e0 la matinale de France Inter, qu&rsquo;elle incarnait depuis 2017, suite \u00e0 sa nomination \u00e0 ce poste. En revanche, <strong>la journaliste a pu conserver la pr\u00e9sentation de son talk-show hebdomadaire<\/strong> baptis\u00e9 Quelle \u00e9poque ! sur France 2. Pour rappel, l&rsquo;animatrice est aux commandes de ce programme diffus\u00e9 chaque samedi en deuxi\u00e8me partie de soir\u00e9e depuis 2022. Cette ann\u00e9e, <a href=\"https:\/\/www.purepeople.com\/article\/quelle-epoque-revient-ce-soir-sans-christophe-dechavanne-lea-salame-soffre-une-nouvelle-recrue-bien-connue-et-en-couple-avec-une-miss-france_a542710\/1\" target=\"_blank\" rel=\"noopener\">une nouvelle recrue \u00e0 d&rsquo;ailleurs rejoint son \u00e9quipe,<\/a> <strong>en la personne du c\u00e9l\u00e8bre journaliste <\/strong><a href=\"https:\/\/www.purepeople.com\/people\/hugo-clement_p547752\" target=\"_blank\" rel=\"noopener\"><strong>Hugo Cl\u00e9ment<\/strong><\/a>. Ce dernier \u00e9tait d&rsquo;ailleurs pr\u00e9sent en plateau lors du dernier num\u00e9ro diffus\u00e9 le samedi 29 novembre 2025.<\/p>\n<p>Ce jour-l\u00e0, de nombreux invit\u00e9s \u00e9taient pr\u00e9sents dans Quelle \u00e9poque !, parmi lesquels on pouvait notamment citer <a href=\"https:\/\/www.purepeople.com\/people\/jean-louis-aubert_p499\" target=\"_blank\" rel=\"noopener\">Jean-Louis Aubert<\/a>. <strong>V\u00e9ritable l\u00e9gende vivante de la chanson fran\u00e7aise<\/strong>, le musicien a d&rsquo;abord \u00e9t\u00e9 r\u00e9v\u00e9l\u00e9 au grand public <a href=\"https:\/\/www.purepeople.com\/article\/-cela-va-vous-paraitre-incroyable-mais-jean-louis-aubert-ses-surprenantes-confidences-sur-le-succes-fou-de-telephone-video_a527847\/1\" target=\"_blank\" rel=\"noopener\">au sein du groupe T\u00e9l\u00e9phone<\/a>, avant de conna\u00eetre le succ\u00e8s dans sa carri\u00e8re en solo. Alors qu&rsquo;il va prochainement c\u00e9l\u00e9brer ses 50 ans de carri\u00e8re lors d&rsquo;un grand concert pr\u00e9vu le samedi 13 d\u00e9cembre 2025 dans l&rsquo;enceinte de La D\u00e9fense Arena de Paris, le chanteur a <strong>d\u00e9voil\u00e9 une \u00e9tonnante anecdote au sujet de sa m\u00e8re<\/strong>, lorsque Hugo Cl\u00e9ment a ramen\u00e9 une cage \u00e0 Hamster sur le plateau du talk-show de France 2. \u00ab\u00a0J\u2019avais un hamster. Moi je tournais en v\u00e9lo dans le jardin de la sous-pr\u00e9fecture et j\u2019avais l\u2019impression d\u2019\u00eatre comme le hamster dans la roue\u00a0\u00bb, a-t-il premi\u00e8rement indiqu\u00e9.<\/p>\n<p>Jean-Louis Aubert affirme que sa m\u00e8re l&rsquo;a un jour \u00ab\u00a0suspendu par la fen\u00eatre\u00a0\u00bb durant son enfance<\/p>\n<p>Consid\u00e9rant ce fameux hamster comme son \u00ab\u00a0fr\u00e8re\u00a0\u00bb, Jean-Louis Aubert a fait une r\u00e9v\u00e9lation qui a \u00e9norm\u00e9ment choqu\u00e9 les personnes pr\u00e9sentes en plateau \u00e0 ses c\u00f4t\u00e9s ce jour-l\u00e0. \u00ab\u00a0<strong>Ma m\u00e8re l\u2019a jet\u00e9 par la fen\u00eatre un jour.<\/strong> Elle en avait marre. Il faisait des petits cacas et partait dans les tuyauteries\u00a0\u00bb, a-t-il ainsi d\u00e9clar\u00e9. Provoquant notamment une expression de stup\u00e9faction sur le visage d&rsquo;Hugo Cl\u00e9ment. \u00ab\u00a0Elle a tu\u00e9 votre fr\u00e8re ?!\u00a0\u00bb, a alors lanc\u00e9 le journaliste, tr\u00e8s sensible \u00e0 la protection des animaux.\u00a0<\/p>\n<p>Par la suite, Jean-Louis Aubert a d\u00e9voil\u00e9 d&rsquo;autres anecdotes de son enfance concernant sa m\u00e8re. \u00ab\u00a0Une fois o\u00f9 j\u2019ai d\u00fb vraiment \u00eatre dissip\u00e9, mais j\u2019\u00e9tais petit, elle m\u2019a suspendu par la fen\u00eatre aussi, ma maman\u00a0\u00bb, a-t-il ainsi r\u00e9v\u00e9l\u00e9. Avant de se rem\u00e9morer qu&rsquo;elle avait oubli\u00e9 de lui donner la cl\u00e9 de son nouveau logement lorsque sa famille avait d\u00e9m\u00e9nag\u00e9 \u00e0 Paris. \u00ab\u00a0<strong>Je rentrais de l\u2019\u00e9cole, mais au sixi\u00e8me \u00e9tage, en passant de fen\u00eatre en fen\u00eatre<\/strong> et je laissais la fen\u00eatre de ma chambre ouverte. On s\u2019en est aper\u00e7u quatre ans apr\u00e8s\u00a0\u00bb, a-t-il finalement conclu. Provoquant ainsi de nombreux rires sur le plateau de Quelle \u00e9poque !.<\/p>\n","protected":false},"excerpt":{"rendered":"Par Louise Martin | R\u00e9dactrice Koh Lanta, Les Marseillais mais aussi Mari\u00e9s au Premier regards\u2026 Louise Martin est&hellip;\n","protected":false},"author":2,"featured_media":580885,"comment_status":"","ping_status":"","sticky":false,"template":"","format":"standard","meta":{"footnotes":""},"categories":[1359],"tags":[58,59,1011,27,973],"class_list":{"0":"post-580884","1":"post","2":"type-post","3":"status-publish","4":"format-standard","5":"has-post-thumbnail","7":"category-people","8":"tag-divertissement","9":"tag-entertainment","10":"tag-fr","11":"tag-france","12":"tag-people"},"share_on_mastodon":{"url":"https:\/\/pubeurope.com\/@fr\/115669523999100661","error":""},"_links":{"self":[{"href":"https:\/\/www.europesays.com\/fr\/wp-json\/wp\/v2\/posts\/580884","targetHints":{"allow":["GET"]}}],"collection":[{"href":"https:\/\/www.europesays.com\/fr\/wp-json\/wp\/v2\/posts"}],"about":[{"href":"https:\/\/www.europesays.com\/fr\/wp-json\/wp\/v2\/types\/post"}],"author":[{"embeddable":true,"href":"https:\/\/www.europesays.com\/fr\/wp-json\/wp\/v2\/users\/2"}],"replies":[{"embeddable":true,"href":"https:\/\/www.europesays.com\/fr\/wp-json\/wp\/v2\/comments?post=580884"}],"version-history":[{"count":0,"href":"https:\/\/www.europesays.com\/fr\/wp-json\/wp\/v2\/posts\/580884\/revisions"}],"wp:featuredmedia":[{"embeddable":true,"href":"https:\/\/www.europesays.com\/fr\/wp-json\/wp\/v2\/media\/580885"}],"wp:attachment":[{"href":"https:\/\/www.europesays.com\/fr\/wp-json\/wp\/v2\/media?parent=580884"}],"wp:term":[{"taxonomy":"category","embeddable":true,"href":"https:\/\/www.europesays.com\/fr\/wp-json\/wp\/v2\/categories?post=580884"},{"taxonomy":"post_tag","embeddable":true,"href":"https:\/\/www.europesays.com\/fr\/wp-json\/wp\/v2\/tags?post=580884"}],"curies":[{"name":"wp","href":"https:\/\/api.w.org\/{rel}","templated":true}]}}