{"id":580886,"date":"2025-12-05T23:20:12","date_gmt":"2025-12-05T23:20:12","guid":{"rendered":"https:\/\/www.europesays.com\/fr\/580886\/"},"modified":"2025-12-05T23:20:12","modified_gmt":"2025-12-05T23:20:12","slug":"il-a-dessine-le-guggenheim-de-bilbao-et-la-fondation-louis-vuitton-frank-gehry-lun-des-plus-celebres-architectes-du-monde-contemporain-est-mort-a-96-ans","status":"publish","type":"post","link":"https:\/\/www.europesays.com\/fr\/580886\/","title":{"rendered":"Il a dessin\u00e9 le Guggenheim de Bilbao et la Fondation Louis Vuitton : Frank Gehry, l&rsquo;un des plus c\u00e9l\u00e8bres architectes du monde contemporain, est mort \u00e0 96 ans"},"content":{"rendered":"<p>\n                                                                Frank Gehry, l\u2019un des plus c\u00e9l\u00e8bres architectes du monde contemporain, est mort vendredi 5\u00a0d\u00e9cembre \u00e0 l\u2019\u00e2ge de 96\u00a0ans. Mus\u00e9e Guggenheim de Bilbao, Fondation Louis Vuitton, Walt Disney Concert Hall \u00e0 Los Angeles\u2026 Son \u0153uvre est monumentale.\n                            <\/p>\n<p>L&rsquo;architecte am\u00e9ricano-canadien Frank\u00a0Gehry, d\u00e9c\u00e9d\u00e9 vendredi \u00e0 l&rsquo;\u00e2ge de 96 ans, est l&rsquo;un des rares de sa profession \u00e0 s&rsquo;\u00eatre hiss\u00e9 au rang de superstar, gr\u00e2ce \u00e0 des b\u00e2timents tels que le mus\u00e9e Guggenheim de Bilbao en Espagne ou le Walt Disney Concert Hall \u00e0 Los Angeles.<\/p>\n<p>Les oeuvres phares de\u00a0Gehry\u00a0t\u00e9moignent de son audace et de son g\u00e9nie artistique, qui ont marqu\u00e9, voire r\u00e9volutionn\u00e9, l&rsquo;histoire de l&rsquo;architecture.<\/p>\n<p>Avec ses projets,\u00a0Frank\u00a0Gehry\u00a0brouille la fronti\u00e8re entre architecture et art. Novateur, il \u00e9branle le monde de l&rsquo;architecture contemporaine et popularise la profession.<\/p>\n<p>Frank Owen Goldberg, de son vrai nom, na\u00eet \u00e0 Toronto le 28 f\u00e9vrier 1929 dans une famille d&rsquo;origine juive, qui d\u00e9m\u00e9nage aux \u00c9tats-Unis \u00e0 la fin des ann\u00e9es 40.<\/p>\n<p>Bien avant qu&rsquo;il n&rsquo;ait son propre personnage dans un \u00e9pisode de la s\u00e9rie \u00ab\u00a0Les Simpson\u00a0\u00bb,\u00a0il se lance \u00e0 Los Angeles dans des \u00e9tudes d&rsquo;architecture \u00e0 l&rsquo;Universit\u00e9 de Californie du Sud.\u00a0Il obtient son dipl\u00f4me en 1954 et change vers la m\u00eame \u00e9poque son nom en Gehry pour se prot\u00e9ger de l&rsquo;antis\u00e9mitisme. Par la suite, il s&rsquo;enr\u00f4le dans l&rsquo;arm\u00e9e am\u00e9ricaine, tout en \u00e9tudiant l&rsquo;urbanisme \u00e0 l&rsquo;universit\u00e9 Harvard.<\/p>\n<p>Sa carri\u00e8re commence notamment dans les bureaux de l&rsquo;architecte Victor Gruen, l&rsquo;inventeur des galeries\u00a0commerciales \u00e0 Los Angeles. Puis se poursuit par un s\u00e9jour \u00e0 Paris pour travailler chez Andr\u00e9 Remondet.<\/p>\n<p>De retour en Californie, il ouvre au d\u00e9but des ann\u00e9es 1960 son propre cabinet.<\/p>\n<p>Les ann\u00e9es 70 et 80 marquent\u00a0pour lui le d\u00e9but d&rsquo;une longue s\u00e9rie de r\u00e9alisations architecturales audacieuses et innovantes.\u00a0Tr\u00e8s proche de l&rsquo;avant-garde californienne, il invente de nouveaux principes d&rsquo;\u00e9criture architecturale et explore les techniques de mod\u00e9lisation par ordinateur qui vont occuper une grande place dans son travail.<\/p>\n<p>L\u2019oeuvre la plus c\u00e9l\u00e8bre de cette \u00e9poque est sans doute sa propre maison \u00e0 Santa Monica (Californie). Sa demeure incarne bien la cr\u00e9ativit\u00e9 de\u00a0Gehry: les mat\u00e9riaux y sont d\u00e9tourn\u00e9s de leur usage traditionnel pour \u00eatre sublim\u00e9s. Comme par exemple des cl\u00f4tures grillag\u00e9es en fer tr\u00f4nant sur le toit de la maison.<\/p>\n<p>Bilbao, toujours plus haut<\/p>\n<p>En 1989, il re\u00e7oit la plus haute distinction architecturale, le prix Pritzker.<\/p>\n<p>Trois ans avant la fin du si\u00e8cle, le r\u00e9volutionnaire mus\u00e9e Guggenheim Bilbao est inaugur\u00e9 en Espagne, lui apportant une cons\u00e9cration mondiale.<\/p>\n<p>L\u2019oeuvre \u00e0 la forme ondul\u00e9e telle un poisson, signature de l&rsquo;architecte, est faite de roche calcaire, de verre et de courbes en titane qui refl\u00e8tent la lumi\u00e8re et l&rsquo;avant-gardisme de\u00a0Gehry.<\/p>\n<p>Pour son confr\u00e8re am\u00e9ricain Philip Johnson, il s&rsquo;agit du \u00ab\u00a0plus important \u00e9difice de notre temps\u00a0\u00bb.<\/p>\n<p>Ce monument insufflera un vent de renouveau dans la ville espagnole en crise, attirant les touristes du monde entier. Si bien que l&rsquo;expression \u00ab\u00a0effet Bilbao\u00a0\u00bb d\u00e9signe maintenant les oeuvres architecturales qui contribuent \u00e0 la revitalisation urbaine.<\/p>\n<p>S&rsquo;encha\u00eenent ensuite des projets toujours plus spectaculaires et audacieux pour\u00a0Gehry: le Walt Disney Concert Hall \u00e0 Los Angeles (2003), le gratte-ciel 8 Spruce Street \u00e0 New York (2011), la Fondation Louis Vuitton \u00e0 Paris (2014)&#8230;<\/p>\n<p>En 2018, il termine la construction des nouveaux quartiers g\u00e9n\u00e9raux de Facebook dans la Silicon Valley.<\/p>\n<p>Architecte num\u00e9rique<\/p>\n<p>Les conceptions de Frank Gehry sont d&rsquo;une complexit\u00e9 sans pr\u00e9c\u00e9dent, rendues possibles par une utilisation massive du calcul informatique.<\/p>\n<p>Longtemps, les formes arrondies, incurv\u00e9es, les ellipses et les cercles ont \u00e9t\u00e9 tax\u00e9s d&rsquo;h\u00e9r\u00e9sie en architecture, accus\u00e9s de briser l&rsquo;harmonie, d&rsquo;augmenter les co\u00fbts de construction, de poser des probl\u00e8mes sans fin aux ing\u00e9nieurs.<\/p>\n<p>Frank\u00a0Gehry\u00a0utilise la flexibilit\u00e9 de la simulation num\u00e9rique, jusqu&rsquo;\u00e0 remettre en cause les rep\u00e8res classiques d&rsquo;un \u00e9difice comme la fa\u00e7ade ou la couverture.<\/p>\n<p>Il atteint sans doute les limites de sa d\u00e9marche avec la clinique Lou Ruvo (2010) de Cleveland, aux Etats-Unis, o\u00f9 fa\u00e7ades et fen\u00eatres semblent s&rsquo;effondrer en de multiples circonvolutions.<\/p>\n<p>Un projet qui ne manque pas d&rsquo;humour &#8211; tr\u00e8s pr\u00e9sent dans son oeuvre &#8211; pour une clinique sp\u00e9cialis\u00e9e dans les maladies neurov\u00e9g\u00e9tatives.<\/p>\n","protected":false},"excerpt":{"rendered":"Frank Gehry, l\u2019un des plus c\u00e9l\u00e8bres architectes du monde contemporain, est mort vendredi 5\u00a0d\u00e9cembre \u00e0 l\u2019\u00e2ge de 96\u00a0ans.&hellip;\n","protected":false},"author":2,"featured_media":580887,"comment_status":"","ping_status":"","sticky":false,"template":"","format":"standard","meta":{"footnotes":""},"categories":[1358],"tags":[1348,1384,1385,872,1386,58,59,1011,27,2551],"class_list":{"0":"post-580886","1":"post","2":"type-post","3":"status-publish","4":"format-standard","5":"has-post-thumbnail","7":"category-arts-et-design","8":"tag-arts","9":"tag-arts-and-design","10":"tag-arts-et-design","11":"tag-culture-et-loisirs","12":"tag-design","13":"tag-divertissement","14":"tag-entertainment","15":"tag-fr","16":"tag-france","17":"tag-patrimoine"},"share_on_mastodon":{"url":"https:\/\/pubeurope.com\/@fr\/115669527596724019","error":""},"_links":{"self":[{"href":"https:\/\/www.europesays.com\/fr\/wp-json\/wp\/v2\/posts\/580886","targetHints":{"allow":["GET"]}}],"collection":[{"href":"https:\/\/www.europesays.com\/fr\/wp-json\/wp\/v2\/posts"}],"about":[{"href":"https:\/\/www.europesays.com\/fr\/wp-json\/wp\/v2\/types\/post"}],"author":[{"embeddable":true,"href":"https:\/\/www.europesays.com\/fr\/wp-json\/wp\/v2\/users\/2"}],"replies":[{"embeddable":true,"href":"https:\/\/www.europesays.com\/fr\/wp-json\/wp\/v2\/comments?post=580886"}],"version-history":[{"count":0,"href":"https:\/\/www.europesays.com\/fr\/wp-json\/wp\/v2\/posts\/580886\/revisions"}],"wp:featuredmedia":[{"embeddable":true,"href":"https:\/\/www.europesays.com\/fr\/wp-json\/wp\/v2\/media\/580887"}],"wp:attachment":[{"href":"https:\/\/www.europesays.com\/fr\/wp-json\/wp\/v2\/media?parent=580886"}],"wp:term":[{"taxonomy":"category","embeddable":true,"href":"https:\/\/www.europesays.com\/fr\/wp-json\/wp\/v2\/categories?post=580886"},{"taxonomy":"post_tag","embeddable":true,"href":"https:\/\/www.europesays.com\/fr\/wp-json\/wp\/v2\/tags?post=580886"}],"curies":[{"name":"wp","href":"https:\/\/api.w.org\/{rel}","templated":true}]}}