{"id":580888,"date":"2025-12-05T23:22:15","date_gmt":"2025-12-05T23:22:15","guid":{"rendered":"https:\/\/www.europesays.com\/fr\/580888\/"},"modified":"2025-12-05T23:22:15","modified_gmt":"2025-12-05T23:22:15","slug":"pekin-express-la-route-des-glaces-qui-a-ete-elimine-ce-vendredi-5-decembre","status":"publish","type":"post","link":"https:\/\/www.europesays.com\/fr\/580888\/","title":{"rendered":"P\u00e9kin Express, La route des glaces : Qui a \u00e9t\u00e9 \u00e9limin\u00e9 ce vendredi 5 d\u00e9cembre ?"},"content":{"rendered":"<p>Ce vendredi 5 d\u00e9cembre 2025, les quatre bin\u00f4mes encore en lice dans P\u00e9kin Express, La route des glaces se battaient pour une place en demi-finale. Voici le duo \u00e9limin\u00e9 lors des quarts de finale sur M6. <\/p>\n<p>Les cartes ont \u00e9t\u00e9 rebattues ce vendredi 5 d\u00e9cembre sur M6 lors des quarts de finale de <a href=\"https:\/\/www.programme-tv.net\/news\/tv\/389878-pekin-express-la-route-des-glaces-date-de-diffusion-candidats-lieu-de-tournage-toutes-les-infos-sur-la-saison-21\/\" data-api-deeplink=\"teleloisirs:\/\/news\/389878\" target=\"_blank\" rel=\"noopener\">P\u00e9kin Express, La route des glaces<\/a>. Apr\u00e8s <a href=\"https:\/\/www.programme-tv.net\/news\/tv\/392900-sonide-eliminee-de-pekin-express-la-route-des-glaces-avec-raphael-j-ai-fait-une-crise-de-panique\/\" data-api-deeplink=\"teleloisirs:\/\/news\/392900\" target=\"_blank\" rel=\"noopener\">l&rsquo;\u00e9limination de Sonide et Rapha\u00ebl<\/a> la semaine derni\u00e8re, St\u00e9phane Rotenberg a annonc\u00e9 le retour d&rsquo;une r\u00e8gle mythique de l&rsquo;\u00e9mission : les \u00e9quipes mix\u00e9es. Marianne \u00e9tait en duo avec Fabien, Missak avec Nathalie, Charlotte avec Sophie et Ly\u00e7aona avec K\u00e9vin. \u00ab\u00a0<b>Vous allez faire du stop avec un morceau de gla\u00e7on de 13 kilos<\/b>. L\u2019objectif c\u2019est de me le ramener le plus lourd possible, \u00e0 300 km d\u2019ici\u00a0\u00bb, a expliqu\u00e9 le directeur de course en d\u00e9but d&rsquo;\u00e9pisode. Le bin\u00f4me qui arrivait avant 16 heures avec le gla\u00e7on le plus lourd pouvait permettre \u00e0 son bin\u00f4me d\u2019origine d&rsquo;obtenir un avantage de taille.<\/p>\n<p>\u00c0 l&rsquo;issue de cette premi\u00e8re course, <a href=\"https:\/\/www.programme-tv.net\/news\/tv\/392658-marianne-pekin-express-la-route-des-glaces-devait-participer-avec-sa-meilleure-amie-et-pas-lycaona\/\" data-api-deeplink=\"teleloisirs:\/\/news\/392658\" target=\"_blank\" rel=\"noopener\">Marianne et Ly\u00e7aona, le bin\u00f4me d&rsquo;inconnues<\/a>, ont remport\u00e9 un bonus  consid\u00e9rable : deux jokers pour le quiz express. <b>\u00c0 chaque mauvaise r\u00e9ponse, les candidats devaient descendre de leur v\u00e9hicule<\/b> et en trouver un autre, jusqu&rsquo;\u00e0 l&rsquo;a\u00e9roport d&rsquo;Almaty. Lya\u00e7ona et Marianne sont arriv\u00e9es les premi\u00e8res devant St\u00e9phane Roteberg et ont remport\u00e9 l&rsquo;amulette ainsi que leurs billets d&rsquo;avion pour <a href=\"https:\/\/www.programme-tv.net\/news\/tv\/392727-pekin-express-la-route-des-glaces-on-connait-deja-la-date-de-diffusion-de-la-finale-sur-m6\/\" data-api-deeplink=\"teleloisirs:\/\/news\/392727\" target=\"_blank\" rel=\"noopener\">la demi-finale \u00e0 Astana<\/a>. Elles ont \u00e9t\u00e9 suivies par les coll\u00e8gues marseillais Fabien et Missak. K\u00e9vin et Sophie \u00e9taient tr\u00e8s bien lanc\u00e9s dans cette course, jusqu&rsquo;\u00e0 ce que leur chauffeuse d\u00e9cide de s&rsquo;arr\u00eater pour fumer une cigarette. Ils ont alors d\u00e9cid\u00e9 de descendre de la voiture pour en trouver une autre et ont perdu toute leur avance. Mais finalement, ce sont Nathalie et Charlotte qui sont arriv\u00e9es en derni\u00e8re position.<\/p>\n<p>                        P\u00e9kin Express, La route des glaces : Quels candidats ont perdu en quart de finale ?<\/p>\n<p>La m\u00e8re et la fille, souhaitant offrir la qualification \u00e0 leurs amis marseillais, ont choisi d&rsquo;affronter le jeune couple en duel final. Pourtant partie premi\u00e8re face \u00e0 Charlotte, Sophie a fait une erreur de taille pendant le stop : \u00ab\u00a0Je me rends compte que<b> je ne lui ai pas donn\u00e9 le bon itin\u00e9raire<\/b>. L\u2019avance que j\u2019avais je la perds, je ne peux m\u2019en prendre qu\u2019\u00e0 moi-m\u00eame. Je m\u2019en veux \u00e9norm\u00e9ment\u00a0\u00bb, r\u00e9sume-t-elle avant d&rsquo;arriver sur le lieu de la mission. Les deux candidates devaient reconna\u00eetre trois titres fran\u00e7ais r\u00e9interpr\u00e9t\u00e9s avec un instrument kazakh avant de reprendre la route.<\/p>\n<p>Sophie a rapidement valid\u00e9 la mission contrairement \u00e0 Charlotte qui a fait deux erreurs. Finalement, la Belge a vite trouv\u00e9 une voiture et est arriv\u00e9e avant Sophie au point de rendez-vous. K\u00e9vin et Sophie sont donc \u00e9limin\u00e9s de cette saison 21 P\u00e9kin Express. Ils ont d\u00e9cid\u00e9 de remettre leur amulette \u00e0 Ly\u00e7aona et Marianne. <b>\u00ab\u00a0\u00c7a me confirme que K\u00e9vin c\u2019est l\u2019homme de ma vie. On a solidifi\u00e9 notre couple\u00a0\u00bb<\/b>, a conclu Sophie avant de remettre sa balise \u00e0 St\u00e9phane Rotenberg.<\/p>\n","protected":false},"excerpt":{"rendered":"Ce vendredi 5 d\u00e9cembre 2025, les quatre bin\u00f4mes encore en lice dans P\u00e9kin Express, La route des glaces&hellip;\n","protected":false},"author":2,"featured_media":580889,"comment_status":"","ping_status":"","sticky":false,"template":"","format":"standard","meta":{"footnotes":""},"categories":[1356],"tags":[244,58,59,1011,27,69472,64076,494,64077,23898,252,1364,1630],"class_list":{"0":"post-580888","1":"post","2":"type-post","3":"status-publish","4":"format-standard","5":"has-post-thumbnail","7":"category-television","8":"tag-commentaire","9":"tag-divertissement","10":"tag-entertainment","11":"tag-fr","12":"tag-france","13":"tag-ku00e9vin-et-sophie-pu00e9kin-express","14":"tag-la-route-des-glaces","15":"tag-m6","16":"tag-pu00e9kin-express","17":"tag-stu00e9phane-rotenberg","18":"tag-television","19":"tag-tv","20":"tag-zapping"},"share_on_mastodon":{"url":"https:\/\/pubeurope.com\/@fr\/115669535554324198","error":""},"_links":{"self":[{"href":"https:\/\/www.europesays.com\/fr\/wp-json\/wp\/v2\/posts\/580888","targetHints":{"allow":["GET"]}}],"collection":[{"href":"https:\/\/www.europesays.com\/fr\/wp-json\/wp\/v2\/posts"}],"about":[{"href":"https:\/\/www.europesays.com\/fr\/wp-json\/wp\/v2\/types\/post"}],"author":[{"embeddable":true,"href":"https:\/\/www.europesays.com\/fr\/wp-json\/wp\/v2\/users\/2"}],"replies":[{"embeddable":true,"href":"https:\/\/www.europesays.com\/fr\/wp-json\/wp\/v2\/comments?post=580888"}],"version-history":[{"count":0,"href":"https:\/\/www.europesays.com\/fr\/wp-json\/wp\/v2\/posts\/580888\/revisions"}],"wp:featuredmedia":[{"embeddable":true,"href":"https:\/\/www.europesays.com\/fr\/wp-json\/wp\/v2\/media\/580889"}],"wp:attachment":[{"href":"https:\/\/www.europesays.com\/fr\/wp-json\/wp\/v2\/media?parent=580888"}],"wp:term":[{"taxonomy":"category","embeddable":true,"href":"https:\/\/www.europesays.com\/fr\/wp-json\/wp\/v2\/categories?post=580888"},{"taxonomy":"post_tag","embeddable":true,"href":"https:\/\/www.europesays.com\/fr\/wp-json\/wp\/v2\/tags?post=580888"}],"curies":[{"name":"wp","href":"https:\/\/api.w.org\/{rel}","templated":true}]}}