{"id":580890,"date":"2025-12-05T23:23:12","date_gmt":"2025-12-05T23:23:12","guid":{"rendered":"https:\/\/www.europesays.com\/fr\/580890\/"},"modified":"2025-12-05T23:23:12","modified_gmt":"2025-12-05T23:23:12","slug":"sa-demi-soeur-a-ete-adoptee-par-une-star-de-la-cha","status":"publish","type":"post","link":"https:\/\/www.europesays.com\/fr\/580890\/","title":{"rendered":"sa demi-soeur a \u00e9t\u00e9 adopt\u00e9e par une star de la cha &#8230;"},"content":{"rendered":"<p>EN BREF<\/p>\n<ul class=\"bloc_resume_post_list\">\n<li>En 2025, Lola Dewaere multiplie les projets \u00e0 la<br \/>\nt\u00e9l\u00e9vision.<\/li>\n<li>Lola Dewaere, fille de Patrick Dewaere, \u00e9voque une<br \/>\nenfance stricte et une vie chaotique marqu\u00e9e par la perte pr\u00e9coce<br \/>\nde son p\u00e8re.<\/li>\n<li>La relation entre Lola Dewaere et sa demi-s\u0153ur Ang\u00e8le,<br \/>\nadopt\u00e9e par Julien Clerc, joue un r\u00f4le crucial dans leur parcours<br \/>\npersonnel et professionnel.<\/li>\n<\/ul>\n<p>En 2025, TF1 d\u00e9voilait la saison 2 de Mademoiselle<br \/>\nHolmes o\u00f9 Lola Dewaere pr\u00eate ses traits \u00e0 Charlie,<br \/>\nl\u2019arri\u00e8re-petite-fille du c\u00e9l\u00e8bre Sherlock Holmes. Un r\u00f4le qu\u2019elle<br \/>\nd\u00e9crit volontiers comme \u2018\u2018<strong>un vrai terrain de<br \/>\njeu<\/strong>\u2019\u2019, elle que les t\u00e9l\u00e9spectateurs connaissent d\u00e9j\u00e0<br \/>\npour <a href=\"https:\/\/www.telestar.fr\/serie_tv\/astrid-et-raphaelle-cela-ne-va-pas-etre-facile-lola-dewaere-se-confie-sur-la-saison-5-tres-attendue-1741912\" target=\"_blank\" rel=\"noopener\"><br \/>\nAstrid et Rapha\u00eblle sur France 2<\/a>. Sa carri\u00e8re s\u00e9duit.<br \/>\nMais c\u2019est aussi son <strong>histoire<\/strong> intime qui continue<br \/>\nde toucher le public.<\/p>\n<p>Fille du mythique <strong>Patrick Dewaere<\/strong>, r\u00e9v\u00e9l\u00e9 dans<br \/>\nLes Valseuses, Lola Dewaere n\u2019a que <strong>quelques<br \/>\nmois<\/strong> lorsqu\u2019elle perd son p\u00e8re. \u2018\u2018<strong>Il est parti<br \/>\nbien trop t\u00f4t<\/strong>.\u2019\u2019 confiait-elle dans<br \/>\nLib\u00e9ration, rappelant l\u2019impact de cette disparition.<br \/>\nRecueillie par ses <strong>grands-parents maternels<\/strong>, elle<br \/>\nparle d\u2019une enfance \u2018\u2018<strong>tr\u00e8s cadr\u00e9e<\/strong>\u2019\u2019 au<br \/>\nsein d\u2019une famille \u2018\u2018<strong>bourgeoise, catholique et de<br \/>\ndroite.<\/strong>\u2019\u2019 Une \u00e9ducation <strong>stricte<\/strong><br \/>\nqu\u2019elle n\u2019a pourtant \u2018\u2018<strong>jamais reni\u00e9e<\/strong>\u2019\u2019.<br \/>\nMais la suite de sa vie a \u00e9t\u00e9 \u2018\u2018beaucoup plus<br \/>\n<strong>chaotique<\/strong>.\u2019\u2019<\/p>\n<p>Lola Dewaere : une enfance secou\u00e9e et une demi-s\u0153ur<br \/>\nessentielle<\/p>\n<p>\u00c0 12 ans, Lola Dewaere retourne vivre chez sa m\u00e8re, Elisabeth<br \/>\nMalvina-Chalier. Elle y retrouve sa demi-s\u0153ur <strong>Ang\u00e8le<br \/>\nHerry-Leclerc<\/strong>, qu\u2019elle d\u00e9crit comme \u2018\u2018<strong>un<br \/>\npilier<\/strong>.\u2019\u2019Dans Lib\u00e9ration, elle \u00e9voquait<br \/>\ncette p\u00e9riode avec <strong>franchise<\/strong>. \u2018\u2018J\u2019avais une<br \/>\nm\u00e8re qui d\u00e9barquait aux <strong>r\u00e9unions<\/strong> parents-profs en<br \/>\n<strong>jean d\u00e9chir\u00e9<\/strong>, avec des <strong>hauts trop<br \/>\ngrands<\/strong>.\u2019\u2019 Dans ce <strong>chaos<\/strong> familial,<br \/>\nAng\u00e8le devient alors un <strong>rep\u00e8re<\/strong>.<\/p>\n<p>\u2018\u2018Ang\u00e8le, je <strong>l\u2019adore<\/strong>. Elle a<br \/>\n<strong>toujours \u00e9t\u00e9 l\u00e0.<\/strong>\u2019\u2019 confiait la <a href=\"https:\/\/www.telestar.fr\/people\/lola-dewaere-astrid-et-raphaelle-fait-une-rare-confidence-sur-son-pere-1696744\" target=\"_blank\" rel=\"noopener\"><br \/>\nfille de Patrick Dewaere<\/a> dans un entretien plus ancien. La<br \/>\ncom\u00e9dienne parle d\u2019elle comme d\u2019une \u2018\u2018<strong>pr\u00e9sence<br \/>\nrassurante<\/strong>\u2019\u2019, quelqu\u2019un qui lui a \u2018\u2018<strong>donn\u00e9<br \/>\nconfiance<\/strong>.\u2019\u2019 Sa demi-s\u0153ur l\u2019a notamment<br \/>\n<strong>soutenue<\/strong> dans son r\u00eave de devenir<br \/>\n<strong>com\u00e9dienne<\/strong>. \u2018\u2018Elle m\u2019a<br \/>\n<strong>encourag\u00e9e<\/strong> d\u00e8s le d\u00e9but. Elle m\u2019a pouss\u00e9e \u00e0 y<br \/>\n<strong>croire<\/strong> quand moi, je <strong>n\u2019y croyais pas<br \/>\n.<\/strong>\u2019\u2019<\/p>\n<p>Ang\u00e8le, adopt\u00e9e par Julien Clerc :<br \/>\n\u201cElle est devenue ma fille\u201d<\/p>\n<p><strong>Ang\u00e8le Herry-Leclerc<\/strong>, aujourd\u2019hui<br \/>\n<strong>sc\u00e9nariste<\/strong>, est n\u00e9e de la relation entre <a href=\"https:\/\/www.telestar.fr\/people\/miou-miou-julien-clerc-patrick-dewaere-pourquoi-l-actrice-n-a-jamais-voulu-se-ma-531297\" target=\"_blank\" rel=\"noopener\"><br \/>\nPatrick Dewaere et Miou-Miou<\/a>. Apr\u00e8s la <strong>mort<\/strong><br \/>\ntragique de son p\u00e8re, elle grandit sans figure<br \/>\n<strong>paternelle<\/strong>\u2026 jusqu\u2019\u00e0 ce que le chanteur<br \/>\n<strong>Julien Clerc<\/strong> entre dans sa vie. En 1992, il prend<br \/>\nla d\u00e9cision de <strong>l\u2019adopter<\/strong> \u00e0 sa demande.<br \/>\n\u2018\u2018<strong>Ang\u00e8le<\/strong> est devenue <strong>ma<br \/>\nfille,<\/strong> et je l\u2019ai adopt\u00e9e quand elle a eu <strong>17<br \/>\nans<\/strong>.\u2019\u2019 expliquait-il dans Paris Match. \u2018\u2018Je<br \/>\n<strong>l\u2019\u00e9levais d\u00e9j\u00e0 comme ma propre enfant<\/strong>. C\u2019\u00e9tait<br \/>\n<strong>naturel<\/strong>.\u2019\u2019<\/p>\n<p>Cette <strong>adoption<\/strong> marque profond\u00e9ment les deux<br \/>\ns\u0153urs. Pour Lola Dewaere, Ang\u00e8le est bien plus qu\u2019un simple<br \/>\n<strong>lien<\/strong> familial. \u2018\u2018Elle est une <strong>fa\u00e7on de<br \/>\ntoucher mon p\u00e8re, une part vivante de<br \/>\nlui<\/strong><strong>.<\/strong>\u2019\u2019 disait-elle \u00e0 Paris<br \/>\nMatch en 2010. \u2018\u2018Quand je la prends dans mes<br \/>\n<strong>bras<\/strong>, c\u2019est un peu <strong>lui que je<br \/>\nretrouve<\/strong>.\u2019\u2019 Ang\u00e8le, de son c\u00f4t\u00e9, aurait confi\u00e9 \u00e0 Lola<br \/>\nqu\u2019elles sont \u2018\u2018<strong>des copies conformes<\/strong>\u2019\u2019 et<br \/>\nqu\u2019elle voulait \u2018\u2018<strong>l\u2019int\u00e9grer pleinement dans [sa] vie,<br \/>\ndans [sa] famille.<\/strong>\u2019\u2019<\/p>\n","protected":false},"excerpt":{"rendered":"EN BREF En 2025, Lola Dewaere multiplie les projets \u00e0 la t\u00e9l\u00e9vision. Lola Dewaere, fille de Patrick Dewaere,&hellip;\n","protected":false},"author":2,"featured_media":580891,"comment_status":"","ping_status":"","sticky":false,"template":"","format":"standard","meta":{"footnotes":""},"categories":[1355],"tags":[548,58,59,1011,27,22199,1361,873],"class_list":{"0":"post-580890","1":"post","2":"type-post","3":"status-publish","4":"format-standard","5":"has-post-thumbnail","7":"category-musique","8":"tag-article-simple","9":"tag-divertissement","10":"tag-entertainment","11":"tag-fr","12":"tag-france","13":"tag-lola-dewaere","14":"tag-music","15":"tag-musique"},"share_on_mastodon":{"url":"https:\/\/pubeurope.com\/@fr\/115669539478483100","error":""},"_links":{"self":[{"href":"https:\/\/www.europesays.com\/fr\/wp-json\/wp\/v2\/posts\/580890","targetHints":{"allow":["GET"]}}],"collection":[{"href":"https:\/\/www.europesays.com\/fr\/wp-json\/wp\/v2\/posts"}],"about":[{"href":"https:\/\/www.europesays.com\/fr\/wp-json\/wp\/v2\/types\/post"}],"author":[{"embeddable":true,"href":"https:\/\/www.europesays.com\/fr\/wp-json\/wp\/v2\/users\/2"}],"replies":[{"embeddable":true,"href":"https:\/\/www.europesays.com\/fr\/wp-json\/wp\/v2\/comments?post=580890"}],"version-history":[{"count":0,"href":"https:\/\/www.europesays.com\/fr\/wp-json\/wp\/v2\/posts\/580890\/revisions"}],"wp:featuredmedia":[{"embeddable":true,"href":"https:\/\/www.europesays.com\/fr\/wp-json\/wp\/v2\/media\/580891"}],"wp:attachment":[{"href":"https:\/\/www.europesays.com\/fr\/wp-json\/wp\/v2\/media?parent=580890"}],"wp:term":[{"taxonomy":"category","embeddable":true,"href":"https:\/\/www.europesays.com\/fr\/wp-json\/wp\/v2\/categories?post=580890"},{"taxonomy":"post_tag","embeddable":true,"href":"https:\/\/www.europesays.com\/fr\/wp-json\/wp\/v2\/tags?post=580890"}],"curies":[{"name":"wp","href":"https:\/\/api.w.org\/{rel}","templated":true}]}}