{"id":580892,"date":"2025-12-05T23:24:19","date_gmt":"2025-12-05T23:24:19","guid":{"rendered":"https:\/\/www.europesays.com\/fr\/580892\/"},"modified":"2025-12-05T23:24:19","modified_gmt":"2025-12-05T23:24:19","slug":"la-voix-de-hind-rajab-un-film-en-forme-duppercut-sur-la-mort-dune-fillette-a-gaza","status":"publish","type":"post","link":"https:\/\/www.europesays.com\/fr\/580892\/","title":{"rendered":"\u00ab\u00a0La voix de Hind Rajab\u00a0\u00bb, un film en forme d&rsquo;uppercut sur la mort d&rsquo;une fillette \u00e0 Gaza"},"content":{"rendered":"<p>Film choc de la derni\u00e8re Mostra de Venise, \u00ab\u00a0La voix de Hind Rajab\u00a0\u00bb est sorti le 3 d\u00e9cembre. Ce long m\u00e9trage aux fronti\u00e8res du documentaire r\u00e9alis\u00e9 par Kaouther Ben Hania \u00e9voque la mort d&rsquo;une petite fille \u00e0 Gaza dans le but de bousculer les consciences.<\/p>\n<p>D\u00e9but septembre \u00e0 la Mostra de Venise, la r\u00e9alisatrice Kaouther Ben Hania avait affirm\u00e9 ne pas avoir \u00ab\u00a0fait ce film pour que les gens restent confortables dans leur si\u00e8ge\u00a0\u00bb, esp\u00e9rant qu&rsquo;il soit \u00ab\u00a0vu, et revu, et revu\u00a0\u00bb partout dans le monde.<\/p>\n<p>Le long m\u00e9trage \u00ab\u00a0La voix de Hind Rajab\u00a0\u00bb retrace l&rsquo;histoire de Hind Rajab, une fillette de cinq ans retrouv\u00e9e morte \u00e0 l&rsquo;int\u00e9rieur d&rsquo;une voiture cribl\u00e9e de balles dans la ville de Gaza, plusieurs jours apr\u00e8s avoir pass\u00e9 des heures au t\u00e9l\u00e9phone, le 29 janvier 2024, avec le Croissant-Rouge palestinien, sous le feu de l&rsquo;arm\u00e9e isra\u00e9lienne.<\/p>\n<p>Son histoire a \u00e9mu bien au-del\u00e0 de Gaza, gr\u00e2ce aux audios de ses appels au secours, enregistr\u00e9s puis publi\u00e9s sur Internet par le Croissant-Rouge. Dans son film, Kaouther Ben Hania les a repris tels quels, livrant au spectateur la voix terrifi\u00e9e de la fillette.<\/p>\n<p>Contenu externe<\/p>\n<p> Ce contenu externe ne peut pas \u00eatre affich\u00e9 car il est susceptible de collecter des donn\u00e9es personnelles. Pour voir ce contenu vous devez autoriser la cat\u00e9gorie <strong>R\u00e9seaux sociaux<\/strong>. <\/p>\n<p> Accepter Plus d&rsquo;info <\/p>\n<p>    Reconstitution minutieuse<\/p>\n<p>La r\u00e9alisatrice tunisienne a adopt\u00e9 une mise en sc\u00e8ne au plus proche du r\u00e9el, dans les locaux reconstitu\u00e9s du centre d&rsquo;appel du Croissant-Rouge, avec des acteurs palestiniens ressemblant physiquement aux secouristes impliqu\u00e9s.<\/p>\n<p>Apr\u00e8s la diffusion des enregistrements, les Gazaouis ont suivi au jour le jour les recherches de la petite fille, dans l&rsquo;espoir de la retrouver vivante. Son corps a finalement \u00e9t\u00e9 r\u00e9cup\u00e9r\u00e9 le 10 f\u00e9vrier, plus de dix jours apr\u00e8s ses appels, une fois les chars isra\u00e9liens partis de la zone.<\/p>\n<p>Accus\u00e9e par certains de tirer parti de la souffrance des Palestiniens, Kaouther Ben Hania a indiqu\u00e9 qu&rsquo;elle avait re\u00e7u l&rsquo;assentiment de la m\u00e8re de Hind Rajab pour r\u00e9aliser le film. Celle-ci, qui appara\u00eet \u00e0 la fin, a \u00e9t\u00e9 \u00e9vacu\u00e9e de la bande de Gaza avec ses enfants en septembre vers un pays qu&rsquo;elle ne souhaite pas d\u00e9voiler.<\/p>\n<p> &gt;&gt; A \u00e9couter aussi, la critique du film \u00ab\u00a0La voix de Hind Rajab\u00a0\u00bb dans Vertigo\u00a0:    En d\u00e9bat\u00a0: \u00ab\u00a0La voix de Hind Rajab\u00a0\u00bb de Kaouther Ben Hania \/ Vertigo \/ 5 min. \/ mercredi \u00e0 17:12 Soutien d&rsquo;Hollywood au film<\/p>\n<p>\u00ab\u00a0La voix de Hind Rajab\u00a0\u00bb a re\u00e7u plusieurs prix dans les festivals o\u00f9 il a \u00e9t\u00e9 montr\u00e9, tels que le Lion d&rsquo;argent \u00e0 Venise ou le prix du public \u00e0 San Sebastian. Le public de la Mostra l&rsquo;a accueilli avec une longue standing ovation de 23 minutes, sous les yeux de plusieurs grands noms d&rsquo;Hollywood comme Joaquin Phoenix, \u00e9mu aux larmes, ou Rooney Mara.<\/p>\n<p>Tous deux ont apport\u00e9 leur soutien au film en tant que producteurs ex\u00e9cutifs, au m\u00eame titre que Brad Pitt, Jonathan Glazer ou Alfonso Cuar\u00f3n. Il devrait \u00e9galement sortir aux \u00c9tats-Unis le 17 d\u00e9cembre. En Isra\u00ebl, o\u00f9 le film demeure inconnu, personne n&rsquo;a \u00e0 ce stade pr\u00e9vu de le distribuer.<\/p>\n<p class=\"sources\">olhor avec afp<\/p>\n<p class=\"article-footnote\"><b>\u00ab\u00a0La voix de Hind Rajab\u00a0\u00bb de Kaouther Ben Hania, avec Amer Hlehel,\u00a0Clara Khoury,\u00a0Motaz Malhees. A voir dans les salles romandes depuis le 3 d\u00e9cembre 2025.<\/b><\/p>\n","protected":false},"excerpt":{"rendered":"Film choc de la derni\u00e8re Mostra de Venise, \u00ab\u00a0La voix de Hind Rajab\u00a0\u00bb est sorti le 3 d\u00e9cembre.&hellip;\n","protected":false},"author":2,"featured_media":580893,"comment_status":"","ping_status":"","sticky":false,"template":"","format":"standard","meta":{"footnotes":""},"categories":[1354],"tags":[1693,4628,650,3983,58,59,69473,2081,1346,1011,27,69474,69475,2456,1360],"class_list":{"0":"post-580892","1":"post","2":"type-post","3":"status-publish","4":"format-standard","5":"has-post-thumbnail","7":"category-films","8":"tag-arts-et-divertissement","9":"tag-bande-de-gaza","10":"tag-cinema","11":"tag-deces","12":"tag-divertissement","13":"tag-entertainment","14":"tag-etat-de-palestine","15":"tag-film","16":"tag-films","17":"tag-fr","18":"tag-france","19":"tag-hind-rajab","20":"tag-kaouther-ben-hania","21":"tag-long-metrage","22":"tag-movies"},"share_on_mastodon":{"url":"https:\/\/pubeurope.com\/@fr\/115669543394435390","error":""},"_links":{"self":[{"href":"https:\/\/www.europesays.com\/fr\/wp-json\/wp\/v2\/posts\/580892","targetHints":{"allow":["GET"]}}],"collection":[{"href":"https:\/\/www.europesays.com\/fr\/wp-json\/wp\/v2\/posts"}],"about":[{"href":"https:\/\/www.europesays.com\/fr\/wp-json\/wp\/v2\/types\/post"}],"author":[{"embeddable":true,"href":"https:\/\/www.europesays.com\/fr\/wp-json\/wp\/v2\/users\/2"}],"replies":[{"embeddable":true,"href":"https:\/\/www.europesays.com\/fr\/wp-json\/wp\/v2\/comments?post=580892"}],"version-history":[{"count":0,"href":"https:\/\/www.europesays.com\/fr\/wp-json\/wp\/v2\/posts\/580892\/revisions"}],"wp:featuredmedia":[{"embeddable":true,"href":"https:\/\/www.europesays.com\/fr\/wp-json\/wp\/v2\/media\/580893"}],"wp:attachment":[{"href":"https:\/\/www.europesays.com\/fr\/wp-json\/wp\/v2\/media?parent=580892"}],"wp:term":[{"taxonomy":"category","embeddable":true,"href":"https:\/\/www.europesays.com\/fr\/wp-json\/wp\/v2\/categories?post=580892"},{"taxonomy":"post_tag","embeddable":true,"href":"https:\/\/www.europesays.com\/fr\/wp-json\/wp\/v2\/tags?post=580892"}],"curies":[{"name":"wp","href":"https:\/\/api.w.org\/{rel}","templated":true}]}}