{"id":580921,"date":"2025-12-05T23:40:27","date_gmt":"2025-12-05T23:40:27","guid":{"rendered":"https:\/\/www.europesays.com\/fr\/580921\/"},"modified":"2025-12-05T23:40:27","modified_gmt":"2025-12-05T23:40:27","slug":"pas-deau-chaude-dans-la-creche-depuis-deux-ou-trois-ans-la-ville-de-montpellier-sinsurge-contre-people-and-baby","status":"publish","type":"post","link":"https:\/\/www.europesays.com\/fr\/580921\/","title":{"rendered":"\u00ab\u00a0Pas d\u2019eau chaude dans la cr\u00e8che depuis deux ou trois ans\u00a0\u00bb\u00a0: la Ville de Montpellier s\u2019insurge contre People and Baby"},"content":{"rendered":"<p>\n                                                                Une r\u00e9union de crise s\u2019est tenue mardi 1er\u00a0d\u00e9cembre \u00e0 la cr\u00e8che Jos\u00e9phine-Baker ferm\u00e9e depuis le 27\u00a0novembre \u00e0 Ovalie, en raison d\u2019un probl\u00e8me de chaufferie. Mais celui-ci durait depuis longtemps, ce qui provoque la col\u00e8re de l\u2019adjointe \u00e0 la petite enfance.\n                            <\/p>\n<p>Jeudi 27\u00a0novembre, la cr\u00e8che Jos\u00e9phine-Baker, \u00e0 Ovalie, dont la gestion a \u00e9t\u00e9 confi\u00e9e par la Ville \u00e0 People and Baby, par le biais d\u2019une d\u00e9l\u00e9gation de service public (DSP), avait ferm\u00e9 du jour au lendemain, laissant les parents sans solution.<\/p>\n<p>Suite \u00e0 une panne r\u00e9currente de la chaufferie et des temp\u00e9ratures glaciales, le personnel avait menac\u00e9 d\u2019exercer son droit de retrait, pla\u00e7ant l\u2019entreprise devant ses responsabilit\u00e9s.<\/p>\n<p>Cinq jours apr\u00e8s, une r\u00e9union de crise s\u2019est tenue mardi dans les locaux de la cr\u00e8che en pr\u00e9sence des repr\u00e9sentants de la Ville, de People and Baby et des parents.<\/p>\n<p>\u00ab\u00a0En plus de l\u2019incomp\u00e9tence, y a-t-il eu dissimulation\u00a0?\u00a0\u00bb<\/p>\n<p>Ces derniers ont exprim\u00e9 \u00ab\u00a0une rupture de confiance profonde envers People and Baby\u00a0\u00bb. Ils ont \u00e9galement critiqu\u00e9 le dispositif de DSP.<\/p>\n<p>\u00ab\u00a0On nous parlait d\u2019un probl\u00e8me de chaudi\u00e8re et on a d\u00e9couvert qu\u2019il n\u2019y avait pas d\u2019eau chaude depuis deux ou trois ans\u00a0\u00bb, s\u2019indigne Tasnime Akbaraly, adjointe \u00e0 la petite enfance de la Ville. M\u00eame si ce n\u2019\u00e9tait pas tout le temps, \u00ab\u00a0nous avons exig\u00e9 des r\u00e9parations et des explications. Le d\u00e9l\u00e9gataire (People and Baby) a reconnu des manquements. Une enqu\u00eate a \u00e9t\u00e9 ouverte pour les recenser. S\u2019agit-il seulement d\u2019incomp\u00e9tence, ou y a-t-il en plus eu dissimulation\u00a0?\u00a0\u00bb<\/p>\n<p>\u00ab\u00a0Des enfants ont pu \u00eatre traumatis\u00e9s\u00a0\u00bb<\/p>\n<p>Dans un souci de transparence, \u00ab\u00a0nous avons transmis aux familles les comptes-rendus de r\u00e9union et de visites de contr\u00f4le. Nous avons demand\u00e9 au d\u00e9l\u00e9gataire qu\u2019il mette en place un soutien psychologique, car des enfants ont pu \u00eatre traumatis\u00e9s \u00e0 force d\u2019\u00eatre lav\u00e9s \u00e0 l\u2019eau froide. Des actions p\u00e9dagogiques seront mises en place pour que les petits enfants retrouvent confiance dans le contact avec l\u2019eau\u00a0\u00bb.<\/p>\n<p>Si une r\u00e9ouverture est possible ce lundi dans le meilleur des cas, les choses n\u2019en resteront pas l\u00e0. \u00ab\u00a0Nous constituons un dossier pour une mise en demeure, annonce l\u2019adjointe. Nous avons d\u00e9j\u00e0 r\u00e9sili\u00e9 une DSP et nous n\u2019h\u00e9siterons pas si cela s\u2019av\u00e8re n\u00e9cessaire.\u00a0\u00bb<\/p>\n","protected":false},"excerpt":{"rendered":"Une r\u00e9union de crise s\u2019est tenue mardi 1er\u00a0d\u00e9cembre \u00e0 la cr\u00e8che Jos\u00e9phine-Baker ferm\u00e9e depuis le 27\u00a0novembre \u00e0 Ovalie,&hellip;\n","protected":false},"author":2,"featured_media":580922,"comment_status":"","ping_status":"","sticky":false,"template":"","format":"standard","meta":{"footnotes":""},"categories":[9599],"tags":[1111,11,1777,674,1011,27,7089,2208,12,2680,25,1857],"class_list":{"0":"post-580921","1":"post","2":"type-post","3":"status-publish","4":"format-standard","5":"has-post-thumbnail","7":"category-montpellier","8":"tag-actu","9":"tag-actualites","10":"tag-eu","11":"tag-europe","12":"tag-fr","13":"tag-france","14":"tag-herault","15":"tag-montpellier","16":"tag-news","17":"tag-occitanie","18":"tag-republique-francaise","19":"tag-sociu00e9tu00e9"},"share_on_mastodon":{"url":"https:\/\/pubeurope.com\/@fr\/115669606345243363","error":""},"_links":{"self":[{"href":"https:\/\/www.europesays.com\/fr\/wp-json\/wp\/v2\/posts\/580921","targetHints":{"allow":["GET"]}}],"collection":[{"href":"https:\/\/www.europesays.com\/fr\/wp-json\/wp\/v2\/posts"}],"about":[{"href":"https:\/\/www.europesays.com\/fr\/wp-json\/wp\/v2\/types\/post"}],"author":[{"embeddable":true,"href":"https:\/\/www.europesays.com\/fr\/wp-json\/wp\/v2\/users\/2"}],"replies":[{"embeddable":true,"href":"https:\/\/www.europesays.com\/fr\/wp-json\/wp\/v2\/comments?post=580921"}],"version-history":[{"count":0,"href":"https:\/\/www.europesays.com\/fr\/wp-json\/wp\/v2\/posts\/580921\/revisions"}],"wp:featuredmedia":[{"embeddable":true,"href":"https:\/\/www.europesays.com\/fr\/wp-json\/wp\/v2\/media\/580922"}],"wp:attachment":[{"href":"https:\/\/www.europesays.com\/fr\/wp-json\/wp\/v2\/media?parent=580921"}],"wp:term":[{"taxonomy":"category","embeddable":true,"href":"https:\/\/www.europesays.com\/fr\/wp-json\/wp\/v2\/categories?post=580921"},{"taxonomy":"post_tag","embeddable":true,"href":"https:\/\/www.europesays.com\/fr\/wp-json\/wp\/v2\/tags?post=580921"}],"curies":[{"name":"wp","href":"https:\/\/api.w.org\/{rel}","templated":true}]}}