{"id":580928,"date":"2025-12-05T23:44:36","date_gmt":"2025-12-05T23:44:36","guid":{"rendered":"https:\/\/www.europesays.com\/fr\/580928\/"},"modified":"2025-12-05T23:44:36","modified_gmt":"2025-12-05T23:44:36","slug":"meurtre-de-celia-rue-danton-la-suspecte-assignee-a-residence","status":"publish","type":"post","link":"https:\/\/www.europesays.com\/fr\/580928\/","title":{"rendered":"Meurtre de C\u00e9lia, rue Danton : la suspecte assign\u00e9e \u00e0 r\u00e9sidence"},"content":{"rendered":"<p>\t\t\t\t\tEN BREF \u2013 Tournant judi\u00adciaire dans l\u2019affaire du meurtre de la rue Danton, sur\u00advenu le 18 octobre 2025 dans le quar\u00adtier Chorier-Berriat \u00e0 Grenoble. La jeune \u00e9tu\u00addiante de 20 ans, mise en exa\u00admen pour avoir mor\u00adtel\u00adle\u00adment poi\u00adgnard\u00e9 C\u00e9lia, 24 ans, va quit\u00adter la d\u00e9ten\u00adtion pro\u00advi\u00adsoire pour une assi\u00adgna\u00adtion \u00e0 r\u00e9si\u00addence sous sur\u00adveillance \u00e9lec\u00adtro\u00adnique, a tran\u00adch\u00e9 la chambre de l\u2019instruction du tri\u00adbu\u00adnal judi\u00adciaire de Grenoble, jeudi 4 d\u00e9cembre. Elle sera h\u00e9ber\u00adg\u00e9e chez une proche en Haute-Savoie, apr\u00e8s un rap\u00adport favo\u00adrable confir\u00admant la fai\u00adsa\u00adbi\u00adlit\u00e9 du dispositif.<\/p>\n<p>Ce que redou\u00adtaient la famille, les proches et les sou\u00adtiens de C\u00e9lia, m\u00e8re de deux enfants poi\u00adgnar\u00add\u00e9e \u00e0 mort, le 18 octobre 2025, par une voi\u00adsine lors d\u2019un dif\u00adf\u00e9\u00adrend de voi\u00adsi\u00adnage, a pris forme. En effet, la chambre d\u2019instruction du tri\u00adbu\u00adnal judi\u00adciaire de Grenoble a ordonn\u00e9, jeudi 4 d\u00e9cembre 2025, l\u2019as\u00adsi\u00adgna\u00adtion \u00e0 r\u00e9si\u00addence sous bra\u00adce\u00adlet \u00e9lec\u00adtro\u00adnique, de l\u2019\u00e9tudiante de 20 ans mise en exa\u00admen <a href=\"https:\/\/www.placegrenet.fr\/2025\/10\/19\/grenoble-une-jeune-femme-de-24-ans-tuee-lors-dun-differend-de-voisinage-dans-le-quartier-chorier-berriat\/662724\" target=\"_blank\" rel=\"noopener\">pour le meurtre de la jeune m\u00e8re de famille<\/a>, \u00e2g\u00e9e de 24 ans, rap\u00adporte le <a href=\"https:\/\/c.ledauphine.com\/faits-divers-justice\/2025\/12\/04\/meurtre-de-la-rue-danton-la-suspecte-placee-sous-bracelet-electronique\" target=\"_blank\" rel=\"noopener\">Dauphin\u00e9 lib\u00e9r\u00e9<\/a><\/p>\n<p>Initialement pla\u00adc\u00e9e en d\u00e9ten\u00adtion pro\u00advi\u00adsoire, la jeune femme, ainsi lib\u00e9\u00adr\u00e9e, sera h\u00e9ber\u00adg\u00e9e chez une proche en Haute-Savoie. \u00ab\u00a0Si elle se trou\u00advait lib\u00e9\u00adr\u00e9e, nous serions vrai\u00adment tr\u00e8s cho\u00adqu\u00e9s du fait qu\u2019en France on puisse tuer des gens et se retrou\u00adver dans la rue un mois et demi apr\u00e8s\u00a0\u00bb, avait confi\u00e9 au micro de Place Gre\u2019net, Tatiana, belle-s\u0153ur de C\u00e9lia, \u00e0 l\u2019is\u00adsue d\u2019une marche blanche orga\u00adni\u00ads\u00e9e mer\u00adcredi 3 d\u00e9cembre, r\u00e9cla\u00admant \u00ab\u00a0jus\u00adtice pour C\u00e9lia\u00a0\u00bb.<\/p>\n<p>\ufeff<\/p>\n<p>La ques\u00adtion cen\u00adtrale de la l\u00e9gi\u00adtime d\u00e9fense<\/p>\n<p>Ce 18 octobre 2025, en d\u00e9but de soi\u00adr\u00e9e, la ten\u00adsion monte dans un immeuble de la rue Danton, au c\u0153ur du quar\u00adtier popu\u00adlaire Chorier-Berriat. Des nui\u00adsances sonores repro\u00adch\u00e9es \u00e0 l\u2019\u00e9tudiante par la famille de C\u00e9lia d\u00e9g\u00e9\u00adn\u00e8rent en vive alter\u00adca\u00adtion dans la cage d\u2019escalier.<\/p>\n<p>Quelques minutes plus tard, la jeune m\u00e8re de famille, venue d\u00e9fendre la tran\u00adquillit\u00e9 de sa m\u00e8re qui habite l\u2019appartement du des\u00adsous, se rend \u00e0 la porte de la sus\u00adpecte. La situa\u00adtion s\u2019embrase alors dans le loge\u00adment\u00a0: C\u00e9lia est atteinte de plu\u00adsieurs coups de cou\u00adteau, dont un mor\u00adtel au niveau du tho\u00adrax, et suc\u00adcombe rapi\u00adde\u00adment mal\u00adgr\u00e9 l\u2019intervention des secours. L\u2019\u00e9tudiante se voit alors mise en exa\u00admen pour meurtre et pla\u00adc\u00e9e en d\u00e9ten\u00adtion pro\u00advi\u00adsoire le 20 octobre.<\/p>\n<p><a href=\"https:\/\/www.europesays.com\/fr\/wp-content\/uploads\/2025\/12\/marcheblancheceliacreditjoelkermabon-2-scaled.jpg\"><img fetchpriority=\"high\" decoding=\"async\" aria-describedby=\"caption-attachment-666373\" class=\"wp-image-666373 size-full\" src=\"data:image\/svg+xml,%3Csvg%20xmlns=\" http:=\"\" alt=\"La famille, les proches et les soutiens de C\u00e9lia avait r\u00e9clam\u00e9 justice sur le parvis du palais de justice ce Grenoble. \u00a9 Jo\u00ebl Kermabon - Place Gre'net\" width=\"2048\" height=\"1152\" data-lazy- data-lazy- data-lazy-src=\"https:\/\/www.europesays.com\/fr\/wp-content\/uploads\/2025\/12\/marcheblancheceliacreditjoelkermabon-2-scaled.jpg\"\/><\/a><\/p>\n<p id=\"caption-attachment-666373\" class=\"wp-caption-text\">La famille, les proches et les sou\u00adtiens de C\u00e9lia\u00a0sur le par\u00advis du palais de jus\u00adtice de Grenoble, \u00e0 l\u2019is\u00adsue de la marche blanche. \u00a9 Jo\u00ebl Kermabon \u2013 Place Gre\u2019net<\/p>\n<p>Lors d\u2019une audience devant le juge de libert\u00e9 et de la d\u00e9ten\u00adtion (JLD), le 27 novembre 2025, Me Ronald Gallo, avo\u00adcat de la sus\u00adpecte, avait plaid\u00e9 la l\u00e9gi\u00adtime d\u00e9fense, d\u00e9cri\u00advant une jeune femme d\u00e9pas\u00ads\u00e9e par la vio\u00adlence du conflit, pani\u00adqu\u00e9e \u00e0 l\u2019id\u00e9e d\u2019une nou\u00advelle agres\u00adsion et n\u2019ayant, selon lui, \u00ab\u00a0pas pris l\u2019initiative des faits\u00a0\u00bb. Le par\u00adquet g\u00e9n\u00e9\u00adral avait cepen\u00addant contest\u00e9 cette ana\u00adlyse. La magis\u00adtrate avait rap\u00adpel\u00e9, lors de cette audience, que la vic\u00adtime \u00e9tait \u00ab\u00a0seule et non arm\u00e9e\u00a0\u00bb au moment o\u00f9 elle avait re\u00e7u les coups de cou\u00adteau, poin\u00adtant une \u00ab\u00a0dis\u00adpro\u00adpor\u00adtion mani\u00adfeste de la riposte\u00a0\u00bb.<\/p>\n<p>La chambre de l\u2019instruction a donc par\u00adtiel\u00adle\u00adment donn\u00e9 rai\u00adson \u00e0 l\u2019a\u00advo\u00adcat p\u00e9na\u00adliste en accep\u00adtant une assi\u00adgna\u00adtion \u00e0 r\u00e9si\u00addence sous sur\u00adveillance \u00e9lec\u00adtro\u00adnique, apr\u00e8s une \u00e9tude de fai\u00adsa\u00adbi\u00adlit\u00e9 concluante. En atten\u00addant le pro\u00adc\u00e8s, la jus\u00adtice pour\u00adsuit ses inves\u00adti\u00adga\u00adtions sur les cir\u00adcons\u00adtances exactes du drame et sur la ques\u00adtion, celle-l\u00e0 cen\u00adtrale, de la l\u00e9gi\u00adtime d\u00e9fense.<\/p>\n","protected":false},"excerpt":{"rendered":"EN BREF \u2013 Tournant judi\u00adciaire dans l\u2019affaire du meurtre de la rue Danton, sur\u00advenu le 18 octobre 2025&hellip;\n","protected":false},"author":2,"featured_media":580929,"comment_status":"","ping_status":"","sticky":false,"template":"","format":"standard","meta":{"footnotes":""},"categories":[9566],"tags":[1111,11,2430,1777,674,1011,27,2731,12,25],"class_list":{"0":"post-580928","1":"post","2":"type-post","3":"status-publish","4":"format-standard","5":"has-post-thumbnail","7":"category-grenoble","8":"tag-actu","9":"tag-actualites","10":"tag-auvergne-rhone-alpes","11":"tag-eu","12":"tag-europe","13":"tag-fr","14":"tag-france","15":"tag-grenoble","16":"tag-news","17":"tag-republique-francaise"},"share_on_mastodon":{"url":"https:\/\/pubeurope.com\/@fr\/115669622277370469","error":""},"_links":{"self":[{"href":"https:\/\/www.europesays.com\/fr\/wp-json\/wp\/v2\/posts\/580928","targetHints":{"allow":["GET"]}}],"collection":[{"href":"https:\/\/www.europesays.com\/fr\/wp-json\/wp\/v2\/posts"}],"about":[{"href":"https:\/\/www.europesays.com\/fr\/wp-json\/wp\/v2\/types\/post"}],"author":[{"embeddable":true,"href":"https:\/\/www.europesays.com\/fr\/wp-json\/wp\/v2\/users\/2"}],"replies":[{"embeddable":true,"href":"https:\/\/www.europesays.com\/fr\/wp-json\/wp\/v2\/comments?post=580928"}],"version-history":[{"count":0,"href":"https:\/\/www.europesays.com\/fr\/wp-json\/wp\/v2\/posts\/580928\/revisions"}],"wp:featuredmedia":[{"embeddable":true,"href":"https:\/\/www.europesays.com\/fr\/wp-json\/wp\/v2\/media\/580929"}],"wp:attachment":[{"href":"https:\/\/www.europesays.com\/fr\/wp-json\/wp\/v2\/media?parent=580928"}],"wp:term":[{"taxonomy":"category","embeddable":true,"href":"https:\/\/www.europesays.com\/fr\/wp-json\/wp\/v2\/categories?post=580928"},{"taxonomy":"post_tag","embeddable":true,"href":"https:\/\/www.europesays.com\/fr\/wp-json\/wp\/v2\/tags?post=580928"}],"curies":[{"name":"wp","href":"https:\/\/api.w.org\/{rel}","templated":true}]}}