{"id":580932,"date":"2025-12-05T23:46:37","date_gmt":"2025-12-05T23:46:37","guid":{"rendered":"https:\/\/www.europesays.com\/fr\/580932\/"},"modified":"2025-12-05T23:46:37","modified_gmt":"2025-12-05T23:46:37","slug":"a-rennes-la-police-fait-la-chasse-au-refus-de-priorite-aux-pietons","status":"publish","type":"post","link":"https:\/\/www.europesays.com\/fr\/580932\/","title":{"rendered":"\u00e0 Rennes, la police fait la chasse au refus de priorit\u00e9 aux pi\u00e9tons"},"content":{"rendered":"<p>                    Par<br \/>\n        <strong><br \/>\n            <a href=\"https:\/\/actu.fr\/auteur\/clemence-pays02-actu-fr\" title=\"Consulter tous les articles de Cl\u00e9mence Pays\" target=\"_blank\" rel=\"noopener\">Cl\u00e9mence Pays<\/a><br \/>\n                    <\/strong><\/p>\n<p>        Publi\u00e9 le<\/p>\n<p>            5 d\u00e9c. 2025 \u00e0 9h05        <\/p>\n<p>Jeudi 4\u00a0d\u00e9cembre 2025, quelques usagers de la route se sont fait <strong>surprendre par la police<\/strong> de <a href=\"https:\/\/actu.fr\/rennes\/\" target=\"_blank\" rel=\"noopener\">Rennes<\/a>.\u00a0<\/p>\n<p class=\" wall-content\">Cette derni\u00e8re a r\u00e9v\u00e9l\u00e9 sur son compte X avoir r\u00e9alis\u00e9<strong> \u00ab\u2009plusieurs contr\u00f4les\u2009\u00bb aux abords des passages prot\u00e9g\u00e9s<\/strong> \u00ab\u2009pour rappeler aux automobilistes et cycles <strong>la priorit\u00e9 donn\u00e9e aux pi\u00e9tons<\/strong> sur ces aires\u2009\u00bb.<\/p>\n<p>Dix personnes verbalis\u00e9es<\/p>\n<p class=\" wall-content\">Au cours de cette journ\u00e9e de contr\u00f4le, <strong>dix verbalisations<\/strong> ont \u00e9t\u00e9 adress\u00e9es pour refus de priorit\u00e9.<\/p>\n<p class=\" wall-content\">\n<p class=\" wall-content\">L\u2019occasion pour les forces de l\u2019ordre de rappeler qu\u2019en cas de non-respect de la r\u00e9glementation, un conducteur risque de perdre <strong>six points sur son permis de conduire<\/strong> et une <strong>amende de 135\u00a0euros.<\/strong><\/p>\n<p class=\" wall-content\">Personnalisez votre actualit\u00e9 en ajoutant vos villes et m\u00e9dias en favori avec <a href=\"https:\/\/moncompte.actu.fr\" title=\"D\u00e9couvez Mon Actu\" rel=\"nofollow noopener\" data-trk=\"{&quot;cta&quot;:{&quot;action&quot;:&quot;https:\\\/\\\/moncompte.actu.fr&quot;,&quot;category&quot;:&quot;mon compte&quot;,&quot;from&quot;:&quot;article footer&quot;,&quot;name&quot;:&quot;Mon actu&quot;,&quot;type&quot;:&quot;cta&quot;}}\" target=\"_blank\">Mon Actu<\/a>.<\/p>\n","protected":false},"excerpt":{"rendered":"Par Cl\u00e9mence Pays Publi\u00e9 le 5 d\u00e9c. 2025 \u00e0 9h05 Jeudi 4\u00a0d\u00e9cembre 2025, quelques usagers de la route&hellip;\n","protected":false},"author":2,"featured_media":580933,"comment_status":"","ping_status":"","sticky":false,"template":"","format":"standard","meta":{"footnotes":""},"categories":[2821],"tags":[1111,11,829,1777,674,118,1011,27,12,1072,584,25,5009],"class_list":{"0":"post-580932","1":"post","2":"type-post","3":"status-publish","4":"format-standard","5":"has-post-thumbnail","7":"category-rennes","8":"tag-actu","9":"tag-actualites","10":"tag-bretagne","11":"tag-eu","12":"tag-europe","13":"tag-faits-divers","14":"tag-fr","15":"tag-france","16":"tag-news","17":"tag-police","18":"tag-rennes","19":"tag-republique-francaise","20":"tag-securite-routiere"},"share_on_mastodon":{"url":"https:\/\/pubeurope.com\/@fr\/115669630005195736","error":""},"_links":{"self":[{"href":"https:\/\/www.europesays.com\/fr\/wp-json\/wp\/v2\/posts\/580932","targetHints":{"allow":["GET"]}}],"collection":[{"href":"https:\/\/www.europesays.com\/fr\/wp-json\/wp\/v2\/posts"}],"about":[{"href":"https:\/\/www.europesays.com\/fr\/wp-json\/wp\/v2\/types\/post"}],"author":[{"embeddable":true,"href":"https:\/\/www.europesays.com\/fr\/wp-json\/wp\/v2\/users\/2"}],"replies":[{"embeddable":true,"href":"https:\/\/www.europesays.com\/fr\/wp-json\/wp\/v2\/comments?post=580932"}],"version-history":[{"count":0,"href":"https:\/\/www.europesays.com\/fr\/wp-json\/wp\/v2\/posts\/580932\/revisions"}],"wp:featuredmedia":[{"embeddable":true,"href":"https:\/\/www.europesays.com\/fr\/wp-json\/wp\/v2\/media\/580933"}],"wp:attachment":[{"href":"https:\/\/www.europesays.com\/fr\/wp-json\/wp\/v2\/media?parent=580932"}],"wp:term":[{"taxonomy":"category","embeddable":true,"href":"https:\/\/www.europesays.com\/fr\/wp-json\/wp\/v2\/categories?post=580932"},{"taxonomy":"post_tag","embeddable":true,"href":"https:\/\/www.europesays.com\/fr\/wp-json\/wp\/v2\/tags?post=580932"}],"curies":[{"name":"wp","href":"https:\/\/api.w.org\/{rel}","templated":true}]}}