{"id":580942,"date":"2025-12-05T23:52:18","date_gmt":"2025-12-05T23:52:18","guid":{"rendered":"https:\/\/www.europesays.com\/fr\/580942\/"},"modified":"2025-12-05T23:52:18","modified_gmt":"2025-12-05T23:52:18","slug":"que-faire-a-nice-ce-week-end-du-05-06-et-07-decembre-2025","status":"publish","type":"post","link":"https:\/\/www.europesays.com\/fr\/580942\/","title":{"rendered":"Que faire \u00e0 Nice ce week-end\u00a0du 05, 06 et 07 d\u00e9cembre 2025 ?"},"content":{"rendered":"<p><strong>Entre \u00e9v\u00e9nements sportifs, culturels, musicaux ou de la f\u00e9erie de No\u00ebl, ce week-end Nice ne manque pas d\u2019animations, qui combleront de bonheur petits et grands\u00a0!<\/strong><\/p>\n<p><strong>Vendredi 05 d\u00e9cembre 2025<\/strong><\/p>\n<p><strong>Le Salon de la Copropri\u00e9t\u00e9 de la C\u00f4te d\u2019Azur \u00e0 Nice<\/strong><\/p>\n<p>SOLUCOP le <strong>Salon des syndics et de la Copropri\u00e9t\u00e9<\/strong> pose ses valises pour la derni\u00e8re journ\u00e9e ce vendredi 05 d\u00e9cembre 2025 \u00e0 Nice. En partenariat avec la FNAIM et UNIS les professionnels de l\u2019immobilier, le salon accompagne et conseille les acteurs du secteur et les particuliers \u00e0 travers expositions, conf\u00e9rences et rencontres avec des experts.<\/p>\n<p><strong>Lieu\u00a0:<\/strong> Palais Nika\u00efa \u2013 163 Bd du Mercantour \u2013 06200 Nice<\/p>\n<p><strong>Horaire\u00a0:<\/strong> De 9 heures \u00e0 17 heures<\/p>\n<p><strong>LUNA PARK fait son grand retour\u00a0!<\/strong><\/p>\n<p>Pour les f\u00eates de fin d\u2019ann\u00e9e, <strong>Luna Park<\/strong>, le seul parc d\u2019attraction couvert en Europe fait son grand <strong>retour <\/strong>dans la Cit\u00e9 Azur\u00e9enne jusqu\u2019au 04 Janvier 2026. Proposant plus de 70 stands d\u2019attractions et de man\u00e8ges pour petits et grands.<\/p>\n<p><strong>Lieu\u00a0:<\/strong> Palais des Expositions \u2013 Esplanade de Lattre de Tassigny \u2013 06000 Nice<\/p>\n<p><strong>Horaire\u00a0:<\/strong> De 17 heures \u00e0 23 heures<\/p>\n<p><strong>Hockey sur glace\u00a0: Nice \u2013 Gap<\/strong><\/p>\n<p><a href=\"https:\/\/www.aiglesdenice.com\/\" target=\"_blank\" data-type=\"link\" data-id=\"https:\/\/www.aiglesdenice.com\/\" rel=\"noreferrer noopener\">Les <\/a><strong><a href=\"https:\/\/www.aiglesdenice.com\/\" target=\"_blank\" data-type=\"link\" data-id=\"https:\/\/www.aiglesdenice.com\/\" rel=\"noreferrer noopener\">Aigles <\/a>affrontent Gap<\/strong> pour le compte de la 23\u00e8me journ\u00e9e de Ligue Magnus. Apr\u00e8s sa r\u00e9cente victoire \u00e0 l\u2019ext\u00e9rieur face \u00e0 Chamonix Mont-Blanc, ils auront \u00e0 c\u0153ur de briller cette fois-ci devant leur public, afin d\u2019effacer leur derni\u00e8re d\u00e9faite <strong>\u00e0 domicile<\/strong> face \u00e0 Amiens.<\/p>\n<p><strong>Lieu :<\/strong> Complexe sportif Jean Bouin \u2013 rue Jean All\u00e8gre \u2013 Nice<\/p>\n<p><strong>Horaire\u00a0:<\/strong> 20 heures<\/p>\n<p><strong>Humour \u00ab\u00a02 \u00bd\u00a0\u00bb sign\u00e9 Vizorek<\/strong><\/p>\n<p>L\u2019humoriste belge <strong>Alex Vizorek<\/strong> pr\u00e9sente son nouveau <strong>stand up<\/strong> \u00ab\u00a02 \u00bd\u00a0\u00bb dans lequel il se laisse la possibilit\u00e9 d\u2019improviser en \u00e9voquant les sujets contemporains de l\u2019actualit\u00e9 avec l\u00e9g\u00e8ret\u00e9, humour savoureux, finesse et une ambiance chaleureuse.<\/p>\n<p><strong>Lieu\u00a0:<\/strong> Th\u00e9\u00e2tre de la Cit\u00e9 \u2013 3 Rue Paganini \u2013 06000 Nice<\/p>\n<p><strong>Horaire\u00a0:<\/strong> 20h30<\/p>\n<p><strong>Samedi 06 d\u00e9cembre<\/strong> <strong>2025<\/strong><\/p>\n<p><strong>3e Forum Europ\u00e9en Allaitement<\/strong><\/p>\n<p>Ce forum est une occasion unique pour les mamans et futures mais \u00e9galement pour les familles d\u2019avoir les derni\u00e8res informations, les meilleurs conseils pour aborder plus sereinement l\u2019allaitement. L\u2019id\u00e9e est de r\u00e9unir des scientifiques, professionnel(le)s de sant\u00e9 et des associations concern\u00e9es pour \u00e9changer \u00e0 partir des conf\u00e9rences, tables-rondes mais \u00e9galement une s\u00e9lection de cr\u00e9ateurs et de marques. <a href=\"https:\/\/www.helloasso.com\/associations\/mum-mood\/evenements\/mum-mood-3?fbclid=IwY2xjawOeymZleHRuA2FlbQIxMABicmlkETBHUlA4MlFkdHl4dTI3dXd0c3J0YwZhcHBfaWQQMjIyMDM5MTc4ODIwMDg5MgABHpceBett-1LC7znYemQFuChYkjMbZ3OyblvKyI2PY3UdNe6cbelojgWAbcaF_aem_vBiwfKo3bijOfbf1sLi9Aw\" data-type=\"link\" data-id=\"https:\/\/www.helloasso.com\/associations\/mum-mood\/evenements\/mum-mood-3?fbclid=IwY2xjawOeymZleHRuA2FlbQIxMABicmlkETBHUlA4MlFkdHl4dTI3dXd0c3J0YwZhcHBfaWQQMjIyMDM5MTc4ODIwMDg5MgABHpceBett-1LC7znYemQFuChYkjMbZ3OyblvKyI2PY3UdNe6cbelojgWAbcaF_aem_vBiwfKo3bijOfbf1sLi9Aw\" target=\"_blank\" rel=\"noreferrer noopener\">Vous pouvez r\u00e9server vos places et consulter le programme ici.<\/a><\/p>\n<p><strong>Lieu : <\/strong>AC H\u00f4tel Nice, rue Honor\u00e9 Sauvan, 06000 Nice<\/p>\n<p><strong>Horaire :<\/strong> de 10 heures \u00e0 17h30<\/p>\n<p><strong>Au th\u00e9\u00e2tre un amour hors du temps<\/strong><\/p>\n<p>Issue du roman du m\u00eame nom publi\u00e9 dans les ann\u00e9es 1960 et longtemps censur\u00e9, la pi\u00e8ce de <strong>th\u00e9\u00e2tre <\/strong>\u00ab\u00a0Th\u00e9r\u00e8se et Isabelle\u00a0\u00bb raconte une histoire d\u2019amour aussi bouleversante que passionnante de deux femmes vou\u00e9e \u00e0 ne jamais pouvoir \u00eatre v\u00e9cu au c\u0153ur du XX\u00e8me si\u00e8cle. \u00a0<\/p>\n<p><strong>Lieu :<\/strong> Salle des Franciscains \u2013 4-6 Pl. Saint-Fran\u00e7ois \u2013 06300 Nice<\/p>\n<p><strong>Horaire :<\/strong> 15 heures<\/p>\n<p><strong>Candlelight\u00a0: Queen vs Abba \u00a0<\/strong><\/p>\n<p>Plongez <a href=\"https:\/\/www.nicepremium.fr\/culture-loisirs\/on-a-teste-pour-vous-le-concert-a-la-bougie-a-lobservatoire-de-la-cote-dazur-a-nice\/\" target=\"_blank\" data-type=\"link\" data-id=\"https:\/\/www.nicepremium.fr\/culture-loisirs\/on-a-teste-pour-vous-le-concert-a-la-bougie-a-lobservatoire-de-la-cote-dazur-a-nice\/\" rel=\"noreferrer noopener\">au c\u0153ur d\u2019une exp\u00e9rience musicale<\/a> magique \u00e9clair\u00e9e \u00e0 la <strong>bougie<\/strong> o\u00f9 un quatuor \u00e0 cordes entonnera tours \u00e0 tours les plus c\u00e9l\u00e8bres airs du l\u00e9gendaire groupe pop su\u00e9dois <strong>Abba<\/strong> et du groupe rock britannique <strong>Queen<\/strong>.<\/p>\n<p><strong>Lieu\u00a0: <\/strong>Westminster Hotel &amp; Spa \u2013 27 Prom. des Anglais \u2013 06000 Nice<\/p>\n<p><strong>Horaire\u00a0: <\/strong>19 heures et 20 heures<\/p>\n<p><strong>Soprano en tourn\u00e9e<\/strong><\/p>\n<p>Artiste incontournable de la sc\u00e8ne musicale fran\u00e7aise, le rappeur, chanteur, auteur-compositeur, <strong>Soprano<\/strong> est en <strong>concert<\/strong> \u00e0 Nice pour sa nouvelle tourn\u00e9e \u00ab\u00a0Freedom Tour \u00bb<\/p>\n<p><strong>Lieu\u00a0:<\/strong> Palais Nika\u00efa \u2013 163 Bd du Mercantour \u2013 06200 Nice<\/p>\n<p><strong>Horaire\u00a0:<\/strong> 20 heures<\/p>\n<p><strong>Dimanche 07 d\u00e9cembre 2025<\/strong><\/p>\n<p><strong>Escape Game immersif \u00e0 l\u2019Op\u00e9ra de Nice<\/strong><\/p>\n<p>Venez d\u00e9couvrir des \u00e9nigmes \u00e0 r\u00e9soudre pour un <strong>Escape Game immersif <\/strong>inspir\u00e9 du chef d\u2019\u0153uvre d\u2019Alexandre Dumas \u00ab\u00a0Le Comte de Monte-Cristo\u00a0\u00bb dans les salles de l\u2019Op\u00e9ra de Nice.<\/p>\n<p><strong>Lieu\u00a0:<\/strong> Op\u00e9ra de Nice \u2013 4-6 Rue Saint-Fran\u00e7ois de Paule \u2013 06300 Nice<\/p>\n<p><strong>Horaire\u00a0:<\/strong> 14h30<\/p>\n<p><strong>Football\u00a0: OGC Nice \u2013 SCO Angers<\/strong><\/p>\n<p>Apr\u00e8s sa d\u00e9faite \u00e0 Lorient lors de son dernier match et <a href=\"https:\/\/www.nicepremium.fr\/sports\/ogcn-football\/fc-lorient-ogc-nice-rien-va-plus-du-cote-du-gym\/\" target=\"_blank\" data-type=\"link\" data-id=\"https:\/\/www.nicepremium.fr\/sports\/ogcn-football\/fc-lorient-ogc-nice-rien-va-plus-du-cote-du-gym\/\" rel=\"noreferrer noopener\">apr\u00e8s une semaine mouvement\u00e9e aux allures de crise<\/a>, <strong>le Gym re\u00e7oit le SCO d\u2019Angers <\/strong>pour le compte de la 15\u00e8me journ\u00e9e du championnat. Un seul objectif pour les rouges et noirs gagner et briller devant ses supporters afin de relancer une dynamique positive et retrouver la confiance perdue<\/p>\n<p><strong>Lieu :<\/strong> Stade de l\u2019Allianz Riviera \u2013 Boulevard des jardiniers \u2013 06200 Nice<\/p>\n<p><strong>Horaire\u00a0:<\/strong> \u00e0 partir de 20h45<\/p>\n<p><strong>La grande parade de No\u00ebl \u00e0 Nice<\/strong><\/p>\n<p><a href=\"https:\/\/www.nicepremium.fr\/associations\/la-grande-parade-de-noel-revient-a-nice-le-7-decembre-2025\/\" target=\"_blank\" data-type=\"link\" data-id=\"https:\/\/www.nicepremium.fr\/associations\/la-grande-parade-de-noel-revient-a-nice-le-7-decembre-2025\/\" rel=\"noreferrer noopener\">Une <strong>parade<\/strong> f\u00e9erique et magique<\/a> s\u2019\u00e9lancera depuis l\u2019<strong>Avenue Jean-M\u00e9decin<\/strong>, avec plus de 200 musiciens, des danseurs, DJ, des mascottes, des acrobates et des caravaniers autour du char du P\u00e8re No\u00ebl. Un show qui \u00e9merveillera petits et grands et qui promet de beaux instants de partage autour de la magie de <strong>No\u00ebl<\/strong>.<\/p>\n<p><strong>Lieu\u00a0:<\/strong> Avenue Jean-M\u00e9decin \u2013 06000 Nice<\/p>\n<p><strong>Horaire\u00a0:<\/strong> de 17 heures \u00e0 18h30<\/p>\n<p><strong>Ch\u0153urs de No\u00ebl <\/strong><\/p>\n<p>Les voix cristallines du Ch\u0153ur d\u2019Enfants de l\u2019Op\u00e9ra de Nice se m\u00ealeront \u00e0 celles du Ch\u0153ur de l\u2019Op\u00e9ra pour offrir un concert f\u00e9erique autour des plus beaux chants embl\u00e9matiques de No\u00ebl. Un moment musical chaleureux o\u00f9 tradition, \u00e9motion et magie se rencontrent pour enchanter petits et grands \u00e0 l\u2019approche des f\u00eates de fin d\u2019ann\u00e9e.<\/p>\n<p><strong>Lieu\u00a0:<\/strong> Cath\u00e9drale Sainte-R\u00e9parate \u2013 3 Pl. Rossetti \u2013 06300 Nice<\/p>\n<p><strong>Horaire\u00a0: <\/strong>18 heures.<\/p>\n<p><strong>NicePremium est un m\u00e9dia local ind\u00e9pendant et gratuit.<\/strong><br \/>Pour nous aider \u00e0 continuer, vous pouvez soutenir notre travail \u00e0 partir de 5 \u20ac par mois.<\/p>\n<p><a class=\"np-soutien-btn\" href=\"https:\/\/www.nicepremium.fr\/faire-un-don\/\" target=\"_blank\" rel=\"noopener\">Soutenir NicePremium<\/a><\/p>\n","protected":false},"excerpt":{"rendered":"Entre \u00e9v\u00e9nements sportifs, culturels, musicaux ou de la f\u00e9erie de No\u00ebl, ce week-end Nice ne manque pas d\u2019animations,&hellip;\n","protected":false},"author":2,"featured_media":304648,"comment_status":"","ping_status":"","sticky":false,"template":"","format":"standard","meta":{"footnotes":""},"categories":[2819],"tags":[1111,11,1777,674,1011,27,12,2401,882,25],"class_list":{"0":"post-580942","1":"post","2":"type-post","3":"status-publish","4":"format-standard","5":"has-post-thumbnail","7":"category-nice","8":"tag-actu","9":"tag-actualites","10":"tag-eu","11":"tag-europe","12":"tag-fr","13":"tag-france","14":"tag-news","15":"tag-nice","16":"tag-provence-alpes-cote-dazur","17":"tag-republique-francaise"},"share_on_mastodon":{"url":"https:\/\/pubeurope.com\/@fr\/115669653808583517","error":""},"_links":{"self":[{"href":"https:\/\/www.europesays.com\/fr\/wp-json\/wp\/v2\/posts\/580942","targetHints":{"allow":["GET"]}}],"collection":[{"href":"https:\/\/www.europesays.com\/fr\/wp-json\/wp\/v2\/posts"}],"about":[{"href":"https:\/\/www.europesays.com\/fr\/wp-json\/wp\/v2\/types\/post"}],"author":[{"embeddable":true,"href":"https:\/\/www.europesays.com\/fr\/wp-json\/wp\/v2\/users\/2"}],"replies":[{"embeddable":true,"href":"https:\/\/www.europesays.com\/fr\/wp-json\/wp\/v2\/comments?post=580942"}],"version-history":[{"count":0,"href":"https:\/\/www.europesays.com\/fr\/wp-json\/wp\/v2\/posts\/580942\/revisions"}],"wp:featuredmedia":[{"embeddable":true,"href":"https:\/\/www.europesays.com\/fr\/wp-json\/wp\/v2\/media\/304648"}],"wp:attachment":[{"href":"https:\/\/www.europesays.com\/fr\/wp-json\/wp\/v2\/media?parent=580942"}],"wp:term":[{"taxonomy":"category","embeddable":true,"href":"https:\/\/www.europesays.com\/fr\/wp-json\/wp\/v2\/categories?post=580942"},{"taxonomy":"post_tag","embeddable":true,"href":"https:\/\/www.europesays.com\/fr\/wp-json\/wp\/v2\/tags?post=580942"}],"curies":[{"name":"wp","href":"https:\/\/api.w.org\/{rel}","templated":true}]}}