{"id":58095,"date":"2025-04-28T01:19:14","date_gmt":"2025-04-28T01:19:14","guid":{"rendered":"https:\/\/www.europesays.com\/fr\/58095\/"},"modified":"2025-04-28T01:19:14","modified_gmt":"2025-04-28T01:19:14","slug":"ligue-1-un-triste-0-0-pour-les-canaris-face-a-toulouse","status":"publish","type":"post","link":"https:\/\/www.europesays.com\/fr\/58095\/","title":{"rendered":"Ligue 1 : un triste 0-0 pour les Canaris face \u00e0 Toulouse"},"content":{"rendered":"\n<p>C&rsquo;est un 0-0 \u00e0 vite oublier pour le FC Nantes d&rsquo;Antoine Kombouar\u00e9 ! Les Canaris n&rsquo;ont jamais trouv\u00e9 l&rsquo;ouverture face \u00e0 une \u00e9quipe de Toulouse pourtant r\u00e9duite \u00e0 10 peu apr\u00e8s la demi-heure de jeu, sans que l&rsquo;on sache vraiment si cette apathie offensive rel\u00e8ve d&rsquo;un manque d&rsquo;ambition dans le jeu ou d&rsquo;un manque de talent sur le terrain. Ou bien des deux. L&rsquo;attaquant du FCN Matthis Abline retient surtout de son c\u00f4t\u00e9 les 2 points de perdus dans la course au maintien :<\/p>\n<p>\u00a0<\/p>\n<blockquote><p>\n\u00ab\u00a0<strong>On a bien d\u00e9fendu mais on a peut-\u00eatre oubli\u00e9 d&rsquo;attaquer<\/strong> !\u00a0\u00bb\n<\/p><\/blockquote>\n<p>\u00a0<\/p>\n<p>\u00ab\u00a0<strong>C&rsquo;est 2 points de perdus !<\/strong> <strong>On ne pouvait pas esp\u00e9rer mieux vu la prestation.<\/strong> On a bien d\u00e9fendu mais on a peut-\u00eatre oubli\u00e9 d&rsquo;attaquer et de poser du danger \u00e0 cette \u00e9quipe de Toulouse. Donc je pense qu&rsquo;il va falloir trouver <strong>quelque chose \u00e0 mettre en place pour arriver \u00e0 \u00eatre dangereux face \u00e0 des blocs qui sont un peu plus bas<\/strong>, afin d&rsquo;assurer une victoire. Parce que je pense que c&rsquo;est ce qu&rsquo;il nous manque pour le maintien !\u00a0\u00bb <\/p>\n<p>Le coach du FCN Antoine Kombouar\u00e9 estime que son \u00e9quipe a eu ce qu&rsquo;elle m\u00e9rite :<\/p>\n<p>\u00a0<\/p>\n<blockquote><p>\n\u00ab\u00a0On n&rsquo;a jamais trouv\u00e9 de solution quand on s&rsquo;est retrouv\u00e9 en sup\u00e9riorit\u00e9 num\u00e9rique\u00a0\u00bb\n<\/p><\/blockquote>\n<p>\u00a0<\/p>\n<p>\u00ab\u00a0On a m\u00e9rit\u00e9 de ne prendre qu&rsquo;un point parce qu&rsquo;en 2e mi-temps on n&rsquo;a jamais trouv\u00e9 de solution, quand on s&rsquo;est retrouv\u00e9 en sup\u00e9riorit\u00e9 num\u00e9rique face \u00e0 un bloc tr\u00e8s bas, alors que Toulouse restait sur 5 d\u00e9faites cons\u00e9cutives et \u00e9tait venu avec l&rsquo;id\u00e9e de bien d\u00e9fendre et de casser le rythme. Donc on est les premiers d\u00e9\u00e7us, parce que j&rsquo;attendais mes joueurs au tournant, mais apr\u00e8s il y a plein de raisons : est-ce qu&rsquo;il y a de la fatigue, avec 3 matchs en 9 jours ? En tout cas on avait beaucoup de joueurs pas au pas au niveau pour aller chercher la victoire, donc c&rsquo;est comme \u00e7a.\u00a0\u00bb<\/p>\n","protected":false},"excerpt":{"rendered":"C&rsquo;est un 0-0 \u00e0 vite oublier pour le FC Nantes d&rsquo;Antoine Kombouar\u00e9 ! Les Canaris n&rsquo;ont jamais trouv\u00e9&hellip;\n","protected":false},"author":2,"featured_media":58096,"comment_status":"","ping_status":"","sticky":false,"template":"","format":"standard","meta":{"footnotes":""},"categories":[2816],"tags":[1111,11,13292,1438,1465,13293,3450,829,4356,2171,4357,3472,434,1777,674,9593,3337,3321,2257,1011,27,9518,848,1114,13289,2693,66,3047,1781,13291,13290,3729,766,12,2680,9144,2636,3319,584,25,4937,3728,3272,60,3087,2312,3165,2546],"class_list":{"0":"post-58095","1":"post","2":"type-post","3":"status-publish","4":"format-standard","5":"has-post-thumbnail","7":"category-toulouse","8":"tag-actu","9":"tag-actualites","10":"tag-aeroport-notre-dame-des-landes","11":"tag-angers","12":"tag-basket","13":"tag-bonnets-rouges","14":"tag-brest","15":"tag-bretagne","16":"tag-coronavirus","17":"tag-cotes-darmor","18":"tag-covid-19","19":"tag-dinan","20":"tag-epidemie","21":"tag-eu","22":"tag-europe","23":"tag-fcn","24":"tag-festivals","25":"tag-finistere","26":"tag-foot","27":"tag-fr","28":"tag-france","29":"tag-hand","30":"tag-ille-et-vilaine","31":"tag-infos","32":"tag-la-roche-sur-yon","33":"tag-laval","34":"tag-ligue-1","35":"tag-loire-atlantique","36":"tag-lorient","37":"tag-maine-et-loire","38":"tag-mayenne","39":"tag-morbihan","40":"tag-nantes","41":"tag-news","42":"tag-occitanie","43":"tag-ouest","44":"tag-pays-de-la-loire","45":"tag-quimper","46":"tag-rennes","47":"tag-republique-francaise","48":"tag-saint-brieuc","49":"tag-saint-malo","50":"tag-saint-nazaire","51":"tag-sports","52":"tag-stade-rennais","53":"tag-toulouse","54":"tag-vannes","55":"tag-vendee"},"share_on_mastodon":{"url":"","error":"Validation failed: Text character limit of 500 exceeded"},"_links":{"self":[{"href":"https:\/\/www.europesays.com\/fr\/wp-json\/wp\/v2\/posts\/58095","targetHints":{"allow":["GET"]}}],"collection":[{"href":"https:\/\/www.europesays.com\/fr\/wp-json\/wp\/v2\/posts"}],"about":[{"href":"https:\/\/www.europesays.com\/fr\/wp-json\/wp\/v2\/types\/post"}],"author":[{"embeddable":true,"href":"https:\/\/www.europesays.com\/fr\/wp-json\/wp\/v2\/users\/2"}],"replies":[{"embeddable":true,"href":"https:\/\/www.europesays.com\/fr\/wp-json\/wp\/v2\/comments?post=58095"}],"version-history":[{"count":0,"href":"https:\/\/www.europesays.com\/fr\/wp-json\/wp\/v2\/posts\/58095\/revisions"}],"wp:featuredmedia":[{"embeddable":true,"href":"https:\/\/www.europesays.com\/fr\/wp-json\/wp\/v2\/media\/58096"}],"wp:attachment":[{"href":"https:\/\/www.europesays.com\/fr\/wp-json\/wp\/v2\/media?parent=58095"}],"wp:term":[{"taxonomy":"category","embeddable":true,"href":"https:\/\/www.europesays.com\/fr\/wp-json\/wp\/v2\/categories?post=58095"},{"taxonomy":"post_tag","embeddable":true,"href":"https:\/\/www.europesays.com\/fr\/wp-json\/wp\/v2\/tags?post=58095"}],"curies":[{"name":"wp","href":"https:\/\/api.w.org\/{rel}","templated":true}]}}