{"id":580951,"date":"2025-12-05T23:59:15","date_gmt":"2025-12-05T23:59:15","guid":{"rendered":"https:\/\/www.europesays.com\/fr\/580951\/"},"modified":"2025-12-05T23:59:15","modified_gmt":"2025-12-05T23:59:15","slug":"toulouse-un-gaz-toxique-se-propage-dans-une-residence-pompiers-et-grdf-interviennent","status":"publish","type":"post","link":"https:\/\/www.europesays.com\/fr\/580951\/","title":{"rendered":"Toulouse. Un gaz toxique se propage dans une r\u00e9sidence : pompiers et GRDF interviennent"},"content":{"rendered":"<p>                    Par<br \/>\n        <strong><br \/>\n            <a href=\"https:\/\/actu.fr\/auteur\/mareva-laville-actu-fr\" title=\"Consulter tous les articles de Mar\u00e9va Laville\" target=\"_blank\" rel=\"noopener\">Mar\u00e9va Laville<\/a><br \/>\n                    <\/strong><\/p>\n<p>        Publi\u00e9 le<\/p>\n<p>            5 d\u00e9c. 2025 \u00e0 18h55        <\/p>\n<p>Apr\u00e8s <a href=\"https:\/\/actu.fr\/occitanie\/sainte-foy-de-peyrolieres_31481\/pres-de-toulouse-une-ecole-maternelle-ferme-a-cause-d-une-odeur-suspecte-les-pompiers-interviennent_63533166.html\" target=\"_blank\" rel=\"noopener\">l\u2019\u00e9vacuation d\u2019une \u00e9cole<\/a> au sud-ouest de <a href=\"http:\/\/www.actu.fr\/toulouse\" target=\"_blank\" rel=\"noopener\">Toulouse<\/a>, place \u00e0 une r\u00e9sidence du<strong> secteur de Pech David<\/strong>. L\u00e0 aussi, \u00e0 la suite d\u2019un <strong>dysfonctionnement de chaudi\u00e8re<\/strong> dans un appartement, les sapeurs-pompiers de Haute-Garonne sont intervenus sur les coups de midi ce vendredi 5\u00a0d\u00e9cembre 2025.<\/p>\n<p>    <a href=\"https:\/\/www.google.com\/maps\/embed?pb=!4v1764956984274!6m8!1m7!1s5pKz4qGP_FxpCnyPoQcLMw!2m2!1d43.55348232667473!2d1.460758988541314!3f79.14599359076834!4f0.4326446937253934!5f2.0223327351374096\" title=\"Ouvrie le lien\" target=\"_blank\" rel=\"noopener\">Cliquez ici pour visualiser le contenu<\/a><\/p>\n<p>Un probl\u00e8me de chaudi\u00e8re<\/p>\n<p class=\" wall-content\">\u00ab\u2009Du <strong>d\u00e9gagement de monoxyde de carbone\u2009\u00bb<\/strong> avait \u00e9t\u00e9 observ\u00e9, d\u00e9taille le Sdis 31. Onze pompiers sont donc intervenus pour porter assistance aux r\u00e9sidents de l\u2019immeuble \u00e0 deux \u00e9tages.<\/p>\n<p>Trois victimes contr\u00f4l\u00e9es \u00e0 l\u2019h\u00f4pital<\/p>\n<p class=\" wall-content\">\u00ab\u2009Deux personnes de l\u2019appartement concern\u00e9 \u00e9taient incommod\u00e9es par l\u2019odeur\u2009\u00bb, assurent les pompiers. Elles ont \u00e9t\u00e9 <strong>transport\u00e9es \u00e0 l\u2019h\u00f4pital en urgence relative.<\/strong> Une troisi\u00e8me victime s\u2019y est rendue d\u2019elle-m\u00eame pour effectuer un contr\u00f4le.<\/p>\n<p>Le gaz coup\u00e9 pour 32 appartements<\/p>\n<p class=\" wall-content\">GRDF a, de son c\u00f4t\u00e9, coup\u00e9 le gaz pour s\u00e9curiser le b\u00e2timent. Au total,<strong> 32 appartements ont \u00e9t\u00e9 priv\u00e9s d\u2019\u00e9nergie<\/strong> sur l\u2019ensemble des trois niveaux de la r\u00e9sidence.<\/p>\n<p>Vid\u00e9os : en ce moment sur Actu<\/p>\n<p class=\" wall-content\">\u00ab\u2009Une op\u00e9ration de ventilation naturelle a permis d\u2019assainir les locaux incrimin\u00e9s\u2009\u00bb, conclut le Sdis 31, qui a engag\u00e9 quatre engins de sa caserne de Ramonville-Buchens.<\/p>\n<p class=\" wall-content\">Personnalisez votre actualit\u00e9 en ajoutant vos villes et m\u00e9dias en favori avec <a href=\"https:\/\/moncompte.actu.fr\" title=\"D\u00e9couvez Mon Actu\" rel=\"nofollow noopener\" data-trk=\"{&quot;cta&quot;:{&quot;action&quot;:&quot;https:\\\/\\\/moncompte.actu.fr&quot;,&quot;category&quot;:&quot;mon compte&quot;,&quot;from&quot;:&quot;article footer&quot;,&quot;name&quot;:&quot;Mon actu&quot;,&quot;type&quot;:&quot;cta&quot;}}\" target=\"_blank\">Mon Actu<\/a>.<\/p>\n","protected":false},"excerpt":{"rendered":"Par Mar\u00e9va Laville Publi\u00e9 le 5 d\u00e9c. 2025 \u00e0 18h55 Apr\u00e8s l\u2019\u00e9vacuation d\u2019une \u00e9cole au sud-ouest de Toulouse,&hellip;\n","protected":false},"author":2,"featured_media":580952,"comment_status":"","ping_status":"","sticky":false,"template":"","format":"standard","meta":{"footnotes":""},"categories":[2816],"tags":[1111,11,1777,674,118,1011,27,843,12,2680,1311,25,2312],"class_list":{"0":"post-580951","1":"post","2":"type-post","3":"status-publish","4":"format-standard","5":"has-post-thumbnail","7":"category-toulouse","8":"tag-actu","9":"tag-actualites","10":"tag-eu","11":"tag-europe","12":"tag-faits-divers","13":"tag-fr","14":"tag-france","15":"tag-gaz","16":"tag-news","17":"tag-occitanie","18":"tag-pompiers","19":"tag-republique-francaise","20":"tag-toulouse"},"share_on_mastodon":{"url":"https:\/\/pubeurope.com\/@fr\/115669681233976287","error":""},"_links":{"self":[{"href":"https:\/\/www.europesays.com\/fr\/wp-json\/wp\/v2\/posts\/580951","targetHints":{"allow":["GET"]}}],"collection":[{"href":"https:\/\/www.europesays.com\/fr\/wp-json\/wp\/v2\/posts"}],"about":[{"href":"https:\/\/www.europesays.com\/fr\/wp-json\/wp\/v2\/types\/post"}],"author":[{"embeddable":true,"href":"https:\/\/www.europesays.com\/fr\/wp-json\/wp\/v2\/users\/2"}],"replies":[{"embeddable":true,"href":"https:\/\/www.europesays.com\/fr\/wp-json\/wp\/v2\/comments?post=580951"}],"version-history":[{"count":0,"href":"https:\/\/www.europesays.com\/fr\/wp-json\/wp\/v2\/posts\/580951\/revisions"}],"wp:featuredmedia":[{"embeddable":true,"href":"https:\/\/www.europesays.com\/fr\/wp-json\/wp\/v2\/media\/580952"}],"wp:attachment":[{"href":"https:\/\/www.europesays.com\/fr\/wp-json\/wp\/v2\/media?parent=580951"}],"wp:term":[{"taxonomy":"category","embeddable":true,"href":"https:\/\/www.europesays.com\/fr\/wp-json\/wp\/v2\/categories?post=580951"},{"taxonomy":"post_tag","embeddable":true,"href":"https:\/\/www.europesays.com\/fr\/wp-json\/wp\/v2\/tags?post=580951"}],"curies":[{"name":"wp","href":"https:\/\/api.w.org\/{rel}","templated":true}]}}