{"id":580953,"date":"2025-12-06T00:00:41","date_gmt":"2025-12-06T00:00:41","guid":{"rendered":"https:\/\/www.europesays.com\/fr\/580953\/"},"modified":"2025-12-06T00:00:41","modified_gmt":"2025-12-06T00:00:41","slug":"nouveau-coup-dur-pour-toulouse","status":"publish","type":"post","link":"https:\/\/www.europesays.com\/fr\/580953\/","title":{"rendered":"Nouveau coup dur pour Toulouse"},"content":{"rendered":"<p><strong>Touch\u00e9 lors de la large victoire<br \/>\nface au Racing 92 du week-end dernier, Matias Remue (22 ans)<br \/>\nsouffre d&rsquo;une fracture \u00e0 un poignet. L&rsquo;arri\u00e8re belge du Stade<br \/>\nToulousain sera absent entre deux et trois mois.<\/strong><\/p>\n<p>En voyant Matias Remue (22 ans) terminer presque comme si de<br \/>\nrien n\u2019\u00e9tait le match de samedi dernier face au Racing 92 sur la<br \/>\npelouse du stade Ernest-Wallon (11e journ\u00e9e de Top 14), les<br \/>\nsupporters du Stade Toulousain auraient presque oubli\u00e9 que le jeune<br \/>\narri\u00e8re belge auteur d\u2019un somptueux essai (sur une contre-attaque<br \/>\nen partant de sa propre moiti\u00e9 de terrain) lors de cette rencontre<br \/>\nremport\u00e9e tr\u00e8s largement (48-24) par les triples champions de<br \/>\nFrance avait \u00e9t\u00e9 touch\u00e9 au cours de cette partie.<\/p>\n<p>Pourtant, et n\u2019en d\u00e9plaise aux Rouge et Noir, c\u2019\u00e9tait bien le<br \/>\ncas. Et malheureusement pour Ugo Mola et les Toulousains, la<br \/>\nblessure dont souffre Remue est grave. L\u2019international belge de<br \/>\ncette \u00e9quipe des Black Devils pass\u00e9s tout pr\u00e8s r\u00e9cemment d\u2019une<br \/>\nqualification historique pour la Coupe du monde 2027 aux d\u00e9pens des<br \/>\nSamoa souffrait d\u2019un poignet. En d\u00e9but de semaine, l\u2019ancien num\u00e9ro<br \/>\n15 de Bruxelles a pass\u00e9 une IRM qui a r\u00e9v\u00e9l\u00e9 une fracture.<\/p>\n<p><strong>Et la liste des bless\u00e9s<br \/>\ntoulousains s\u2019allonge encore\u2026<\/strong><\/p>\n<p>En cons\u00e9quence, le joueur titularis\u00e9 lors des deux matchs qu\u2019il<br \/>\na disput\u00e9s cette saison sera absent pendant deux \u00e0 trois mois. Une<br \/>\nmauvaise nouvelle pour l\u2019actuel leader du Top 14 qui voit de<br \/>\nnouveau son infirmerie, d\u00e9j\u00e0 tr\u00e8s charg\u00e9e, grossir alors m\u00eame qu\u2019il<br \/>\nvenait d\u2019enfin enregistrer le retour d\u2019Antoine Dupont, absent<br \/>\ndepuis mars dernier et cette rupture des ligaments crois\u00e9s du genou<br \/>\ndroit contract\u00e9e contre l\u2019Irlande \u00e0 Dublin avec les Bleus lors du<br \/>\ndernier Tournoi des 6 Nations.<\/p>\n<p>Remue, qui ne devrait pas retrouver les terrains en comp\u00e9tition<br \/>\navant d\u00e9but f\u00e9vrier, mais uniquement dans le meilleur des cas<br \/>\n(sinon, le Belge devra attendre le mois de mars), a ainsi rejoint<br \/>\nJuan Cruz Mallia, dont la saison est d\u00e9j\u00e0 termin\u00e9e, Matthis Lebel,<br \/>\nPierre-Louis Barassi, Santiago Chocobares Jack Willis, Th\u00e9o<br \/>\nNtamack, Peato Mauvaka et Fran\u00e7ois Cros au rang des bless\u00e9s du<br \/>\nmoment du c\u00f4t\u00e9 de Toulouse. Remue et le club de la Ville Rose, avec<br \/>\nqui il avait \u00e9t\u00e9 sacr\u00e9 d\u00e8s sa premi\u00e8re ann\u00e9e, s\u2019en seraient bien<br \/>\npass\u00e9s.<\/p>\n","protected":false},"excerpt":{"rendered":"Touch\u00e9 lors de la large victoire face au Racing 92 du week-end dernier, Matias Remue (22 ans) souffre&hellip;\n","protected":false},"author":2,"featured_media":580954,"comment_status":"","ping_status":"","sticky":false,"template":"","format":"standard","meta":{"footnotes":""},"categories":[2816],"tags":[1111,11,1777,674,1011,27,12,2680,25,57681,2312],"class_list":{"0":"post-580953","1":"post","2":"type-post","3":"status-publish","4":"format-standard","5":"has-post-thumbnail","7":"category-toulouse","8":"tag-actu","9":"tag-actualites","10":"tag-eu","11":"tag-europe","12":"tag-fr","13":"tag-france","14":"tag-news","15":"tag-occitanie","16":"tag-republique-francaise","17":"tag-sport365-fr","18":"tag-toulouse"},"share_on_mastodon":{"url":"https:\/\/pubeurope.com\/@fr\/115669684963106015","error":""},"_links":{"self":[{"href":"https:\/\/www.europesays.com\/fr\/wp-json\/wp\/v2\/posts\/580953","targetHints":{"allow":["GET"]}}],"collection":[{"href":"https:\/\/www.europesays.com\/fr\/wp-json\/wp\/v2\/posts"}],"about":[{"href":"https:\/\/www.europesays.com\/fr\/wp-json\/wp\/v2\/types\/post"}],"author":[{"embeddable":true,"href":"https:\/\/www.europesays.com\/fr\/wp-json\/wp\/v2\/users\/2"}],"replies":[{"embeddable":true,"href":"https:\/\/www.europesays.com\/fr\/wp-json\/wp\/v2\/comments?post=580953"}],"version-history":[{"count":0,"href":"https:\/\/www.europesays.com\/fr\/wp-json\/wp\/v2\/posts\/580953\/revisions"}],"wp:featuredmedia":[{"embeddable":true,"href":"https:\/\/www.europesays.com\/fr\/wp-json\/wp\/v2\/media\/580954"}],"wp:attachment":[{"href":"https:\/\/www.europesays.com\/fr\/wp-json\/wp\/v2\/media?parent=580953"}],"wp:term":[{"taxonomy":"category","embeddable":true,"href":"https:\/\/www.europesays.com\/fr\/wp-json\/wp\/v2\/categories?post=580953"},{"taxonomy":"post_tag","embeddable":true,"href":"https:\/\/www.europesays.com\/fr\/wp-json\/wp\/v2\/tags?post=580953"}],"curies":[{"name":"wp","href":"https:\/\/api.w.org\/{rel}","templated":true}]}}