{"id":580956,"date":"2025-12-06T00:03:13","date_gmt":"2025-12-06T00:03:13","guid":{"rendered":"https:\/\/www.europesays.com\/fr\/580956\/"},"modified":"2025-12-06T00:03:13","modified_gmt":"2025-12-06T00:03:13","slug":"lille-simpose-face-a-marseille-monaco-battu-a-brest","status":"publish","type":"post","link":"https:\/\/www.europesays.com\/fr\/580956\/","title":{"rendered":"Lille s\u2019impose face \u00e0 Marseille, Monaco battu \u00e0 Brest"},"content":{"rendered":"<p>                      <img loading=\"lazy\" decoding=\"async\" src=\"https:\/\/www.europesays.com\/fr\/wp-content\/uploads\/2025\/12\/78927b0_ftp-1-iuxu6itcr82s-5609619-01-06.jpg\" alt=\"Ethan Mbapp\u00e9 et Igor Paixao, lors du match de Ligue 1\u00a0Lille-Marseille, au stade Pierre-Mauroy, \u00e0 Villeneuve-d'Ascq (Nord), le 5\u00a0d\u00e9cembre 2025.\"   width=\"664\" height=\"443\"\/>    Ethan Mbapp\u00e9 et Igor Paixao, lors du match de Ligue 1\u00a0Lille-Marseille, au stade Pierre-Mauroy, \u00e0 Villeneuve-d&rsquo;Ascq (Nord), le 5\u00a0d\u00e9cembre 2025.  SAMEER AL-DOUMY\/AFP                          <\/p>\n<p class=\"article__paragraph  \">Lille s\u2019est impos\u00e9 face \u00e0 Marseille (1-0) pour recoller \u00e0 son adversaire du soir en Ligue 1 et s\u2019offrir cette s\u00e9rie de succ\u00e8s qu\u2019il attendait tant depuis le d\u00e9but de la saison, vendredi 5 d\u00e9cembre, lors de la quinzi\u00e8me journ\u00e9e du championnat. Dans le m\u00eame temps, Monaco s\u2019est inclin\u00e9 \u00e0 Brest (0-1).<\/p>\n<p class=\"article__paragraph  \">En apparence, la victoire lilloise ne change rien au classement puisque le LOSC est toujours quatri\u00e8me et l\u2019Olympique de Marseille un rang au-dessus, mais en r\u00e9alit\u00e9 elle permet au club nordiste, avec 29 points, soit autant que l\u2019OM, de combler l\u2019\u00e9cart qui le s\u00e9parait d\u2019un de ses adversaires dans la course aux tickets europ\u00e9ens.<\/p>\n<p class=\"article__paragraph  \">Elle marque aussi la concr\u00e9tisation d\u2019un des v\u0153ux les plus chers \u00e0 son entra\u00eeneur Bruno Genesio\u00a0: enfin encha\u00eener les victoires. En l\u2019occurrence quatre \u00e0 la suite apr\u00e8s celles contre le Paris FC (4-2), le Dinamo Zagreb (4-0) en Ligue Europa et au Havre (1-0) le week-end dernier. A l\u2019inverse, il s\u2019agit d\u2019un coup d\u2019arr\u00eat pour le club phoc\u00e9en, d\u00e9j\u00e0 frein\u00e9 \u00e0 Toulouse (2-2) la semaine derni\u00e8re, qui donne \u00e0 Lens (1er) et Paris (2e) la possibilit\u00e9 de cr\u00e9er un \u00e9cart lors de la suite de cette quinzi\u00e8me journ\u00e9e.<\/p>\n<p>                                       Lire aussi |  Article r\u00e9serv\u00e9 \u00e0 nos abonn\u00e9s  <a href=\"https:\/\/www.lemonde.fr\/sport\/article\/2025\/11\/26\/un-olympique-de-marseille-renversant-se-relance-en-ligue-des-champions-face-a-newcastle_6654825_3242.html\" class=\"js-article-read-also catcher--favoris__link\" data-premium=\"1\" id=\"article-title-3448016\" target=\"_blank\" rel=\"noopener\">Un Olympique de Marseille renversant se relance en Ligue des champions face \u00e0 Newcastle<\/a>    <\/p>\n<p>   Lire plus tard  <\/p>\n<p>                          Ethan Mbapp\u00e9, la r\u00e9v\u00e9lation du match                    <\/p>\n<p class=\"article__paragraph  \">Ce match, globalement terne, s\u2019est finalement jou\u00e9 lors de la premi\u00e8re occasion franche, quand Ethan Mbapp\u00e9, lanc\u00e9 en profondeur par Nabil Bentaleb, a profit\u00e9 d\u2019une sortie peu inspir\u00e9e de G\u00e9ronimo Rulli pour ouvrir le score (10e).<\/p>\n<p class=\"article__paragraph  \">Surprise au coup d\u2019envoi, le petit fr\u00e8re de Kylian Mbapp\u00e9 a confirm\u00e9 sa capacit\u00e9 \u00e0 se montrer d\u00e9cisif avec peu d\u2019occasions. S\u2019il a \u00e9t\u00e9 plus discret par la suite, il a aussi montr\u00e9 une belle pointe de vitesse en d\u00e9bordant Nayef Aguerd (45\u1d49+1). Charge \u00e0 lui d\u00e9sormais de ne plus laisser les blessures entraver son ascension vers le plus haut niveau.<\/p>\n<p class=\"article__paragraph  \">Dans la foul\u00e9e de l\u2019ouverture du score, les Nordistes ont poursuivi leur domination, se procurant une autre occasion par Romain Perraud apr\u00e8s un joli mouvement \u00e0 trois avec Hakon Haraldsson et Hamza Igamane (13\u1d49). Puis Marseille est mont\u00e9 en intensit\u00e9 au milieu de terrain, g\u00eanant consid\u00e9rablement la construction du jeu lillois, sans pour autant se procurer d\u2019occasions de but. En premi\u00e8re p\u00e9riode, les joueurs de Roberto De Zerbi ont d\u00fb attendre la 45\u1d49 minute pour tenter leur premi\u00e8re frappe par Emerson apr\u00e8s un d\u00e9bordement de Timothy Weah.<\/p>\n<p class=\"article__paragraph  \">Ce ne fut pas mieux avant le dernier quart d\u2019heure, o\u00f9 les Marseillais ont obtenu deux occasions d\u2019\u00e9galiser, mais Berke Ozer a d\u2019abord r\u00e9ussi un arr\u00eat superbe pour stopper une chevauch\u00e9e fantastique de Mason Greenwood (76\u1d49), puis un autre pour d\u00e9tourner une frappe de Geoffrey Kondogbia (78\u1d49). L\u2019OM a laiss\u00e9 passer sa chance, plomb\u00e9 par une performance d\u00e9cevante d\u2019Igor Paixao, et c\u2019est ensuite Lille qui a eu des opportunit\u00e9s pour enfoncer le clou, sans y parvenir.<\/p>\n<p> Newsletter  <\/p>\n<p> <a href=\"https:\/\/www.lemonde.fr\/newsletters\/sport\/\" class=\"inread__link js-services-inread-link\" target=\"_blank\" rel=\"noopener\">  <\/p>\n<p>\u00ab Sport \u00bb<\/p>\n<p>Enqu\u00eates, reportages, analyses : l&rsquo;actualit\u00e9 du sport dans votre bo\u00eete e-mail chaque samedi<\/p>\n<p>S&rsquo;inscrire<\/p>\n<p> <\/a>          <\/p>\n<p> Le Monde Guides d\u2019achat  <\/p>\n<p> <a href=\"https:\/\/www.lemonde.fr\/guides-d-achat\/article\/2018\/06\/30\/les-meilleurs-antivols-pour-attacher-son-velo_5323670_5306571.html\" class=\"inread__link js-services-inread-link\" target=\"_blank\" rel=\"noopener\">  <\/p>\n<p>Cadenas de v\u00e9lo<\/p>\n<p>Les meilleurs cadenas de v\u00e9lo<\/p>\n<p>Lire<\/p>\n<p> <\/a>      <\/p>\n<p> Newsletter  <\/p>\n<p> <a href=\"https:\/\/www.lemonde.fr\/newsletters\/sport\/\" class=\"inread__link js-services-inread-link\" target=\"_blank\" rel=\"noopener\">  <\/p>\n<p>\u00ab Sport \u00bb<\/p>\n<p>Enqu\u00eates, reportages, analyses : l&rsquo;actualit\u00e9 du sport dans votre bo\u00eete e-mail chaque samedi<\/p>\n<p>S&rsquo;inscrire<\/p>\n<p> <\/a>             <\/p>\n<p class=\"article__paragraph  \">Qu\u2019importe, Lille a eu ce qu\u2019il souhaitait. Ce match aura aussi donn\u00e9 \u00e0 voir, une vingtaine de minutes durant, ce que pourrait \u00eatre l\u2019attaque lilloise avec Hamza Igamane plut\u00f4t qu\u2019Olivier Giroud pour l\u2019emmener\u00a0: un jeu plus direct, avec davantage de ballons en profondeur \u2013 dont un qui a amen\u00e9 le but \u2013 et de situations de un contre un qui correspondent aux feux follets lillois. Mais le buteur marocain s\u2019est bless\u00e9, semble-t-il \u00e0 un adducteur, et a d\u00fb c\u00e9der sa place (26\u1d49) au meilleur buteur de l\u2019histoire de l\u2019\u00e9quipe de France (57 buts en 137 s\u00e9lections).<\/p>\n<p class=\"article__paragraph  \">Parmi les satisfactions lilloises du soir, la belle performance, une nouvelle fois, du jeune d\u00e9fenseur central Nathan Ngoy (22 ans), qui a retrouv\u00e9 son meilleur niveau apr\u00e8s plusieurs semaines compliqu\u00e9es, et incarne le pr\u00e9sent et le futur des Dogues, tout comme Ayyoub Bouaddi, dont la prolongation jusqu\u2019en 2029 a \u00e9t\u00e9 annonc\u00e9e en amont du coup d\u2019envoi.<\/p>\n<p>                                       Lire aussi |  Article r\u00e9serv\u00e9 \u00e0 nos abonn\u00e9s  <a href=\"https:\/\/www.lemonde.fr\/sport\/article\/2025\/10\/26\/sept-ans-apres-sa-mise-en-place-la-var-loin-de-faire-ecran-aux-critiques-sur-l-arbitrage-en-ligue-1_6649661_3242.html\" class=\"js-article-read-also catcher--favoris__link\" data-premium=\"1\" id=\"article-title-3443434\" target=\"_blank\" rel=\"noopener\">La\u00a0VAR loin de\u00a0faire \u00e9cran aux critiques sur l\u2019arbitrage en\u00a0Ligue\u00a01, sept ans apr\u00e8s sa mise en place<\/a>    <\/p>\n<p>   Lire plus tard  <\/p>\n<p>                          Monaco battu \u00e0 Brest                    <\/p>\n<p class=\"article__paragraph  \">Dans le m\u00eame temps, Monaco, en sup\u00e9riorit\u00e9 num\u00e9rique \u00e0 l\u2019heure de jeu, s\u2019est inclin\u00e9 \u00e0 Brest (1-0). Apr\u00e8s avoir d\u00e9j\u00e0 chut\u00e9 \u00e0 Lorient (3-1) et Rennes (4-1), Monaco n\u2019y arrive d\u00e9cid\u00e9ment pas en Bretagne o\u00f9 il a subi la moiti\u00e9 de ses six d\u00e9faites \u00e0 ce jour. Et avec 23 points, l\u2019ASM, provisoirement 7\u1d49, n\u2019est toujours pas dans le wagon europ\u00e9en. Brest, \u00e0 l\u2019inverse, a encha\u00een\u00e9 un troisi\u00e8me succ\u00e8s de rang et monte provisoirement dans la premi\u00e8re moiti\u00e9 du classement, 9\u1d49 avec 19 unit\u00e9s.<\/p>\n<p class=\"article__paragraph  \">Dans un Stade Francis-Le-Bl\u00e9 qui a vibr\u00e9 en fin de match comme dans les plus belles heures des deux derni\u00e8res saisons r\u00eav\u00e9es, les hommes d\u2019Eric Roy n\u2019ont m\u00eame pas beaucoup trembl\u00e9 face \u00e0 un adversaire d\u00e9cid\u00e9ment dans le dur face au but. La banderole\u00a0\u00ab\u00a0Battez vous\u00a0! Battez-les\u00a0!\u00a0\u00bb\u00a0du parcage mon\u00e9gasque est rest\u00e9e lettre morte. Le manque de r\u00e9alisme offensif des Mon\u00e9gasques a \u00e9t\u00e9 incarn\u00e9 par Mika Biereth, titulaire en pointe mais toujours aussi loin de la terreur des surfaces de la phase retour l\u2019an dernier.<\/p>\n<p class=\"article__paragraph  \">Entre une frappe trop molle (15\u1d49), une autre trop crois\u00e9e (38\u1d49), une ouverture d\u2019Aleksandr Golovin un poil trop longue alors qu\u2019il partait seul au but (35\u1d49), le Danois a \u00e9t\u00e9 remuant et a pes\u00e9, mais sans grosse occasion en premi\u00e8re p\u00e9riode. M\u00eame dans le r\u00f4le du passeur, il a \u00e9t\u00e9 malheureux. Parti c\u00f4t\u00e9 droit, il s\u2019est appliqu\u00e9 pour un centre vers Takumi Minamino qui a \u00e9t\u00e9 d\u00e9vi\u00e9 avec beaucoup d\u2019habilet\u00e9 et de toucher par Brendan Chardonnet \u00e0 deux m\u00e8tres de ses buts, alors qu\u2019il fon\u00e7ait vers sa ligne de but (55\u1d49). A sa d\u00e9charge, ses co\u00e9quipiers n\u2019ont pas \u00e9t\u00e9 beaucoup plus en verve, Golovin adressant une t\u00eate droit sur Gr\u00e9goire Coudert (34\u1d49) et Minamino ratant aussi le cadre (39\u1d49).<\/p>\n<p class=\"article__paragraph  \">Plus inqui\u00e9tant encore, les hommes de S\u00e9bastien Pocognoli n\u2019ont pas su profiter de l\u2019expulsion de Ludovic Ajorque pour un tacle tr\u00e8s en retard sur Lamine Camara, apr\u00e8s que l\u2019arbitre Thomas L\u00e9onard est all\u00e9 voir les images sur le bord du terrain, \u00e0 la 60\u1d49 minute. M\u00eame si la pression sur le but des Finist\u00e9riens est mont\u00e9e d\u2019un cran ou deux, elle est largement reste st\u00e9rile, m\u00eame apr\u00e8s l\u2019entr\u00e9e de Paul Pogba une dizaine de minutes plus tard.<\/p>\n<p class=\"article__paragraph  \">A l\u2019inverse, Brest a r\u00e9alis\u00e9 le match qu\u2019il avait sans doute en t\u00eate\u00a0: d\u00e9termin\u00e9, g\u00e9n\u00e9reux, malin et surtout r\u00e9aliste. R\u00e9my Labeau Lascary a, certes, rat\u00e9 un face-\u00e0-face devant Lukas Hradecky (20\u1d49), qui a aussi failli \u00eatre pi\u00e9g\u00e9 par un centre-tir involontaire de Kenny Lala (26\u1d49). Mais la troisi\u00e8me opportunit\u00e9 a \u00e9t\u00e9 la bonne avec Ajorque qui a r\u00e9cup\u00e9r\u00e9 la balle dans la surface apr\u00e8s une touche pour adresser une frappe en pivot que le gardien finlandais n\u2019a pu que repousser devant lui o\u00f9 tra\u00eenait un Kamory Doumbia \u00e9trangement seul pour conclure de la t\u00eate (1-0, 28\u1d49).<\/p>\n<p class=\"article__paragraph  \">Une frappe monumentale de Daouda Guindo, de pr\u00e8s de 30 m\u00e8tres sur coup-franc, qui a ricoch\u00e9 sur le haut de la transversale (54\u1d49) et une t\u00eate plongeante de Mama Bald\u00e9 de peu \u00e0 c\u00f4t\u00e9 (90\u1d49+2) auront m\u00eame \u00e9t\u00e9 les actions les plus nettes de la seconde p\u00e9riode. De quoi aller en toute confiance \u00e0 Rennes, le week-end prochain, pour un derby qui s\u2019annonce relev\u00e9.<\/p>\n<p>                                       Lire aussi |  Article r\u00e9serv\u00e9 \u00e0 nos abonn\u00e9s  <a href=\"https:\/\/www.lemonde.fr\/sport\/article\/2025\/10\/03\/conteste-vincent-labrune-fait-de-la-resistance-a-la-tete-de-la-ligue-de-football-professionnel_6644326_3242.html\" class=\"js-article-read-also catcher--favoris__link\" data-premium=\"1\" id=\"article-title-3440837\" target=\"_blank\" rel=\"noopener\">Contest\u00e9, Vincent Labrune fait de la r\u00e9sistance \u00e0 la t\u00eate de la Ligue de football professionnel<\/a>    <\/p>\n<p>   Lire plus tard  <\/p>\n<p class=\"author__detail\">  Le Monde avec AFP  <\/p>\n<p>                <a href=\"https:\/\/www.lemonde.fr\/syndication\/\" class=\"reuse__content\" title=\"R\u00e9utiliser ce contenu\" target=\"_blank\" rel=\"noopener\">R\u00e9utiliser ce contenu<\/a>      <\/p>\n","protected":false},"excerpt":{"rendered":"Ethan Mbapp\u00e9 et Igor Paixao, lors du match de Ligue 1\u00a0Lille-Marseille, au stade Pierre-Mauroy, \u00e0 Villeneuve-d&rsquo;Ascq (Nord), le&hellip;\n","protected":false},"author":2,"featured_media":580957,"comment_status":"","ping_status":"","sticky":false,"template":"","format":"standard","meta":{"footnotes":""},"categories":[2815],"tags":[1111,11,1777,674,1011,27,811,1307,12,25],"class_list":{"0":"post-580956","1":"post","2":"type-post","3":"status-publish","4":"format-standard","5":"has-post-thumbnail","7":"category-lille","8":"tag-actu","9":"tag-actualites","10":"tag-eu","11":"tag-europe","12":"tag-fr","13":"tag-france","14":"tag-hauts-de-france","15":"tag-lille","16":"tag-news","17":"tag-republique-francaise"},"share_on_mastodon":{"url":"https:\/\/pubeurope.com\/@fr\/115669697560347610","error":""},"_links":{"self":[{"href":"https:\/\/www.europesays.com\/fr\/wp-json\/wp\/v2\/posts\/580956","targetHints":{"allow":["GET"]}}],"collection":[{"href":"https:\/\/www.europesays.com\/fr\/wp-json\/wp\/v2\/posts"}],"about":[{"href":"https:\/\/www.europesays.com\/fr\/wp-json\/wp\/v2\/types\/post"}],"author":[{"embeddable":true,"href":"https:\/\/www.europesays.com\/fr\/wp-json\/wp\/v2\/users\/2"}],"replies":[{"embeddable":true,"href":"https:\/\/www.europesays.com\/fr\/wp-json\/wp\/v2\/comments?post=580956"}],"version-history":[{"count":0,"href":"https:\/\/www.europesays.com\/fr\/wp-json\/wp\/v2\/posts\/580956\/revisions"}],"wp:featuredmedia":[{"embeddable":true,"href":"https:\/\/www.europesays.com\/fr\/wp-json\/wp\/v2\/media\/580957"}],"wp:attachment":[{"href":"https:\/\/www.europesays.com\/fr\/wp-json\/wp\/v2\/media?parent=580956"}],"wp:term":[{"taxonomy":"category","embeddable":true,"href":"https:\/\/www.europesays.com\/fr\/wp-json\/wp\/v2\/categories?post=580956"},{"taxonomy":"post_tag","embeddable":true,"href":"https:\/\/www.europesays.com\/fr\/wp-json\/wp\/v2\/tags?post=580956"}],"curies":[{"name":"wp","href":"https:\/\/api.w.org\/{rel}","templated":true}]}}