{"id":580978,"date":"2025-12-06T00:15:23","date_gmt":"2025-12-06T00:15:23","guid":{"rendered":"https:\/\/www.europesays.com\/fr\/580978\/"},"modified":"2025-12-06T00:15:23","modified_gmt":"2025-12-06T00:15:23","slug":"guerre-en-ukraine-leurope-selon-trump-des-menaces-russes-et-de-mysterieux-drones-au-dessus-de-la-france","status":"publish","type":"post","link":"https:\/\/www.europesays.com\/fr\/580978\/","title":{"rendered":"Guerre en Ukraine : L\u2019Europe selon Trump, des menaces russes et de myst\u00e9rieux drones au-dessus de la France"},"content":{"rendered":"<p class=\"mb-4 text-lg md:leading-8 break-words\"><strong>R\u00e9cap &#8211; \u00ab\u00a020 Minutes\u00a0\u00bb fait le point pour vous tous les soirs sur le conflit en Ukraine. Ce vendredi, la Russie a encore menac\u00e9 l\u2019Europe tandis que Trump lui a fait la le\u00e7on<\/strong><\/p>\n<p class=\"mb-4 text-lg md:leading-8 break-words\">Vous avez rat\u00e9 les derniers \u00e9v\u00e9nements sur la <a href=\"https:\/\/www.20minutes.fr\/monde\/ukraine\/?at_medium=RSS%20feed&amp;at_campaign=ynews&amp;utm_source=yahoo&amp;utm_medium=rss&amp;utm_campaign=news_feed&amp;utm_content=in_article_link\" rel=\"nofollow noopener\" target=\"_blank\" data-ylk=\"slk:guerre en Ukraine;elm:context_link;itc:0;sec:content-canvas\" class=\"link \">guerre en Ukraine<\/a>\u00a0? 20 Minutes fait le point pour vous tous les soirs. Voici l\u2019essentiel de ce vendredi 5\u00a0d\u00e9cembre, au 1.380e jour du conflit.<\/p>\n<p>Le fait du jour<\/p>\n<p class=\"mb-4 text-lg md:leading-8 break-words\">Alors que les membres de l\u2019<a href=\"https:\/\/www.20minutes.fr\/dossier\/ue?at_medium=RSS%20feed&amp;at_campaign=ynews&amp;utm_source=yahoo&amp;utm_medium=rss&amp;utm_campaign=news_feed&amp;utm_content=in_article_link\" rel=\"nofollow noopener\" target=\"_blank\" data-ylk=\"slk:Union europ\u00e9enne;elm:context_link;itc:0;sec:content-canvas\" class=\"link \">Union europ\u00e9enne<\/a> peinent \u00e0 s\u2019entendre sur l\u2019utilisation des 235\u00a0milliards d\u2019euros d\u2019avoirs russes gel\u00e9s, la <a href=\"https:\/\/www.20minutes.fr\/dossier\/belgique?at_medium=RSS%20feed&amp;at_campaign=ynews&amp;utm_source=yahoo&amp;utm_medium=rss&amp;utm_campaign=news_feed&amp;utm_content=in_article_link\" rel=\"nofollow noopener\" target=\"_blank\" data-ylk=\"slk:Belgique;elm:context_link;itc:0;sec:content-canvas\" class=\"link \">Belgique <\/a>freinant notamment des quatre fers, la <a href=\"https:\/\/www.20minutes.fr\/monde\/russie\/?at_medium=RSS%20feed&amp;at_campaign=ynews&amp;utm_source=yahoo&amp;utm_medium=rss&amp;utm_campaign=news_feed&amp;utm_content=in_article_link\" rel=\"nofollow noopener\" target=\"_blank\" data-ylk=\"slk:Russie;elm:context_link;itc:0;sec:content-canvas\" class=\"link \">Russie<\/a> se montre mena\u00e7ante au cas o\u00f9 ils seraient utilis\u00e9s pour financer l\u2019Ukraine. C\u2019est Sergue\u00ef Netcha\u00efev, l\u2019ambassadeur russe \u00e0 Berlin qui a \u00e9t\u00e9 charg\u00e9 pas <a href=\"https:\/\/www.20minutes.fr\/monde\/vladimir_poutine\/?at_medium=RSS%20feed&amp;at_campaign=ynews&amp;utm_source=yahoo&amp;utm_medium=rss&amp;utm_campaign=news_feed&amp;utm_content=in_article_link\" rel=\"nofollow noopener\" target=\"_blank\" data-ylk=\"slk:Vladimir Poutine;elm:context_link;itc:0;sec:content-canvas\" class=\"link \">Vladimir Poutine<\/a> de porter le message, laissant planer le spectre de \u00ab\u00a0cons\u00e9quences consid\u00e9rables\u00a0\u00bb pour les Europ\u00e9ens.<\/p>\n<p class=\"mb-4 text-lg md:leading-8 break-words\">\u00ab\u00a0Toute op\u00e9ration avec les avoirs souverains de la Russie sans l\u2019accord de la Russie serait du vol. Et il est clair que le vol de fonds de l\u2019Etat russe aura des cons\u00e9quences d\u2019ampleur\u00a0\u00bb, a pr\u00e9venu le diplomate dans un communiqu\u00e9.<\/p>\n<p class=\"mb-4 text-lg md:leading-8 break-words\">Selon lui, la r\u00e9putation de l\u2019UE dans le monde des affaires \u00ab\u00a0pourrait \u00eatre d\u00e9truite\u00a0\u00bb. Elle pourrait aussi s\u2019exposer \u00e0 d&rsquo;\u00ab\u00a0interminables proc\u00e9dures judiciaires\u00a0\u00bb, et ouvrir un \u00ab\u00a0chemin vers l\u2019anarchie juridique et la destruction des fondements du syst\u00e8me financier mondial\u00a0\u00bb dont l\u2019Europe serait la premi\u00e8re victime. \u00ab\u00a0Nous sommes confiants sur le fait que Bruxelles et Berlin comprennent cela\u00a0\u00bb, a assen\u00e9 Sergue\u00ef Netcha\u00efev, juste avant une rencontre entre le chancelier allemand et le Premier ministre belge.<\/p>\n<p>La d\u00e9claration du jour<\/p>\n<p class=\"mb-4 text-lg md:leading-8 break-words\">Il faut maintenir l\u2019effort de guerre, poursuivre les pourparlers qu(&#8230;)<\/p>\n<p class=\"mb-4 text-lg md:leading-8 break-words\"><a href=\"https:\/\/www.20minutes.fr\/monde\/ukraine\/4189958-20251205-guerre-ukraine-europe-selon-trump-menaces-russes-mysterieux-drones-dessus-france?at_medium=RSS%20feed&amp;at_campaign=ynews&amp;utm_source=yahoo&amp;utm_medium=rss&amp;utm_campaign=news_feed&amp;utm_content=read_more_link&quot;\" rel=\"nofollow noopener\" target=\"_blank\" data-ylk=\"slk:Lire la suite sur 20minutes;elm:context_link;itc:0;sec:content-canvas\" class=\"link \">Lire la suite sur 20minutes<\/a><\/p>\n<p>\u00c0 lire aussi :<br \/><a href=\"https:\/\/www.20minutes.fr\/monde\/ukraine\/4189781-20251204-guerre-ukraine-trump-poutine-longueur-onde-enfants-camp-reeducation?at_medium=RSS%20feed&amp;at_campaign=ynews&amp;utm_source=yahoo&amp;utm_medium=rss&amp;utm_campaign=news_feed&amp;utm_content=related_content_link\" rel=\"nofollow noopener\" target=\"_blank\" data-ylk=\"slk:Guerre en Ukraine\u00a0: Trump et Poutine sur la m\u00eame longueur d\u2019onde et des enfants en camp de r\u00e9\u00e9ducation;elm:context_link;itc:0;sec:content-canvas\" class=\"link \">Guerre en Ukraine\u00a0: Trump et Poutine sur la m\u00eame longueur d\u2019onde et des enfants en camp de r\u00e9\u00e9ducation<\/a><br \/><a href=\"https:\/\/www.20minutes.fr\/monde\/ukraine\/4189627-20251204-majorite-europeens-juge-desormais-possible-guerre-russie?at_medium=RSS%20feed&amp;at_campaign=ynews&amp;utm_source=yahoo&amp;utm_medium=rss&amp;utm_campaign=news_feed&amp;utm_content=related_content_link\" rel=\"nofollow noopener\" target=\"_blank\" data-ylk=\"slk:La majorit\u00e9 des Europ\u00e9ens juge d\u00e9sormais possible une guerre avec la Russie;elm:context_link;itc:0;sec:content-canvas\" class=\"link \">La majorit\u00e9 des Europ\u00e9ens juge d\u00e9sormais possible une guerre avec la Russie<\/a><\/p>\n","protected":false},"excerpt":{"rendered":"R\u00e9cap &#8211; \u00ab\u00a020 Minutes\u00a0\u00bb fait le point pour vous tous les soirs sur le conflit en Ukraine. Ce&hellip;\n","protected":false},"author":2,"featured_media":580979,"comment_status":"","ping_status":"","sticky":false,"template":"","format":"standard","meta":{"footnotes":""},"categories":[1590],"tags":[642,11,1777,674,1808,2489,12,220,135],"class_list":{"0":"post-580978","1":"post","2":"type-post","3":"status-publish","4":"format-standard","5":"has-post-thumbnail","7":"category-ukraine","8":"tag-20-minutes","9":"tag-actualites","10":"tag-eu","11":"tag-europe","12":"tag-leurope","13":"tag-la-russie","14":"tag-news","15":"tag-ukraine","16":"tag-vladimir-poutine"},"share_on_mastodon":{"url":"https:\/\/pubeurope.com\/@fr\/115669743949282947","error":""},"_links":{"self":[{"href":"https:\/\/www.europesays.com\/fr\/wp-json\/wp\/v2\/posts\/580978","targetHints":{"allow":["GET"]}}],"collection":[{"href":"https:\/\/www.europesays.com\/fr\/wp-json\/wp\/v2\/posts"}],"about":[{"href":"https:\/\/www.europesays.com\/fr\/wp-json\/wp\/v2\/types\/post"}],"author":[{"embeddable":true,"href":"https:\/\/www.europesays.com\/fr\/wp-json\/wp\/v2\/users\/2"}],"replies":[{"embeddable":true,"href":"https:\/\/www.europesays.com\/fr\/wp-json\/wp\/v2\/comments?post=580978"}],"version-history":[{"count":0,"href":"https:\/\/www.europesays.com\/fr\/wp-json\/wp\/v2\/posts\/580978\/revisions"}],"wp:featuredmedia":[{"embeddable":true,"href":"https:\/\/www.europesays.com\/fr\/wp-json\/wp\/v2\/media\/580979"}],"wp:attachment":[{"href":"https:\/\/www.europesays.com\/fr\/wp-json\/wp\/v2\/media?parent=580978"}],"wp:term":[{"taxonomy":"category","embeddable":true,"href":"https:\/\/www.europesays.com\/fr\/wp-json\/wp\/v2\/categories?post=580978"},{"taxonomy":"post_tag","embeddable":true,"href":"https:\/\/www.europesays.com\/fr\/wp-json\/wp\/v2\/tags?post=580978"}],"curies":[{"name":"wp","href":"https:\/\/api.w.org\/{rel}","templated":true}]}}