{"id":580984,"date":"2025-12-06T00:18:27","date_gmt":"2025-12-06T00:18:27","guid":{"rendered":"https:\/\/www.europesays.com\/fr\/580984\/"},"modified":"2025-12-06T00:18:27","modified_gmt":"2025-12-06T00:18:27","slug":"le-service-militaire-volontaire-maintenu-apres-des-debats-houleux","status":"publish","type":"post","link":"https:\/\/www.europesays.com\/fr\/580984\/","title":{"rendered":"le service militaire volontaire maintenu apr\u00e8s des d\u00e9bats houleux"},"content":{"rendered":"<p>Le nouveau texte pr\u00e9voit que tous les hommes de 18\u00a0ans pourront demander \u00e0 faire un service militaire d\u2019une dur\u00e9e minimum de 6 mois. Ils devront auparavant passer un examen m\u00e9dical et remplir un questionnaire sur leur disponibilit\u00e9 et leur volont\u00e9 de servir dans l\u2019arm\u00e9e. Les femmes pourront aussi s\u2019inscrire sur la base du volontariat. Ces dispositions seront introduites \u00e0 partir de mi-2027, a pr\u00e9cis\u00e9 un communiqu\u00e9 <a href=\"https:\/\/www.bundesregierung.de\/breg-fr\/le-gouvernement-f%C3%A9d%C3%A9ral\/minist%C3%A8res-f%C3%A9d%C3%A9raux\/minist%C3%A8re-f%C3%A9d%C3%A9ral-de-la-d%C3%A9fense\" target=\"_blank\" rel=\"nofollow noopener\">du minist\u00e8re de la D\u00e9fense<\/a>, sous r\u00e9serve de l\u2019acceptation par le Bundesrat, la Chambre haute du Parlement allemand, ce 19\u00a0d\u00e9cembre.<\/p>\n<p>Devenir l\u2019arm\u00e9e la \u00ab\u00a0plus puissante d\u2019Europe\u00a0\u00bb<\/p>\n<p>Cette mesure doit permettre d\u2019augmenter le nombre de volontaires, alors que le chancelier Friedrich Merz a selon ses termes pour ambition de <a href=\"https:\/\/www.sudouest.fr\/international\/europe\/allemagne\/moyens-accrus-service-militaire-l-allemagne-veut-se-doter-de-l-armee-la-plus-puissante-d-europe-24430841.php\" target=\"_blank\" rel=\"noopener\">b\u00e2tir l\u2019arm\u00e9e conventionnelle la \u00ab\u00a0plus puissante d\u2019Europe\u00a0\u00bb<\/a> pour contrer la menace russe et compenser le d\u00e9sengagement du bouclier am\u00e9ricain. Le service militaire devrait rester volontaire \u00ab\u00a0si tout se passe aussi bien que nous l\u2019esp\u00e9rons\u00a0\u00bb, a d\u00e9clar\u00e9 lors des d\u00e9bats le ministre de la D\u00e9fense Boris Pistorius. Mais un \u00e9largissement du dispositif pourrait \u00eatre n\u00e9cessaire si la situation s\u00e9curitaire \u00ab\u00a0venait \u00e0 se d\u00e9t\u00e9riorer\u00a0\u00bb et que les objectifs en mati\u00e8re d\u2019effectifs de la Bundeswehr n\u2019\u00e9taient pas atteints, a-t-il ajout\u00e9. Toutefois cette \u00e9tape n\u00e9cessiterait un nouveau vote au Bundestag.<\/p>\n<p>Le parti d\u2019extr\u00eame droite AfD, les Verts et le parti de gauche Die Linke ont vot\u00e9 contre l\u2019actuel texte. \u00ab\u00a0Cette loi n\u2019offre aucune garantie\u00a0\u00bb que les soldats en service resteront sur le sol national, a d\u00e9nonc\u00e9 Desiree Becker, d\u00e9put\u00e9e de Die Linke. Les objectifs de l\u2019Otan pr\u00e9voient que l\u2019Allemagne porte <a href=\"https:\/\/www.sudouest.fr\/international\/europe\/allemagne\/50-000-a-60-000-soldats-supplementaires-l-allemagne-veut-elargir-ses-capacites-de-defense-24728342.php\" target=\"_blank\" rel=\"noopener\">ses effectifs militaires \u00e0 460\u00a0000 soldats, dont 260\u00a0000 militaires d\u2019active et 200\u00a0000 r\u00e9servistes.<\/a> La Bundeswehr en est loin, avec un peu plus de 184\u00a0000 soldats fin novembre, selon les derniers chiffres communiqu\u00e9s vendredi par le minist\u00e8re de la D\u00e9fense. Il a soulign\u00e9 \u00ab\u00a0une \u00e9volution positive continue\u00a0\u00bb, avec pr\u00e8s de 3\u00a0000 soldats de plus qu\u2019un an auparavant (+\u00a01,5\u00a0%).<\/p>\n","protected":false},"excerpt":{"rendered":"Le nouveau texte pr\u00e9voit que tous les hommes de 18\u00a0ans pourront demander \u00e0 faire un service militaire d\u2019une&hellip;\n","protected":false},"author":2,"featured_media":580985,"comment_status":"","ping_status":"","sticky":false,"template":"","format":"standard","meta":{"footnotes":""},"categories":[1587],"tags":[11,672,1804,1805,1803,1777,674,1801,12,1802],"class_list":{"0":"post-580984","1":"post","2":"type-post","3":"status-publish","4":"format-standard","5":"has-post-thumbnail","7":"category-allemagne","8":"tag-actualites","9":"tag-allemagne","10":"tag-bundesrepublik-deutschland","11":"tag-de","12":"tag-deutschland","13":"tag-eu","14":"tag-europe","15":"tag-germany","16":"tag-news","17":"tag-republique-federale-dallemagne"},"share_on_mastodon":{"url":"https:\/\/pubeurope.com\/@fr\/115669755771819984","error":""},"_links":{"self":[{"href":"https:\/\/www.europesays.com\/fr\/wp-json\/wp\/v2\/posts\/580984","targetHints":{"allow":["GET"]}}],"collection":[{"href":"https:\/\/www.europesays.com\/fr\/wp-json\/wp\/v2\/posts"}],"about":[{"href":"https:\/\/www.europesays.com\/fr\/wp-json\/wp\/v2\/types\/post"}],"author":[{"embeddable":true,"href":"https:\/\/www.europesays.com\/fr\/wp-json\/wp\/v2\/users\/2"}],"replies":[{"embeddable":true,"href":"https:\/\/www.europesays.com\/fr\/wp-json\/wp\/v2\/comments?post=580984"}],"version-history":[{"count":0,"href":"https:\/\/www.europesays.com\/fr\/wp-json\/wp\/v2\/posts\/580984\/revisions"}],"wp:featuredmedia":[{"embeddable":true,"href":"https:\/\/www.europesays.com\/fr\/wp-json\/wp\/v2\/media\/580985"}],"wp:attachment":[{"href":"https:\/\/www.europesays.com\/fr\/wp-json\/wp\/v2\/media?parent=580984"}],"wp:term":[{"taxonomy":"category","embeddable":true,"href":"https:\/\/www.europesays.com\/fr\/wp-json\/wp\/v2\/categories?post=580984"},{"taxonomy":"post_tag","embeddable":true,"href":"https:\/\/www.europesays.com\/fr\/wp-json\/wp\/v2\/tags?post=580984"}],"curies":[{"name":"wp","href":"https:\/\/api.w.org\/{rel}","templated":true}]}}