{"id":580990,"date":"2025-12-06T00:21:11","date_gmt":"2025-12-06T00:21:11","guid":{"rendered":"https:\/\/www.europesays.com\/fr\/580990\/"},"modified":"2025-12-06T00:21:11","modified_gmt":"2025-12-06T00:21:11","slug":"les-deputes-votent-a-nouveau-la-suspension-de-la-reforme-des-retraites","status":"publish","type":"post","link":"https:\/\/www.europesays.com\/fr\/580990\/","title":{"rendered":"les d\u00e9put\u00e9s votent \u00e0 nouveau la suspension de la r\u00e9forme des retraites"},"content":{"rendered":"<p>\n    Apr\u00e8s l\u2019adoption de la partie recettes du projet de loi de financement de la S\u00e9curit\u00e9 sociale, les d\u00e9put\u00e9s viennent de voter, en seconde lecture, la suspension de la r\u00e9forme des retraites.<\/p>\n<p class=\"fig-paragraph\">Rien n\u2019est encore d\u00e9finitif, mais une nouvelle \u00e9tape est franchie. Ce vendredi soir, les d\u00e9put\u00e9s ont adopt\u00e9 pour la seconde fois l\u2019amendement du gouvernement visant \u00e0 suspendre la r\u00e9forme des retraites d\u2019\u00c9lisabeth Borne. Comme lors de la premi\u00e8re lecture de projet de loi de financement de la S\u00e9curit\u00e9 sociale (PLFSS) il y a quelques semaines, une large majorit\u00e9 des parlementaires du Palais Bourbon &#8211; 162 pour 75 contre &#8211; ont vot\u00e9 la mesure, validant ainsi la concession faite par le premier ministre, S\u00e9bastien Lecornu, aupr\u00e8s du Parti socialiste lors de sa d\u00e9claration de politique g\u00e9n\u00e9rale.<\/p>\n<p class=\"fig-paragraph\">La semaine derni\u00e8re, le S\u00e9nat, \u00e0 majorit\u00e9 LR et centriste, avait r\u00e9tabli la r\u00e9forme des retraites. La voici donc de nouveau provisoirement suspendue, apr\u00e8s ce vote des parlementaires du Palais Bourbon. Mais ce vote doit encore \u00eatre confirm\u00e9. Avant de devenir effective, cette suspension doit d\u2019abord passer par plusieurs \u00e9tapes. D\u2019abord, la partie d\u00e9penses du PLFSS doit \u00eatre adopt\u00e9e\u00a0: le vote aura lieu de la journ\u00e9e de samedi. Ensuite, l\u2019ensemble du projet de loi de financement de la S\u00e9cu doit \u00e9galement \u00eatre valid\u00e9\u00a0: le vote solennel se tiendra mardi apr\u00e8s-midi, \u00e0 l\u2019Assembl\u00e9e nationale.<\/p>\n<p>                                            <a class=\"fig-a11y-skip\" href=\"#fig-a11y-skip-main-inarticle\" data-module=\"a11y-skip\" data-context=\"was @visible\"><br \/>\n    Passer la publicit\u00e9<br \/>\n<\/a>            <\/p>\n<p>                                            \u00abNe pas crier victoire trop vite\u00bb<\/p>\n<p class=\"fig-paragraph\">Pour l\u2019heure, au vu du rapport de force num\u00e9rique au Palais Bourbon, rien ne dit que ce texte sera adopt\u00e9 par les d\u00e9put\u00e9s. Car vendredi midi,\u00a0<a href=\"http:\/\/www.lefigaro.fr\/politique\/assemblee-les-deputes-votent-la-partie-recettes-du-plfss-et-ouvrent-la-voie-a-une-adoption-du-budget-de-la-secu-20251205\" data-fig-type=\"NewsFlash\" data-gtm-custom-categorie=\"navigation\" data-gtm-custom-action=\"crossclick\" data-gtm-custom-label=\"Contextuel\" data-gtm-event=\"customEventSPE\" data-fig-domain=\"LEFIGARO\" target=\"_blank\" rel=\"noopener\">lors du vote de la partie recettes du budget, l\u2019adoption ne s\u2019est jou\u00e9e qu\u2019\u00e0 quelques voix.<\/a>\u00a0Celles des d\u00e9put\u00e9s de Marine Le Pen, dont presque la moiti\u00e9 \u00e9tait absente au moment du scrutin. \u00abLes d\u00e9put\u00e9s RN \u00e9taient \u00e0 des obs\u00e8ques, c\u2019est \u00e7a qui nous a sauv\u00e9s\u00bb, analyse une socialiste. Mardi, la donne ne sera pas la m\u00eame. \u00abOn ne va pas crier victoire trop vite. Mardi, il va falloir serrer les rangs&#8230;\u00bb, redoutait un macroniste, peu apr\u00e8s le vote.<\/p>\n<p class=\"fig-paragraph\">En cas de rejet du texte, les chances de voir la r\u00e9forme des retraites suspendue seraient s\u00e9rieusement remises en question. Comme celles d\u2019avoir, avant la fin de l\u2019ann\u00e9e, un budget de la S\u00e9curit\u00e9 sociale pour 2026. En cas d\u2019adoption, en revanche, les partisans de la suspension pourraient quasiment crier victoire. Le PLFSS repartirait au S\u00e9nat pour une seconde lecture. Les parlementaires du Palais du Luxembourg devraient alors normalement le retoquer en quelques heures gr\u00e2ce \u00e0 une \u00abquestion pr\u00e9alable\u00bb, qui leur permet d\u2019examiner la totalit\u00e9 d\u2019un texte sans entrer dans le d\u00e9tail.<\/p>\n<p class=\"fig-paragraph\">Il reviendrait ensuite \u00e0 l\u2019Assembl\u00e9e pour une lecture d\u00e9finitive, qui devrait \u00eatre rapide, puisque les d\u00e9put\u00e9s auront d\u00e9j\u00e0 act\u00e9 le compromis en premi\u00e8re lecture. Le budget de la S\u00e9cu serait alors adopt\u00e9. Et la suspension de la r\u00e9forme des retraites ent\u00e9rin\u00e9e. Pour l\u2019heure, le chemin est encore long et sem\u00e9 d\u2019emb\u00fbches.<\/p>\n","protected":false},"excerpt":{"rendered":"Apr\u00e8s l\u2019adoption de la partie recettes du projet de loi de financement de la S\u00e9curit\u00e9 sociale, les d\u00e9put\u00e9s&hellip;\n","protected":false},"author":2,"featured_media":580991,"comment_status":"","ping_status":"","sticky":false,"template":"","format":"standard","meta":{"footnotes":""},"categories":[2],"tags":[11,416,1011,27,12,11036,25],"class_list":{"0":"post-580990","1":"post","2":"type-post","3":"status-publish","4":"format-standard","5":"has-post-thumbnail","7":"category-actualites","8":"tag-actualites","9":"tag-assemblee-nationale","10":"tag-fr","11":"tag-france","12":"tag-news","13":"tag-reforme-des-retraites","14":"tag-republique-francaise"},"share_on_mastodon":{"url":"https:\/\/pubeurope.com\/@fr\/115669767675194336","error":""},"_links":{"self":[{"href":"https:\/\/www.europesays.com\/fr\/wp-json\/wp\/v2\/posts\/580990","targetHints":{"allow":["GET"]}}],"collection":[{"href":"https:\/\/www.europesays.com\/fr\/wp-json\/wp\/v2\/posts"}],"about":[{"href":"https:\/\/www.europesays.com\/fr\/wp-json\/wp\/v2\/types\/post"}],"author":[{"embeddable":true,"href":"https:\/\/www.europesays.com\/fr\/wp-json\/wp\/v2\/users\/2"}],"replies":[{"embeddable":true,"href":"https:\/\/www.europesays.com\/fr\/wp-json\/wp\/v2\/comments?post=580990"}],"version-history":[{"count":0,"href":"https:\/\/www.europesays.com\/fr\/wp-json\/wp\/v2\/posts\/580990\/revisions"}],"wp:featuredmedia":[{"embeddable":true,"href":"https:\/\/www.europesays.com\/fr\/wp-json\/wp\/v2\/media\/580991"}],"wp:attachment":[{"href":"https:\/\/www.europesays.com\/fr\/wp-json\/wp\/v2\/media?parent=580990"}],"wp:term":[{"taxonomy":"category","embeddable":true,"href":"https:\/\/www.europesays.com\/fr\/wp-json\/wp\/v2\/categories?post=580990"},{"taxonomy":"post_tag","embeddable":true,"href":"https:\/\/www.europesays.com\/fr\/wp-json\/wp\/v2\/tags?post=580990"}],"curies":[{"name":"wp","href":"https:\/\/api.w.org\/{rel}","templated":true}]}}