{"id":580998,"date":"2025-12-06T00:27:11","date_gmt":"2025-12-06T00:27:11","guid":{"rendered":"https:\/\/www.europesays.com\/fr\/580998\/"},"modified":"2025-12-06T00:27:11","modified_gmt":"2025-12-06T00:27:11","slug":"atp-becker-ex-coach-de-djokovic-le-manager-de-novak-ma-appele-et-ma-dit-il-nest-plus-numero-1-et-il-a-perdu-tous-les-tournois-du-grand-chelem-contre-nadal","status":"publish","type":"post","link":"https:\/\/www.europesays.com\/fr\/580998\/","title":{"rendered":"ATP > Becker, ex-coach de Djokovic : \u00ab\u00a0Le manager de Novak m&rsquo;a appel\u00e9 et m&rsquo;a dit : &lsquo;Il n&rsquo;est plus num\u00e9ro 1 et il a perdu tous les tournois du Grand Chelem contre Nadal'\u00a0\u00bb"},"content":{"rendered":"<p>Apr\u00e8s avoir\u00a0r\u00e9v\u00e9l\u00e9 qu\u2019il avait donn\u00e9 <a href=\"https:\/\/www.welovetennis.fr\/atp\/boris-becker-lorsque-rafael-nadal-avait-14-ans-toni-ma-demande-une-chose-je-lui-ai-dit-que-ce-netait-pas-une-bonne-idee\" data-wpel-link=\"internal\" target=\"_blank\" rel=\"noopener\">un pr\u00e9cieux conseil \u00e0 Toni pour Rafael Nadal alors que ce dernier avait 14 ans<\/a> et racont\u00e9 <a href=\"https:\/\/www.welovetennis.fr\/atp\/limprobable-anecdote-de-becker-sur-federer-jai-essaye-de-le-faire-changer-de-nationalite\" data-wpel-link=\"internal\" target=\"_blank\" rel=\"noopener\">une anec\u00addote impro\u00adbable sur Roger Federer<\/a>, Boris Becker, de passage dans l\u2019\u00e9mission espa\u00adgnole, la\u00a0<a href=\"https:\/\/www.rtve.es\/play\/videos\/la-revuelta\/programa-02-12-2025-boris-becker-edu-casanova-maria-leon\/16842396\/\" target=\"_blank\" rel=\"noreferrer noopener nofollow external\" data-wpel-link=\"external\">Revuelta<\/a>, est \u00e9gale\u00adment revenu sur sa colla\u00adbo\u00adra\u00adtion fruc\u00adtueuse avec Novak Djokovic entre 2014 et\u00a02016.\u00a0<\/p>\n<p>L\u2019ancien cham\u00adpion alle\u00admand a notam\u00adment racont\u00e9 les coulisses et circons\u00adtances de cette asso\u00adcia\u00adtion avec le joueur serbe.\u00a0<\/p>\n<p><strong>\u00ab\u202fCe fut un moment spec\u00adta\u00adcu\u00adlaire. J\u2019ai \u00e9t\u00e9 surpris qu\u2019il m\u2019ap\u00adpelle, car en octobre 2012, il avait perdu sa place de num\u00e9ro 1 au profit de Rafa et n\u2019\u00e9tait plus que num\u00e9ro 2. Son manager m\u2019a donc appel\u00e9 et m\u2019a demand\u00e9\u00a0: \u2018Pourriez\u2010vous vous imaginer devenir son entra\u00ee\u00adneur ?\u2019. Et j\u2019ai r\u00e9pondu\u00a0: \u2018Pourquoi ?\u2019. Il n\u2019est plus num\u00e9ro 1 et il a perdu tous les tour\u00adnois du Grand Chelem face \u00e0 Rafa Nadal et, vous savez, c\u2019est un probl\u00e8me pour le haut niveau.\u202f\u00bb<\/strong><\/p>\n<p class=\"post-published-date\" style=\"color: silver; font-size: 75%; text-align: left;\">Publi\u00e9 le vendredi 5 d\u00e9cembre 2025 \u00e0 17:39<\/p>\n","protected":false},"excerpt":{"rendered":"Apr\u00e8s avoir\u00a0r\u00e9v\u00e9l\u00e9 qu\u2019il avait donn\u00e9 un pr\u00e9cieux conseil \u00e0 Toni pour Rafael Nadal alors que ce dernier avait&hellip;\n","protected":false},"author":2,"featured_media":580999,"comment_status":"","ping_status":"","sticky":false,"template":"","format":"standard","meta":{"footnotes":""},"categories":[1415],"tags":[105,2199,1011,27,1960,60,1467],"class_list":{"0":"post-580998","1":"post","2":"type-post","3":"status-publish","4":"format-standard","5":"has-post-thumbnail","7":"category-tennis","8":"tag-djokovic","9":"tag-federer","10":"tag-fr","11":"tag-france","12":"tag-nadal","13":"tag-sports","14":"tag-tennis"},"share_on_mastodon":{"url":"https:\/\/pubeurope.com\/@fr\/115669791081612734","error":""},"_links":{"self":[{"href":"https:\/\/www.europesays.com\/fr\/wp-json\/wp\/v2\/posts\/580998","targetHints":{"allow":["GET"]}}],"collection":[{"href":"https:\/\/www.europesays.com\/fr\/wp-json\/wp\/v2\/posts"}],"about":[{"href":"https:\/\/www.europesays.com\/fr\/wp-json\/wp\/v2\/types\/post"}],"author":[{"embeddable":true,"href":"https:\/\/www.europesays.com\/fr\/wp-json\/wp\/v2\/users\/2"}],"replies":[{"embeddable":true,"href":"https:\/\/www.europesays.com\/fr\/wp-json\/wp\/v2\/comments?post=580998"}],"version-history":[{"count":0,"href":"https:\/\/www.europesays.com\/fr\/wp-json\/wp\/v2\/posts\/580998\/revisions"}],"wp:featuredmedia":[{"embeddable":true,"href":"https:\/\/www.europesays.com\/fr\/wp-json\/wp\/v2\/media\/580999"}],"wp:attachment":[{"href":"https:\/\/www.europesays.com\/fr\/wp-json\/wp\/v2\/media?parent=580998"}],"wp:term":[{"taxonomy":"category","embeddable":true,"href":"https:\/\/www.europesays.com\/fr\/wp-json\/wp\/v2\/categories?post=580998"},{"taxonomy":"post_tag","embeddable":true,"href":"https:\/\/www.europesays.com\/fr\/wp-json\/wp\/v2\/tags?post=580998"}],"curies":[{"name":"wp","href":"https:\/\/api.w.org\/{rel}","templated":true}]}}