{"id":581004,"date":"2025-12-06T00:33:12","date_gmt":"2025-12-06T00:33:12","guid":{"rendered":"https:\/\/www.europesays.com\/fr\/581004\/"},"modified":"2025-12-06T00:33:12","modified_gmt":"2025-12-06T00:33:12","slug":"je-suis-un-assassin-manu-payet-en-larmes-apres-cette-confession-dramatique","status":"publish","type":"post","link":"https:\/\/www.europesays.com\/fr\/581004\/","title":{"rendered":"\u00ab\u00a0Je suis un assassin\u00a0\u00bb, Manu Payet en larmes apr\u00e8s cette confession dramatique"},"content":{"rendered":"<p>Par <a class=\"author_recette\" id=\"author_name\" href=\"https:\/\/www.nextplz.fr\/auteur\/victoria-buisson\" target=\"_blank\" rel=\"noopener\">Victoria<br \/>\nBuisson<\/a> &#8211;<br \/>\nPubli\u00e9 le 05 D\u00e9c 2025 \u00e0<br \/>\n22:00<\/p>\n<p class=\"article-intro excerpt\">De passage dans l\u2019\u00e9mission de<br \/>\nFr\u00e9d\u00e9ric Lopez, Manu Payet a \u00e9t\u00e9 particuli\u00e8rement boulevers\u00e9 par le<br \/>\nr\u00e9cit d\u2019une invit\u00e9e.<\/p>\n<p><img width=\"750\" height=\"410\" src=\"data:image\/svg+xml,%3Csvg%20xmlns=\" http:=\"\" class=\"img-responsive alignnone size-full pinit-here zoom-it\" alt=\"Lara Fabian : \" je=\"\" suis=\"\" un=\"\" assassin=\"\" manu=\"\" payet=\"\" en=\"\" larmes=\"\" apr=\"\" cette=\"\" confession=\"\" dramatique=\"\" fetchpriority=\"high\" data-lazyloading=\"false\" decoding=\"async\" data-lazy-src=\"https:\/\/www.europesays.com\/fr\/wp-content\/uploads\/2025\/12\/manu-payet-et-lara-fabian-emus-aux-larmes-face-a-une-confession-dramatique-je-suis-un-assassin-750x4.jpeg\"\/><\/p>\n<p>\u00a9 Poree Audrey\/ABACA\/Shutterstock<\/p>\n<p><a href=\"https:\/\/www.nextplz.fr\/personnalite\/manu-payet\/\" target=\"_blank\" rel=\"noopener\">Manu<br \/>\nPayet est toujours sur les routes<\/a>. Ce vendredi 5 d\u00e9cembre 2025,<br \/>\nil sera d\u00a0\u00bbailleurs \u00e0 Caen pour son spectacle Emmanuel 2. \u00c0<br \/>\nquelques heures de monter sur sc\u00e8ne, l&rsquo;artiste \u00e2g\u00e9 de 49 ans s&rsquo;est<br \/>\nlonguement confi\u00e9 dans les colonnes d&rsquo;actu.fr. L&rsquo;occasion pour lui<br \/>\nd&rsquo;en dire davantage sur son attachement \u00e0 la commune : \u00ab\u00a0Ce<br \/>\nspectacle est en partie n\u00e9 ici. J\u2019ai jou\u00e9 pour la premi\u00e8re fois mes<br \/>\nnotes au Th\u00e9\u00e2tre \u00e0 l\u2019Ouest, il y a trois ans. C\u2019est l\u00e0 que j\u2019ai<br \/>\ncommenc\u00e9 \u00e0 lui trouver une couleur \u00e0 ce spectacle. Et maintenant,<br \/>\nil faut revenir dire merci. C\u2019est la moindre des choses. Je trouve<br \/>\n\u00e7a formidable de venir le commencer ici, dans une salle de 100<br \/>\nplaces, et de terminer dans une autre comme le Z\u00e9nith\u00a0\u00bb.<\/p>\n<p>Manu Payet invit\u00e9 d&rsquo;Un dimanche \u00e0 la campagne avec Lara Fabian et<br \/>\nPauline D\u00e9roul\u00e8de<\/p>\n<p>Si Manu Payet passe la plupart de son temps sur les routes de<br \/>\nFrance pour son spectacle, il participe aussi \u00e0 d&rsquo;autres projets.<br \/>\nEn mars dernier, il \u00e9tait d&rsquo;ailleurs l&rsquo;un des invit\u00e9s de Fr\u00e9d\u00e9ric<br \/>\nLopez dans Un dimanche \u00e0 la campagne. Un num\u00e9ro qui<br \/>\nn&rsquo;avait alors pas manqu\u00e9 de bouleverser les t\u00e9l\u00e9spectateurs. Face \u00e0<br \/>\nPauline D\u00e9roul\u00e8de, joueuse de tennis handisport, l&rsquo;humoriste avait<br \/>\n\u00e9t\u00e9 particuli\u00e8rement \u00e9mu. La raison ? Le r\u00e9cit de la sportive<br \/>\nconcernant l&rsquo;accident de voiture qu&rsquo;elle a subi.<\/p>\n<p>La sportive victime<br \/>\nd&rsquo;un tragique accident<\/p>\n<p>Pauline D\u00e9roul\u00e8de se trouvait \u00e0 bord de son scooter lorsqu&rsquo;elle<br \/>\na \u00e9t\u00e9 percut\u00e9e par un homme \u00e2g\u00e9 de 92 ans. Depuis, elle semble<br \/>\nvouloir abolir\u00a0le permis de conduire \u00e0 vie. \u00ab\u00a0Je suis<br \/>\nassise sur mon scooter et, d&rsquo;un coup,\u00a0c&rsquo;est le trou<br \/>\nnoir\u00a0[&#8230;] C&rsquo;\u00e9tait un monsieur tr\u00e8s \u00e2g\u00e9, qui vraisemblablement<br \/>\naurait appuy\u00e9 sur l&rsquo;acc\u00e9l\u00e9rateur au lieu du frein\u00a0\u00bb, a-t-elle<br \/>\nconfi\u00e9 face \u00e0 Manu Payet et Lara Fabian. Et d&rsquo;ajouter : \u00ab\u00a0Un<br \/>\ncadre l\u00e9gal aurait d\u00fb lui dire d&rsquo;arr\u00eater de conduire. Il faut<br \/>\nabsolument que dans notre pays, on passe des visites m\u00e9dicales au<br \/>\ncours de notre vie\u00a0pour continuer de conduire\u00a0\u00bb.<\/p>\n<p>L&rsquo;humoriste en larmes<br \/>\ndans l&rsquo;\u00e9mission de Fr\u00e9d\u00e9ric Lopez<\/p>\n<p>L&rsquo;homme en question aurait \u00e9t\u00e9 submerg\u00e9 par le remords, r\u00e9p\u00e9tant<br \/>\n: \u00ab\u00a0Je suis un assassin, je suis un criminel.\u00a0\u00bb Dans l&rsquo;extrait, ces<br \/>\nmots ont suffi \u00e0 faire monter les larmes aux yeux de Manu Payet et<br \/>\nde Lara Fabian, profond\u00e9ment touch\u00e9s par la sinc\u00e9rit\u00e9 et la<br \/>\nd\u00e9tresse de son t\u00e9moignage. <a href=\"http:\/\/google.com\/search?q=manu+payet+nextplz&amp;rlz=1C5CHFA_enFR852FR852&amp;oq=manu+payet+nextplz&amp;gs_lcrp=EgZjaHJvbWUyBggAEEUYOTIKCAEQABiABBiiBDIKCAIQABiABBiiBDIKCAMQABiABBiiBDIKCAQQABiABBiiBDIHCAUQABjvBdIBCDI1MDZqMGo5qAIGsAIB8QVPSkLebhkqmw&amp;sourceid=chrome&amp;ie=UTF-8\" target=\"_blank\" rel=\"noopener\">Celui qui a fait des aveux d\u00e9routants sur sa vie<br \/>\namoureuse<\/a>, en particulier, est apparu boulevers\u00e9, incapable de<br \/>\ncacher son \u00e9motion face \u00e0 ces confidences.<\/p>\n","protected":false},"excerpt":{"rendered":"Par Victoria Buisson &#8211; Publi\u00e9 le 05 D\u00e9c 2025 \u00e0 22:00 De passage dans l\u2019\u00e9mission de Fr\u00e9d\u00e9ric Lopez,&hellip;\n","protected":false},"author":2,"featured_media":581005,"comment_status":"","ping_status":"","sticky":false,"template":"","format":"standard","meta":{"footnotes":""},"categories":[1359],"tags":[58,59,1011,27,973,65861],"class_list":{"0":"post-581004","1":"post","2":"type-post","3":"status-publish","4":"format-standard","5":"has-post-thumbnail","7":"category-people","8":"tag-divertissement","9":"tag-entertainment","10":"tag-fr","11":"tag-france","12":"tag-people","13":"tag-trend"},"share_on_mastodon":{"url":"https:\/\/pubeurope.com\/@fr\/115669814784435221","error":""},"_links":{"self":[{"href":"https:\/\/www.europesays.com\/fr\/wp-json\/wp\/v2\/posts\/581004","targetHints":{"allow":["GET"]}}],"collection":[{"href":"https:\/\/www.europesays.com\/fr\/wp-json\/wp\/v2\/posts"}],"about":[{"href":"https:\/\/www.europesays.com\/fr\/wp-json\/wp\/v2\/types\/post"}],"author":[{"embeddable":true,"href":"https:\/\/www.europesays.com\/fr\/wp-json\/wp\/v2\/users\/2"}],"replies":[{"embeddable":true,"href":"https:\/\/www.europesays.com\/fr\/wp-json\/wp\/v2\/comments?post=581004"}],"version-history":[{"count":0,"href":"https:\/\/www.europesays.com\/fr\/wp-json\/wp\/v2\/posts\/581004\/revisions"}],"wp:featuredmedia":[{"embeddable":true,"href":"https:\/\/www.europesays.com\/fr\/wp-json\/wp\/v2\/media\/581005"}],"wp:attachment":[{"href":"https:\/\/www.europesays.com\/fr\/wp-json\/wp\/v2\/media?parent=581004"}],"wp:term":[{"taxonomy":"category","embeddable":true,"href":"https:\/\/www.europesays.com\/fr\/wp-json\/wp\/v2\/categories?post=581004"},{"taxonomy":"post_tag","embeddable":true,"href":"https:\/\/www.europesays.com\/fr\/wp-json\/wp\/v2\/tags?post=581004"}],"curies":[{"name":"wp","href":"https:\/\/api.w.org\/{rel}","templated":true}]}}