{"id":581006,"date":"2025-12-06T00:34:18","date_gmt":"2025-12-06T00:34:18","guid":{"rendered":"https:\/\/www.europesays.com\/fr\/581006\/"},"modified":"2025-12-06T00:34:18","modified_gmt":"2025-12-06T00:34:18","slug":"modigliani-chagall-foujita-lecole-de-paris-renait-a-montmartre","status":"publish","type":"post","link":"https:\/\/www.europesays.com\/fr\/581006\/","title":{"rendered":"Modigliani, Chagall, Foujita&#8230; L\u2019\u00ab\u00c9cole de Paris\u00bb rena\u00eet \u00e0 Montmartre"},"content":{"rendered":"<p>\n    <strong>CRITIQUE &#8211;<\/strong> Chagall, Foujita, Tamara de Lempicka, Zadkine&#8230; Le mus\u00e9e de la Butte pr\u00e9sente 130\u00a0peintures et sculptures peu vues. Toutes datant de la premi\u00e8re moiti\u00e9 du XXe\u00a0si\u00e8cle. Toutes appartenant \u00e0 un collectionneur polonais.<\/p>\n<p class=\"fig-paragraph\">De l\u2019aube du XXe\u00a0si\u00e8cle \u00e0 la Seconde Guerre mondiale, avant que New York la supplante, Paris a \u00e9t\u00e9 la capitale mondiale des arts. Plus qu\u2019ailleurs, la modernit\u00e9 s\u2019y est invent\u00e9e. D\u2019abord \u00e0\u00a0<a href=\"http:\/\/www.lefigaro.fr\/voyages\/hotels\/jardin-potager-cabaret-de-poche-suite-secrete-effervescence-hoteliere-sur-la-butte-montmartre-20251204\" data-fig-type=\"Article\" data-gtm-custom-categorie=\"navigation\" data-gtm-custom-action=\"crossclick\" data-gtm-custom-label=\"Contextuel\" data-gtm-event=\"customEventSPE\" data-fig-domain=\"LEFIGARO\" target=\"_blank\" rel=\"noopener\">Montmartre<\/a>, ensuite \u00e0\u00a0<a href=\"http:\/\/www.lefigaro.fr\/theatre\/une-vision-austere-des-justes-au-theatre-de-poche-montparnasse-20250903\" data-fig-type=\"Article\" data-gtm-custom-categorie=\"navigation\" data-gtm-custom-action=\"crossclick\" data-gtm-custom-label=\"Contextuel\" data-gtm-event=\"customEventSPE\" data-fig-domain=\"LEFIGARO\" target=\"_blank\" rel=\"noopener\">Montparnasse<\/a>. Pour d\u00e9crire cette effervescence cosmopolite, Andr\u00e9 Warnod a popularis\u00e9 une expression \u00e0 l\u2019origine p\u00e9jorative. En 1925, ce critique d\u2019art du Figaro a parl\u00e9 d\u2019\u00ab\u00a0\u00c9cole de Paris\u00a0\u00bb.<\/p>\n<p class=\"fig-paragraph\">\u00ab\u00a0En fait il ne s\u2019agit pas d\u2019une \u00e9cole ni m\u00eame un mouvement mais plut\u00f4t une constellation d\u2019artistes qui, sur plusieurs g\u00e9n\u00e9rations, sont souvent venus de loin\u00a0\u00bb, explique Fanny de L\u00e9pinau. Cette directrice du\u00a0<a href=\"http:\/\/www.lefigaro.fr\/arts-expositions\/au-musee-de-montmartre-prevert-en-virtuose-des-ciseaux-20241027\" data-fig-type=\"Article\" data-gtm-custom-categorie=\"navigation\" data-gtm-custom-action=\"crossclick\" data-gtm-custom-label=\"Contextuel\" data-gtm-event=\"customEventSPE\" data-fig-domain=\"LEFIGARO\" target=\"_blank\" rel=\"noopener\">Mus\u00e9e de Montmartre<\/a>\u00a0a convaincu le collectionneur polonais Marek Roefler de montrer in situ 130 de ses \u0153uvres. Toutes acquises dans les trente derni\u00e8res ann\u00e9es. Toutes relevant de cette effervescence qui l\u2019a toujours passionn\u00e9e. L\u2019ensemble sort pour la premi\u00e8re fois de son \u00e9crin, la Villa La Fleur pr\u00e8s de Varsovie. Il acte de cet incomparable \u00e9lan, sans style unique.<\/p>\n<p>                                            Le rayonnement parisien<\/p>\n<p class=\"fig-paragraph\">Ces peintures\u2026<\/p>\n<p class=\"fig-premium-paywall__infos\">\n        Cet article est r\u00e9serv\u00e9 aux abonn\u00e9s.        Il vous reste 83% \u00e0 d\u00e9couvrir.\n    <\/p>\n<p>                <img  data- alt=\"Le Figaro\" class=\"fig-img--complete fig-img\"\/><\/p>\n<p class=\"fig-premium-paywall__title\">Vous avez envie de lire la suite ?<\/p>\n<p class=\"fig-premium-paywall__subtitle\">D\u00e9bloquez tous les articles imm\u00e9diatement.<\/p>\n<p class=\"fig-premium-paywall__connect\">\n                D\u00e9j\u00e0 abonn\u00e9\u00a0?                <a class=\"fig-premium-paywall__connect-link\" href=\"https:\/\/connect.lefigaro.fr\/login?client=horizon_web&amp;type=main&amp;redirect_uri=https%3A%2F%2Fwww.lefigaro.fr%2Farts-expositions%2Fmodigliani-chagall-foujita-l-ecole-de-paris-renait-a-montmartre-20251205\" data-js-gtm=\"{&quot;customCategorie&quot;: &quot;conversion&quot;, &quot;customAction&quot;: &quot;before_Landing_Connexion_paywall_auto&quot;, &quot;customLabel&quot;: &quot;bGVmaWdhcm8uZnJfXzFmMGNhYWY1LTBiZjktNmMxNC05N2FkLTgxNDIzNjI3ODQwN19fQXJ0aWNsZQ==_Modigliani, Chagall, Foujita... L\u2019\u00ab\u00c9cole de Paris\u00bb rena\u00eet \u00e0 Montmartre_9&quot;, &quot;customIDSPE&quot;: &quot;bGVmaWdhcm8uZnJfXzFmMGNhYWY1LTBiZjktNmMxNC05N2FkLTgxNDIzNjI3ODQwN19fQXJ0aWNsZQ==&quot;, &quot;event&quot;: &quot;customEventSPE&quot;}\" target=\"_blank\" rel=\"noopener\"><br \/>\n                    Connectez-vous<br \/>\n                <\/a>\n            <\/p>\n","protected":false},"excerpt":{"rendered":"CRITIQUE &#8211; Chagall, Foujita, Tamara de Lempicka, Zadkine&#8230; Le mus\u00e9e de la Butte pr\u00e9sente 130\u00a0peintures et sculptures peu&hellip;\n","protected":false},"author":2,"featured_media":581007,"comment_status":"","ping_status":"","sticky":false,"template":"","format":"standard","meta":{"footnotes":""},"categories":[1358],"tags":[69481,1348,1384,1385,1386,58,59,1011,27,69480,7661,3048,33952],"class_list":{"0":"post-581006","1":"post","2":"type-post","3":"status-publish","4":"format-standard","5":"has-post-thumbnail","7":"category-arts-et-design","8":"tag-andre-derain","9":"tag-arts","10":"tag-arts-and-design","11":"tag-arts-et-design","12":"tag-design","13":"tag-divertissement","14":"tag-entertainment","15":"tag-fr","16":"tag-france","17":"tag-marc-chagall","18":"tag-montmartre","19":"tag-musee","20":"tag-picasso"},"share_on_mastodon":{"url":"https:\/\/pubeurope.com\/@fr\/115669818608550686","error":""},"_links":{"self":[{"href":"https:\/\/www.europesays.com\/fr\/wp-json\/wp\/v2\/posts\/581006","targetHints":{"allow":["GET"]}}],"collection":[{"href":"https:\/\/www.europesays.com\/fr\/wp-json\/wp\/v2\/posts"}],"about":[{"href":"https:\/\/www.europesays.com\/fr\/wp-json\/wp\/v2\/types\/post"}],"author":[{"embeddable":true,"href":"https:\/\/www.europesays.com\/fr\/wp-json\/wp\/v2\/users\/2"}],"replies":[{"embeddable":true,"href":"https:\/\/www.europesays.com\/fr\/wp-json\/wp\/v2\/comments?post=581006"}],"version-history":[{"count":0,"href":"https:\/\/www.europesays.com\/fr\/wp-json\/wp\/v2\/posts\/581006\/revisions"}],"wp:featuredmedia":[{"embeddable":true,"href":"https:\/\/www.europesays.com\/fr\/wp-json\/wp\/v2\/media\/581007"}],"wp:attachment":[{"href":"https:\/\/www.europesays.com\/fr\/wp-json\/wp\/v2\/media?parent=581006"}],"wp:term":[{"taxonomy":"category","embeddable":true,"href":"https:\/\/www.europesays.com\/fr\/wp-json\/wp\/v2\/categories?post=581006"},{"taxonomy":"post_tag","embeddable":true,"href":"https:\/\/www.europesays.com\/fr\/wp-json\/wp\/v2\/tags?post=581006"}],"curies":[{"name":"wp","href":"https:\/\/api.w.org\/{rel}","templated":true}]}}