{"id":581008,"date":"2025-12-06T00:36:27","date_gmt":"2025-12-06T00:36:27","guid":{"rendered":"https:\/\/www.europesays.com\/fr\/581008\/"},"modified":"2025-12-06T00:36:27","modified_gmt":"2025-12-06T00:36:27","slug":"six-mois-pour-marlene-schaff-la-dramatique-epreuve-de-la-prof-de-la-star-academy","status":"publish","type":"post","link":"https:\/\/www.europesays.com\/fr\/581008\/","title":{"rendered":"\u00ab\u00a0Six mois pour&#8230;\u00a0\u00bb : Marl\u00e8ne Schaff, la dramatique \u00e9preuve de la prof de la Star Academy"},"content":{"rendered":"<p class=\"p1\"><a href=\"https:\/\/www.closermag.fr\/people\/marlene-schaff-est-elle-en-couple-3583804\" target=\"_blank\" rel=\"noopener\"><br \/>\nMarl\u00e8ne Schaff se r\u00e9jouit probablement de tourner la page de son<br \/>\ncalendrier.<\/a> Il faut dire que 2025 n&rsquo;a pas \u00e9t\u00e9 une ann\u00e9e<br \/>\nparticuli\u00e8rement cl\u00e9mente. Le 18 mars dernier, ses fans<br \/>\napprenaient, atterr\u00e9s, <strong>l&rsquo;annulation de ses deux<br \/>\nconcerts<\/strong> organis\u00e9s \u00e0 la Nouvelle Eve. Une \u00e9norme d\u00e9ception<br \/>\naussi pour la principale int\u00e9ress\u00e9e qui avait h\u00e2te de reprendre le<br \/>\nchemin de la sc\u00e8ne.<\/p>\n<p class=\"p1\">Nul n&rsquo;a ignor\u00e9 que la professeure d&rsquo;expression<br \/>\nsc\u00e9nique de la Star Academy semblait avoir <strong>des probl\u00e8mes de<br \/>\nrespiration<\/strong> lors de la pr\u00e9c\u00e9dente saison du t\u00e9l\u00e9-crochet.<br \/>\nSon \u00e9tat de sant\u00e9 s&rsquo;\u00e9tait peu \u00e0 peu d\u00e9grad\u00e9 au point de provoquer<br \/>\n<strong>la perte de l&rsquo;audition<\/strong>. D&rsquo;apr\u00e8s les m\u00e9decins,<br \/>\nplusieurs infections auraient infect\u00e9 sa sph\u00e8re ORL.<\/p>\n<p>Marl\u00e8ne Schaff (Star Academy) : cet enfer qu&rsquo;elle a<br \/>\nv\u00e9cu<\/p>\n<p class=\"p1\">Invit\u00e9e tout r\u00e9cemment au micro du podcast Le(s)<br \/>\nD\u00e9clic(s), Marl\u00e8ne Schaff a \u00e9voqu\u00e9 <strong>cette dramatique<br \/>\n\u00e9preuve<\/strong> longue de six mois. \u00ab\u00a0<strong>\u00c7a a \u00e9t\u00e9<br \/>\nterrible<\/strong>.\u00a0J&rsquo;avais perdu confiance en moi \u00e0 un<br \/>\npoint&#8230;\u00a0Je n&rsquo;avais jamais annul\u00e9 un spectacle de ma<br \/>\nvie.\u00a0J&rsquo;ai vraiment eu l&rsquo;impression que, quand je me suis<br \/>\nrelev\u00e9e de tout \u00e7a, <strong>je ne savais plus rien \u00e0<br \/>\nfaire<\/strong>\u00ab\u00a0, confie-t-elle.<\/p>\n<p class=\"p1\">L&rsquo;ex-coach vocale de The Voice a pu compter sur<br \/>\n<strong>le soutien de l&rsquo;un de ses camarades de<\/strong> <a href=\"https:\/\/www.closermag.fr\/people\/je-ne-tolererai-aucun-marlene-schaff-ecoeuree-par-la-precedente-saison-de-star-ac-elle-pose-ses-conditions-avant-de-rempiler-3583878\" target=\"_blank\" rel=\"noopener\"><br \/>\nla Star Academy<\/a> : le professeur de spor <strong>Ladji<br \/>\nDoucour\u00e9<\/strong>. \u00ab\u00a0Il m&rsquo;a beaucoup aid\u00e9. C&rsquo;est le lot de<br \/>\nbeaucoup de sportifs\u00a0\u00bb, s&rsquo;en \u00e9meut aujourd&rsquo;hui la chanteuse qui<br \/>\npr\u00e9sentera son nouveau spectacle \u00e0\u00a0l&rsquo;Alhambra, d\u00e8s le 18 mars<br \/>\n2026.<\/p>\n<p>Marl\u00e8ne Schaff (Star Academy) : en<br \/>\ncombien de temps a-t-elle remont\u00e9 la pente ?<\/p>\n<p class=\"p1\">Reprendre confiance en ses capacit\u00e9s vocales mais<br \/>\naussi en son oreille n&rsquo;a pas \u00e9t\u00e9 une mince affaire. \u00ab\u00a0<strong>Je<br \/>\nsuis retourn\u00e9e prendre des cours de chant<\/strong> pour apprendre<br \/>\nde nouveaux outils. Je suis all\u00e9e rechercher du travail\u00a0pour<br \/>\nretrouver la confiance\u00a0\u00bb, \u00e9num\u00e8re <strong>l&rsquo;amie de<\/strong><br \/>\n<a href=\"https:\/\/www.closermag.fr\/tv_tele_realite\/star-academy-2024-michael-goldman-et-lucie-bernardoni-en-couple-leurs-regards-ne-trompent-personne-3510258\" target=\"_blank\" rel=\"noopener\"><br \/>\nLucie Bernardoni<\/a>.<\/p>\n<p class=\"p1\"><strong>Retourner \u00e0 la Star Academy<\/strong> aupr\u00e8s<br \/>\nd&rsquo;une nouvelle g\u00e9n\u00e9ration d&rsquo;\u00e9l\u00e8ves a \u00e9t\u00e9 d&rsquo;une grande aide<br \/>\n\u00e9galement. \u00ab\u00a0Je me dis mais Marl\u00e8ne, tu sais de quoi tu parles.<br \/>\n\u00c7a m&rsquo;a beaucoup aid\u00e9e\u00a0\u00bb, se souvient-elle avoir pens\u00e9 lors du<br \/>\npremier debrief. Cette aventure cauchemardesque a laiss\u00e9 des traces<br \/>\n: \u00ab\u00a0<strong>Il m&rsquo;a fallu bien six mois<\/strong>. Quatre mois \u00e0<br \/>\n\u00eatre malade et puis deux mois pour remonter la pente. <strong>Ce<br \/>\nfut une ann\u00e9e tr\u00e8s compliqu\u00e9e&#8230;<\/strong>\u00ab\u00a0<\/p>\n","protected":false},"excerpt":{"rendered":"Marl\u00e8ne Schaff se r\u00e9jouit probablement de tourner la page de son calendrier. Il faut dire que 2025 n&rsquo;a&hellip;\n","protected":false},"author":2,"featured_media":581009,"comment_status":"","ping_status":"","sticky":false,"template":"","format":"standard","meta":{"footnotes":""},"categories":[1356],"tags":[21303,58,59,1011,27,5095,252,1364],"class_list":{"0":"post-581008","1":"post","2":"type-post","3":"status-publish","4":"format-standard","5":"has-post-thumbnail","7":"category-television","8":"tag-buzz_nonli","9":"tag-divertissement","10":"tag-entertainment","11":"tag-fr","12":"tag-france","13":"tag-star-academy","14":"tag-television","15":"tag-tv"},"share_on_mastodon":{"url":"https:\/\/pubeurope.com\/@fr\/115669826476295217","error":""},"_links":{"self":[{"href":"https:\/\/www.europesays.com\/fr\/wp-json\/wp\/v2\/posts\/581008","targetHints":{"allow":["GET"]}}],"collection":[{"href":"https:\/\/www.europesays.com\/fr\/wp-json\/wp\/v2\/posts"}],"about":[{"href":"https:\/\/www.europesays.com\/fr\/wp-json\/wp\/v2\/types\/post"}],"author":[{"embeddable":true,"href":"https:\/\/www.europesays.com\/fr\/wp-json\/wp\/v2\/users\/2"}],"replies":[{"embeddable":true,"href":"https:\/\/www.europesays.com\/fr\/wp-json\/wp\/v2\/comments?post=581008"}],"version-history":[{"count":0,"href":"https:\/\/www.europesays.com\/fr\/wp-json\/wp\/v2\/posts\/581008\/revisions"}],"wp:featuredmedia":[{"embeddable":true,"href":"https:\/\/www.europesays.com\/fr\/wp-json\/wp\/v2\/media\/581009"}],"wp:attachment":[{"href":"https:\/\/www.europesays.com\/fr\/wp-json\/wp\/v2\/media?parent=581008"}],"wp:term":[{"taxonomy":"category","embeddable":true,"href":"https:\/\/www.europesays.com\/fr\/wp-json\/wp\/v2\/categories?post=581008"},{"taxonomy":"post_tag","embeddable":true,"href":"https:\/\/www.europesays.com\/fr\/wp-json\/wp\/v2\/tags?post=581008"}],"curies":[{"name":"wp","href":"https:\/\/api.w.org\/{rel}","templated":true}]}}