{"id":581017,"date":"2025-12-06T00:42:13","date_gmt":"2025-12-06T00:42:13","guid":{"rendered":"https:\/\/www.europesays.com\/fr\/581017\/"},"modified":"2025-12-06T00:42:13","modified_gmt":"2025-12-06T00:42:13","slug":"les-notes-de-loups-garous-episode-1-so-foot-com","status":"publish","type":"post","link":"https:\/\/www.europesays.com\/fr\/581017\/","title":{"rendered":"Les notes de Loups Garous : \u00e9pisode 1 &#8211; SO FOOT.com"},"content":{"rendered":"<ol>\n<li><a href=\"https:\/\/news.google.com\/rss\/articles\/CBMiggFBVV95cUxOYWpobXgwY3pySU5ud2ZOdFFTaUw5T0Y0UVZlcW93dFhZc1N3VEhjdmtqaHUyTF9lcjBESHZuZlg4RXBGMF9sSWFMSDdMRm5GYmNPcERlckhRX3hqN3dLVEdtX1Bra1lrN2xaakRRNWRHVWp3S09EUEFiTGtyczdZTElR?oc=5\" target=\"_blank\" rel=\"noopener\">Les notes de Loups Garous : \u00e9pisode 1<\/a>&nbsp;&nbsp;SO FOOT.com<\/li>\n<li><a href=\"https:\/\/news.google.com\/rss\/articles\/CBMiywFBVV95cUxNUDdWT1N4QWpnb0MydUdsYVNmV2cyMUcxNFgzMnN4UTRYOEZZbU1NeEJfQWxwN3ZvdnM0VHFqM00zQkdyWURVc1dPN1A4ejBoRGZmbUFfYUhwTXhFRkFCeXprcjJnOEQ0ZjE2QzFnSi1GUXFIZ2NDUm54WmcyVWp6WHZvWG9mR3lJZXg4NEFrQXpKSWRTVnFsLXl3eE1FdWJHS2dzNHhMUDk5TlcySlN5RGwtc0NjTkxTQlYxS2k0RURsRnNHUjV2TDlnaw?oc=5\" target=\"_blank\" rel=\"noopener\">EN IMAGES. \u00ab Loups Garous \u00bb sur Canal+ : N\u00e9gociateur du Raid, m\u00e9dium, r\u00e9ali\u2026<\/a>&nbsp;&nbsp;20 Minutes<\/li>\n<li><a href=\"https:\/\/news.google.com\/rss\/articles\/CBMi1wFBVV95cUxNVzhBbC14eEJ6M19FTWJpcTBVUWJnREtmbmZYU3ZoTFlpQ2JFaW9zZHU3NUctN2d2VldCZnhhTmpHV3JjQlpzT2hyZUI2SkxIeFR6aVBKbVBLMGVYQlVwR05FLTg5TkI5SHdHbVRRM1pNU3FnUkdoOVRDNTdiWHozSXhKUkVadGxMV0sxc2NyYjNGU0oyUHlCbkhsV3RNbl95OVNHcDIxNFc4YmtVSGJPWV9valhRV1RqdWZuU3hMTXVQcC1sR1VEWXM2Z0xQWVVlVDVrZmhSYw?oc=5\" target=\"_blank\" rel=\"noopener\">\u00ab Le jeu \u201cLoups-garous\u201d nous raconte en tant que soci\u00e9t\u00e9 \u00bb<\/a>&nbsp;&nbsp;Le Point<\/li>\n<li><a href=\"https:\/\/news.google.com\/rss\/articles\/CBMi6gFBVV95cUxQc3VrZzE3M3NQOWZkdS1MM2ktbVJpc09oQldnNVU1cUN1dy1Ma3NjZTNMWUp1QXdjd3FUV1FjVEJuNk9Nclg3aUN0MW5oY3lrdUo5N1FhbW1DdGNuZHNXYi1QeGJmWFhfWjU0NEE3WFgtblBDRnFIVzl5ZUR6bEZqN0tDdkFSbm9XVXFXUENvNkVFWGNMN09FbTZoeWF2S1g5TFFqZ2xSMU1rRFZvOEJIV0hNNFM1MnhBZnc0RUoxcU81RUwzU1ZsN2RGZ1ktN2FFcEhwRExJMmFjbk5MS0Y3aTJ2dzJCeG1CUEHSAe8BQVVfeXFMTzFDSTB2bW9FQ1FWLUFVSEs1SkhidFNKM1ZaN0diaVZLRldGTF9BTDNIRjRaT2lpZzhnQW02NkJZRGJjRG9SdHFZS3E5NGptSlVnMWNtamJha2JOOTJmbFNneEJ4NFN5WjFYb1ZnQ1dCOVlObmRYNVhhOXhBWUpIZFRpWTdZV3I2YldYeTBfcVlGdFl4U2Jrd3ZyU1FJWGR4MnNQTzZYRDRhUERGd0ZOUjZzSWg0SkdETTJyeHJfbmlPb21DX200enZUOUZ4aXpscmRfUGZ5MEc1NHFHSHNfYWJzSnRFbGtFbWpSTHNDVlk?oc=5\" target=\"_blank\" rel=\"noopener\">Si les joueurs de foot \u00e9taient des personnages de Loups Garous<\/a>&nbsp;&nbsp;Boursorama<\/li>\n<li><a href=\"https:\/\/news.google.com\/rss\/articles\/CBMitAFBVV95cUxNQl8wWDN0NWItN0NtZWFmUVAxVWhreHhvUFhRWS1jeFpxMDNyY0RVWHFKYnY3RHFsaGZ3T0duMWZKbTJqLWxfZnpCTzhncjd5NnJ1S1BqdUU3OWdnRHFnWVRWNkYtNl9CQTlPQV9NblJuXzBkejFGQUpHa0Q5cWhVUHNxNGlmZTVscVVEZ3F2MEt6QkF4aFZmZ0tZb2t3dnBPNEJTeEpsNU5HWmZvZmxjNzFHSDA?oc=5\" target=\"_blank\" rel=\"noopener\">Fary et Panayotis Pascot : petits mensonges entre amis ?<\/a>&nbsp;&nbsp;Radio France<\/li>\n<\/ol>\n","protected":false},"excerpt":{"rendered":"Les notes de Loups Garous : \u00e9pisode 1&nbsp;&nbsp;SO FOOT.com EN IMAGES. \u00ab Loups Garous \u00bb sur Canal+ :&hellip;\n","protected":false},"author":2,"featured_media":581018,"comment_status":"","ping_status":"","sticky":false,"template":"","format":"standard","meta":{"footnotes":""},"categories":[8],"tags":[47,61,69,65,58,59,64,63,1011,27,68,66,62,70,67],"class_list":{"0":"post-581017","1":"post","2":"type-post","3":"status-publish","4":"format-standard","5":"has-post-thumbnail","7":"category-divertissement","8":"tag-actualite","9":"tag-actus-football","10":"tag-bundesliga","11":"tag-championnats-europeens","12":"tag-divertissement","13":"tag-entertainment","14":"tag-equipe-de-france","15":"tag-football","16":"tag-fr","17":"tag-france","18":"tag-ligua","19":"tag-ligue-1","20":"tag-news-foot","21":"tag-premier-league","22":"tag-serie-a"},"share_on_mastodon":{"url":"https:\/\/pubeurope.com\/@fr\/115669850207231105","error":""},"_links":{"self":[{"href":"https:\/\/www.europesays.com\/fr\/wp-json\/wp\/v2\/posts\/581017","targetHints":{"allow":["GET"]}}],"collection":[{"href":"https:\/\/www.europesays.com\/fr\/wp-json\/wp\/v2\/posts"}],"about":[{"href":"https:\/\/www.europesays.com\/fr\/wp-json\/wp\/v2\/types\/post"}],"author":[{"embeddable":true,"href":"https:\/\/www.europesays.com\/fr\/wp-json\/wp\/v2\/users\/2"}],"replies":[{"embeddable":true,"href":"https:\/\/www.europesays.com\/fr\/wp-json\/wp\/v2\/comments?post=581017"}],"version-history":[{"count":0,"href":"https:\/\/www.europesays.com\/fr\/wp-json\/wp\/v2\/posts\/581017\/revisions"}],"wp:featuredmedia":[{"embeddable":true,"href":"https:\/\/www.europesays.com\/fr\/wp-json\/wp\/v2\/media\/581018"}],"wp:attachment":[{"href":"https:\/\/www.europesays.com\/fr\/wp-json\/wp\/v2\/media?parent=581017"}],"wp:term":[{"taxonomy":"category","embeddable":true,"href":"https:\/\/www.europesays.com\/fr\/wp-json\/wp\/v2\/categories?post=581017"},{"taxonomy":"post_tag","embeddable":true,"href":"https:\/\/www.europesays.com\/fr\/wp-json\/wp\/v2\/tags?post=581017"}],"curies":[{"name":"wp","href":"https:\/\/api.w.org\/{rel}","templated":true}]}}