{"id":581021,"date":"2025-12-06T00:44:30","date_gmt":"2025-12-06T00:44:30","guid":{"rendered":"https:\/\/www.europesays.com\/fr\/581021\/"},"modified":"2025-12-06T00:44:30","modified_gmt":"2025-12-06T00:44:30","slug":"pourquoi-la-model-3-standard-assomme-la-concurrence","status":"publish","type":"post","link":"https:\/\/www.europesays.com\/fr\/581021\/","title":{"rendered":"pourquoi la Model 3 Standard assomme la concurrence"},"content":{"rendered":"<p>En affichant sa Model 3 Standard \u00e0 36\u00a0990 euros, Tesla ne se contente pas de baisser ses prix\u00a0: la marque rebat totalement les cartes. Comment les Renault M\u00e9gane E-Tech, MG4 ou Peugeot e-308 peuvent-elles lutter face \u00e0 une berline familiale vendue au prix d\u2019une citadine\u00a0? Analyse d\u2019un hold-up annonc\u00e9.<\/p>\n<p>C\u2019est un s\u00e9isme dont l\u2019\u00e9picentre se trouve, encore une fois, sur le configurateur de Tesla. Avec une <a href=\"https:\/\/www.01net.com\/actualites\/tesla-casse-les-prix-la-model-3-standard-debarque-a-36-990-e-la-nouvelle-reference.html\" target=\"_blank\" rel=\"noopener\">Model 3 Standard affich\u00e9e \u00e0 36\u00a0990 euros<\/a>, le constructeur am\u00e9ricain vient de placer la barre \u00e0 une hauteur vertigineuse.<\/p>\n<p>Jusqu\u2019\u00e0 pr\u00e9sent, pour ce budget, vous aviez le choix entre une citadine \u00e9lectrique bien \u00e9quip\u00e9e ou une compacte d\u2019entr\u00e9e de gamme. D\u00e9sormais, pour la m\u00eame somme, vous pouvez vous offrir une berline de 4,72 m\u00e8tres, bard\u00e9e de technologies et capable de traverser la France. De quoi donner des sueurs froides aux \u00e9tats-majors de Renault, Stellantis ou MG.<\/p>\n<p> Le nouveau rapport qualit\u00e9\/prix de r\u00e9f\u00e9rence <\/p>\n<p>Rappelons les faits. Pour moins de 37\u00a0000 euros, la Model 3 Standard offre 534 km d\u2019autonomie (WLTP), un 0 \u00e0 100 km\/h en 6,2 secondes et l\u2019acc\u00e8s natif aux Superchargeurs.<\/p>\n<p>Certes, il n\u2019y a pas de bonus \u00e9cologique (production chinoise oblige). Mais m\u00eame sans cette aide de l\u2019\u00c9tat, le tarif facial est si agressif qu\u2019il vient percuter frontalement des mod\u00e8les qui, eux, en b\u00e9n\u00e9ficient.<\/p>\n<p> Le duel frontal\u00a0: Tesla vs Renault M\u00e9gane E-Tech <\/p>\n<p>C\u2019est la comparaison la plus douloureuse. La <a href=\"https:\/\/www.01net.com\/actualites\/test-renault-megane-electrique-un-quasi-sans-faute-mais-une-enorme-epine-dans-le-pied-2054576.html\" target=\"_blank\" rel=\"noopener\">M\u00e9gane E-Tech<\/a> est une excellente voiture, salu\u00e9e pour son syst\u00e8me Google Automotive et son confort. Mais \u00e0 tarif \u00e9quivalent (environ 34\u00a0000 \u2013 36\u00a0000 euros bonus d\u00e9duit selon les versions), la fran\u00e7aise souffre sur la fiche technique.<\/p>\n<p>Au niveau de l\u2019espace, la M\u00e9gane est une compacte (4,20 m) contre une familiale (4,72 m) pour la Tesla. Le volume de coffre de l\u2019am\u00e9ricaine (682 L + 88 L) enterre celui de la fran\u00e7aise (440 L). C\u00f4t\u00e9 efficience, la Tesla consomme moins tout en allant plus loin sur autoroute avec 13 kWh\/100 km et 534 km contre 15,5 kWh\/100 km et 470 km d\u2019autonomie pour la M\u00e9gane.<\/p>\n<p> <img loading=\"lazy\" decoding=\"async\" class=\"size-full wp-image-1102228\" src=\"https:\/\/www.europesays.com\/fr\/wp-content\/uploads\/2025\/12\/IMG_2490.jpg\" alt=\"Renault M\u00e9gane \u00e9lectrique - 01net.Com\" width=\"1920\" height=\"1440\"  \/>\u00a9 01net.com <\/p>\n<p>Verdict\u00a0: la M\u00e9gane garde l\u2019avantage du format compact pour ceux qui vivent en centre-ville et du r\u00e9seau de concessionnaires rassurant. Pour tout le reste, la Tesla l\u2019emporte par K.O.<\/p>\n<p> L\u2019attaque sur les prix\u00a0: Tesla vs MG4 <\/p>\n<p>Jusqu\u2019ici, la reine du \u00ab\u00a0low cost\u00a0\u00bb qualitatif, c\u2019\u00e9tait elle. La MG4 a inond\u00e9 nos routes gr\u00e2ce \u00e0 un tarif imbattable. Cependant, avec une version <a href=\"https:\/\/www.01net.com\/tests\/test-de-la-mg4-carton-assure-pour-la-voiture-electrique-de-lannee.html\" target=\"_blank\" rel=\"noopener\">MG4 Luxury<\/a> (64 kWh) qui tourne autour des 35\u00a0990 euros (hors promotions), l\u2019\u00e9cart de prix se r\u00e9duit dangereusement.<\/p>\n<p> <img loading=\"lazy\" decoding=\"async\" class=\"wp-image-1109519 size-full\" src=\"https:\/\/www.europesays.com\/fr\/wp-content\/uploads\/2025\/12\/IMG_4487.jpg\" alt=\"\" width=\"1920\" height=\"1440\"  \/>\u00a9 01net.com <\/p>\n<p>La MG4 garde l\u2019avantage d\u2019\u00eatre plus courte (coffre de 363 L) et tr\u00e8s vive, mais l\u2019image de marque, la valeur de revente r\u00e9siduelle et l\u2019\u00e9cosyst\u00e8me logiciel de Tesla sont des arguments massue qui justifient largement le faible surco\u00fbt de la Model 3.<\/p>\n<p> L\u2019absurdit\u00e9 du march\u00e9 : Tesla vs les citadines (e-208, R5) <\/p>\n<p>C\u2019est l\u00e0 que la situation devient critique pour la concurrence. Une <a href=\"https:\/\/www.01net.com\/tests\/essai-peugeot-e-208-avis-restylage.html\" target=\"_blank\" rel=\"noopener\">Peugeot e-208 GT<\/a> ou une <a href=\"https:\/\/www.01net.com\/tests\/essa-test-renault-5-e-tech-voiture-electrique.html\" target=\"_blank\" rel=\"noopener\">Renault 5 E-Tech<\/a> bien optionn\u00e9e naviguent dans ces eaux tarifaires (autour de 33\u00a0000 \u2013 35\u00a0000 euros avant bonus).<\/p>\n<p>On se retrouve donc dans une situation ubuesque o\u00f9 le consommateur peut h\u00e9siter entre une petite citadine polyvalente et une grande routi\u00e8re performante pour quasiment le m\u00eame ch\u00e8que. Si la R5 joue sur le coup de c\u0153ur et le design n\u00e9o-r\u00e9tro, rationnellement, la comparaison est cruelle.<\/p>\n<p> Tableau comparatif\u00a0: les chiffres ne mentent pas <\/p>\n<p>Voici un aper\u00e7u rapide des forces en pr\u00e9sence dans cette tranche de prix (35 k\u20ac \u2013 40 k\u20ac) :<\/p>\n<tr style=\"height: 27px;\">\n<td style=\"width: 25%; height: 27px; text-align: center;\"><strong>Mod\u00e8le<\/strong><\/td>\n<td style=\"width: 25%; height: 27px; text-align: center;\"><strong>Prix (hors bonus)<\/strong><\/td>\n<td style=\"width: 25%; height: 27px; text-align: center;\"><strong>Autonomie WLTP<\/strong><\/td>\n<td style=\"width: 25%; height: 27px; text-align: center;\"><strong>Segment<\/strong><\/td>\n<\/tr>\n<tr style=\"height: 27px;\">\n<td style=\"width: 25%; height: 27px; text-align: center;\">Tesla Model 3 Standard<\/td>\n<td style=\"width: 25%; height: 27px; text-align: center;\">36\u00a0990\u00a0\u20ac<\/td>\n<td style=\"width: 25%; height: 27px; text-align: center;\">534 km<\/td>\n<td style=\"width: 25%; height: 27px; text-align: center;\">Berline (D)<\/td>\n<\/tr>\n<tr style=\"height: 27px;\">\n<td style=\"width: 25%; height: 27px; text-align: center;\">MG4 Luxury<\/td>\n<td style=\"width: 25%; height: 27px; text-align: center;\">~35\u00a0990\u00a0\u20ac<\/td>\n<td style=\"width: 25%; height: 27px; text-align: center;\">435 km<\/td>\n<td style=\"width: 25%; height: 27px; text-align: center;\">Compacte (C)<\/td>\n<\/tr>\n<tr style=\"height: 27px;\">\n<td style=\"width: 25%; height: 27px; text-align: center;\">Renault M\u00e9gane E-Tech (60kWh)<\/td>\n<td style=\"width: 25%; height: 27px; text-align: center;\">~39\u00a0500\u00a0\u20ac<\/td>\n<td style=\"width: 25%; height: 27px; text-align: center;\">470 km<\/td>\n<td style=\"width: 25%; height: 27px; text-align: center;\">Compacte (C)<\/td>\n<\/tr>\n<tr style=\"height: 25px;\">\n<td style=\"width: 25%; height: 25px; text-align: center;\">Peugeot e-308<\/td>\n<td style=\"width: 25%; height: 25px; text-align: center;\">~42\u00a0600\u00a0\u20ac<\/td>\n<td style=\"width: 25%; height: 25px; text-align: center;\">450 km<\/td>\n<td style=\"width: 25%; height: 25px; text-align: center;\">Compacte (C)<\/td>\n<\/tr>\n<tr style=\"height: 25px;\">\n<td style=\"width: 25%; height: 25px; text-align: center;\">VW ID.3 Pro<\/td>\n<td style=\"width: 25%; height: 25px; text-align: center;\">~39\u00a0990\u00a0\u20ac<\/td>\n<td style=\"width: 25%; height: 25px; text-align: center;\">434 km<\/td>\n<td style=\"width: 25%; height: 25px; text-align: center;\">Compacte (C)<\/td>\n<\/tr>\n<p>Note\u00a0: les prix sont indicatifs et peuvent varier selon les offres. Par exemple, Peugeot affiche un prix PEUGEOT STORE (hors frais) \u00e0 39\u00a0750 euros pour la 308.<\/p>\n<p> Le bonus \u00e9cologique\u00a0: la derni\u00e8re ligne de d\u00e9fense\u00a0? <\/p>\n<p>Il reste un joker aux concurrentes europ\u00e9ennes\u00a0: le bonus \u00e9cologique. La Model 3 Standard, fabriqu\u00e9e \u00e0 Shanghai, en est priv\u00e9e. Cela signifie qu\u2019une Renault M\u00e9gane ou une <a href=\"https:\/\/www.01net.com\/tests\/essai-nouvelle-volkswagen-id3-2023.html\" target=\"_blank\" rel=\"noopener\">VW ID.3<\/a> peut voir son prix r\u00e9el baisser de <a href=\"https:\/\/www.01net.com\/actualites\/voitures-electriques-tout-comprendre-sur-le-remplacant-du-bonus-ecologique.html\" target=\"_blank\" rel=\"noopener\">4\u00a0200 euros gr\u00e2ce \u00e0 l\u2019aide de l\u2019\u00c9tat<\/a>, creusant un \u00e9cart artificiel avec la Tesla.<\/p>\n<p>Cependant, Tesla a l\u2019habitude de cette gymnastique. En proposant un prix facial sous les 37\u00a0000 euros, la marque annule psychologiquement l\u2019avantage du bonus des autres. Pour beaucoup d\u2019acheteurs, payer 36\u00a0990 euros pour \u00ab\u00a0une Tesla\u00a0\u00bb semblera toujours \u00eatre une meilleure affaire que payer 34\u00a0000 euros (bonus d\u00e9duit) pour une compacte moins performante.<\/p>\n<p>  Et si le plus gros danger venait de l\u2019int\u00e9rieur\u00a0? le Model Y <\/p>\n<p>Paradoxalement, la plus grande menace pour cette Model 3 pourrait venir de sa propre famille. En effet, le <a href=\"https:\/\/www.01net.com\/actualites\/tesla-casse-prix-model-y-france-mais-oublier-ces-equipements.html\" target=\"_blank\" rel=\"noopener\">Model Y Standard<\/a> joue une partition encore plus subtile.<\/p>\n<p>Produit \u00e0 Berlin, le SUV star est affich\u00e9 \u00e0 39\u00a0990 euros au catalogue, soit 3\u00a0000 euros de plus que sa petite s\u0153ur. Contrairement \u00e0 la Model 3 chinoise, lui est \u00e9ligible au bonus \u00e9cologique.<\/p>\n<p>Au final, le Model Y peut revenir \u00e0 environ 35\u00a0790 euros selon les revenus. Pour moins cher que la nouvelle Model 3, vous acc\u00e9dez donc au format SUV, plus spacieux avec son coffre gargantuesque (854 + 117 L), tout en conservant une autonomie de 534 km selon le cycle WLTP.<\/p>\n<p>  L\u2019ann\u00e9e 2026 s\u2019annonce sanglante <\/p>\n<p>Avec cette Model 3 Standard, Tesla ne cherche pas seulement \u00e0 vendre plus ; la marque cherche \u00e0 nettoyer le march\u00e9. En janvier 2026, quand les premi\u00e8res livraisons arriveront sur les routes fran\u00e7aises, la concurrence n\u2019aura d\u2019autre choix que de r\u00e9agir, probablement par une guerre des prix agressive. Cela passera peut-\u00eatre, encore, par le nouveau <a href=\"https:\/\/www.01net.com\/actualites\/voiture-electrique-le-bonus-ecologique-grimpe-a-5-700-e-en-2026-voici-les-conditions-pour-en-profiter.html\" target=\"_blank\" rel=\"noopener\">bonus \u00e9cologique 2026 dont le montant a \u00e9t\u00e9 revu \u00e0 la hausse<\/a>.<\/p>\n<p>Plac\u00e9 sous le giron des certificats d\u2019\u00e9conomies d\u2019\u00e9nergie (CEE), il augmente de 1\u00a0500 euros pour atteindre 5\u00a0700 euros (contre 4\u00a0200 euros jusqu\u2019\u00e0 pr\u00e9sent). Quant au surbonus additionnel pour les v\u00e9hicules dont la batterie est fabriqu\u00e9e en Europe, il pourrait atteindre 1\u00a0200 \u00e0 2\u00a0000 euros.<\/p>\n<p>Pour le consommateur, c\u2019est une excellente nouvelle. Pour les constructeurs traditionnels, le casse-t\u00eate ne fait que commencer.<\/p>\n<blockquote style=\"border:1px solid grey;border-radius:8px;\">\n<p class=\"text-base text-neutral-700 dark:text-neutral-300\" style=\"color:grey;\">\ud83d\udc49\ud83c\udffb Suivez l\u2019actualit\u00e9 tech en temps r\u00e9el\u00a0: ajoutez 01net \u00e0 vos sources sur <a href=\"https:\/\/news.google.com\/publications\/CAAqBwgKMJPsvAswoIfUAw?hl=fr&amp;gl=FR&amp;ceid=FR%3Afr\" target=\"_blank\" rel=\"noopener\">Google Actualit\u00e9s<\/a>, abonnez-vous \u00e0 notre canal <a href=\"https:\/\/whatsapp.com\/channel\/0029VaH5gKg6xCSG9nQQhQ1Z\" target=\"_blank\" rel=\"noopener\">WhatsApp<\/a> ou suivez-nous en vid\u00e9o sur <a href=\"https:\/\/www.tiktok.com\/@01net.com\" target=\"_blank\" rel=\"noopener\">TikTok<\/a>.<\/p>\n<\/blockquote>\n<p>              <script async src=\"\/\/www.tiktok.com\/embed.js\"><\/script><\/p>\n","protected":false},"excerpt":{"rendered":"En affichant sa Model 3 Standard \u00e0 36\u00a0990 euros, Tesla ne se contente pas de baisser ses prix\u00a0:&hellip;\n","protected":false},"author":2,"featured_media":581022,"comment_status":"","ping_status":"","sticky":false,"template":"","format":"standard","meta":{"footnotes":""},"categories":[6],"tags":[35,33,34,1011,27,320,44509,321],"class_list":{"0":"post-581021","1":"post","2":"type-post","3":"status-publish","4":"format-standard","5":"has-post-thumbnail","7":"category-economie","8":"tag-business","9":"tag-economie","10":"tag-economy","11":"tag-fr","12":"tag-france","13":"tag-tesla","14":"tag-tesla-model-3","15":"tag-voiture-electrique"},"share_on_mastodon":{"url":"https:\/\/pubeurope.com\/@fr\/115669859621624519","error":""},"_links":{"self":[{"href":"https:\/\/www.europesays.com\/fr\/wp-json\/wp\/v2\/posts\/581021","targetHints":{"allow":["GET"]}}],"collection":[{"href":"https:\/\/www.europesays.com\/fr\/wp-json\/wp\/v2\/posts"}],"about":[{"href":"https:\/\/www.europesays.com\/fr\/wp-json\/wp\/v2\/types\/post"}],"author":[{"embeddable":true,"href":"https:\/\/www.europesays.com\/fr\/wp-json\/wp\/v2\/users\/2"}],"replies":[{"embeddable":true,"href":"https:\/\/www.europesays.com\/fr\/wp-json\/wp\/v2\/comments?post=581021"}],"version-history":[{"count":0,"href":"https:\/\/www.europesays.com\/fr\/wp-json\/wp\/v2\/posts\/581021\/revisions"}],"wp:featuredmedia":[{"embeddable":true,"href":"https:\/\/www.europesays.com\/fr\/wp-json\/wp\/v2\/media\/581022"}],"wp:attachment":[{"href":"https:\/\/www.europesays.com\/fr\/wp-json\/wp\/v2\/media?parent=581021"}],"wp:term":[{"taxonomy":"category","embeddable":true,"href":"https:\/\/www.europesays.com\/fr\/wp-json\/wp\/v2\/categories?post=581021"},{"taxonomy":"post_tag","embeddable":true,"href":"https:\/\/www.europesays.com\/fr\/wp-json\/wp\/v2\/tags?post=581021"}],"curies":[{"name":"wp","href":"https:\/\/api.w.org\/{rel}","templated":true}]}}