{"id":58103,"date":"2025-04-28T01:24:08","date_gmt":"2025-04-28T01:24:08","guid":{"rendered":"https:\/\/www.europesays.com\/fr\/58103\/"},"modified":"2025-04-28T01:24:08","modified_gmt":"2025-04-28T01:24:08","slug":"festival-bdecines-radio-scoop","status":"publish","type":"post","link":"https:\/\/www.europesays.com\/fr\/58103\/","title":{"rendered":"Festival BD\u00e9cines &#8211; Radio SCOOP"},"content":{"rendered":"<p>Venez participer \u00e0 <b>BD\u00e9cines 2025<\/b>, le festival BD de l&rsquo;Est Lyonnais ! <\/p>\n<p>Un festival de bande dessin\u00e9e \u00e0 vivre en famille<\/p>\n<p>Le Festival BD\u00e9cines revient pour une nouvelle \u00e9dition d\u00e9di\u00e9e aux passionn\u00e9s de bande dessin\u00e9e, petits et grands. Organis\u00e9 par le Centre L\u00e9o Lagrange de D\u00e9cines, cet \u00e9v\u00e9nement s&rsquo;impose comme un rendez-vous incontournable du 9e art dans l&rsquo;Est lyonnais. Rencontres avec les auteurs, d\u00e9dicaces, ateliers pour enfants, spectacles et animations rythmeront ces deux jours d\u00e9di\u00e9s \u00e0 la BD.<\/p>\n<p><b>Des auteurs incontournables pour cette \u00e9dition 2025<\/b><br \/>Cette ann\u00e9e, BD\u00e9cines accueille quarante auteurs et illustrateurs, dont plusieurs figures phares du 9e art. Vous aurez donc l&rsquo;opportunit\u00e9 de rencontrer :<br \/>&#8211; Christophe Cazenove (Les Sisters) \u2013 invit\u00e9 d&rsquo;honneur<br \/>&#8211; Philippe Larbier (Les Petits Mythos) \u2013 cr\u00e9ateur de l&rsquo;affiche 2025<br \/>&#8211; Pascal Bresson (Simone Veil, Badinter)<br \/>&#8211; Thomas Tcherkezian (Les Fusill\u00e9s de l&rsquo;Affiche Rouge)<br \/>&#8211; Gaston (Renaud S\u00e9chan)<br \/>&#8211; Pica (Les Profs)<br \/>&#8211; Morgane Lafille, St\u00e9phane Perraud, Vincent Joubert&#8230; et bien d&rsquo;autres encore !<\/p>\n<p>Un espace librairie sera disponible sur place pour permettre aux visiteurs d&rsquo;acheter les albums et repartir avec des BD d\u00e9dicac\u00e9es par leurs auteurs pr\u00e9f\u00e9r\u00e9s.<\/p>\n<p>Un festival immersif \u00e0 d\u00e9couvrir en famille dans un lieu unique<\/p>\n<p>BD\u00e9cines ne se limite pas aux d\u00e9dicaces. Tout au long du week-end, spectacles, projections et animations rythmeront l&rsquo;\u00e9v\u00e9nement notamment en profitant de la superbe sc\u00e8ne, la salle du Toboggan :<br \/>&#8211; Joutes dessin\u00e9es &#8211; Duels de dessinateurs en direct<br \/>&#8211; Spectacles interactifs inspir\u00e9s de la bande dessin\u00e9e<br \/>&#8211; Expositions et projections de films d&rsquo;animation<br \/>&#8211; Librairie, vente BD occasion, boutique BD\u00e9cines<\/p>\n<p>Des ateliers pour enfants encadr\u00e9s par des professionnels<\/p>\n<p>Les jeunes visiteurs pourront d\u00e9couvrir l&rsquo;univers de la BD \u00e0 travers des ateliers cr\u00e9atifs encadr\u00e9s par les animateurs du centre L\u00e9o Lagrange :<br \/>&#8211; Initiation au dessin de BD<br \/>&#8211; Ateliers pop-up et modelage<br \/>&#8211; Fabrication de badges<\/p>\n<p>Les Prix Bonnes Mines : valoriser les talents de la BD<\/p>\n<p>Le festival mettra \u00e0 l&rsquo;honneur le talent des auteurs avec la remise des Prix Bonnes Mines dans plusieurs cat\u00e9gories telles que :<br \/>&#8211; Prix du Meilleur Album et du Sc\u00e9nario<br \/>&#8211; Prix Coup de C\u0153ur du jury et Prix d&rsquo;Honneur<br \/>&#8211; Prix Jeunesse<br \/>&#8211; Prix du Public, attribu\u00e9 par les visiteurs<\/p>\n<p>Rendez-vous samedi 17 et dimanche 18 mai 2025 d\u00e8s 10h, <br \/>au Toboggan \u00e0 D\u00e9cines<\/p>\n<p>Infos pratiques :<br \/>&#8211; Adresse : 14 avenue Jean Mac\u00e9 69150 D\u00e9cines<br \/>&#8211; Horaires : 10h-19h le samedi \/ 10h-18h le dimanche<br \/>&#8211; Acc\u00e8s libre, parking gratuit<br \/>&#8211; Pas de BD personnelle autoris\u00e9e<\/p>\n<p>Plus d&rsquo;infos sur le site <a class=\"url\" href=\"https:\/\/www.bdecines.org\/\" target=\"_blank\" rel=\"nofollow noopener\">BD\u00e9cines<\/a>.<\/p>\n<tr>\n<td class=\"defaut\"><a href=\"https:\/\/www.radioscoop.com\/agenda\/javascript:void(0)\" onclick=\"parent.RS.diaporama.addMedia(682184) ;\" rel=\"nofollow noopener\" target=\"_blank\"><img loading=\"lazy\" decoding=\"async\" src=\"https:\/\/www.europesays.com\/fr\/wp-content\/uploads\/2025\/04\/1745803448_53_img\" width=\"453\" height=\"640\" border=\"0\" title=\"Festival BD\u00e9cines\"\/><\/a><\/td>\n<\/tr>\n<p><\/p>\n","protected":false},"excerpt":{"rendered":"Venez participer \u00e0 BD\u00e9cines 2025, le festival BD de l&rsquo;Est Lyonnais ! Un festival de bande dessin\u00e9e \u00e0&hellip;\n","protected":false},"author":2,"featured_media":58104,"comment_status":"","ping_status":"","sticky":false,"template":"","format":"standard","meta":{"footnotes":""},"categories":[1889],"tags":[1111,11,3692,1063,10036,3355,2430,15420,9993,14773,1719,15418,1777,674,652,15417,1011,27,7373,2428,12,25,853,15419],"class_list":{"0":"post-58103","1":"post","2":"type-post","3":"status-publish","4":"format-standard","5":"has-post-thumbnail","7":"category-lyon","8":"tag-actu","9":"tag-actualites","10":"tag-albums","11":"tag-animations","12":"tag-ateliers","13":"tag-auteur","14":"tag-auvergne-rhone-alpes","15":"tag-bande-dessine","16":"tag-bd","17":"tag-dedicaces","18":"tag-enfants","19":"tag-est-lyonnais","20":"tag-eu","21":"tag-europe","22":"tag-famille","23":"tag-festival-bdcines","24":"tag-fr","25":"tag-france","26":"tag-librairies","27":"tag-lyon","28":"tag-news","29":"tag-republique-francaise","30":"tag-spectacles","31":"tag-toboggan"},"share_on_mastodon":{"url":"https:\/\/pubeurope.com\/@fr\/114412982618318652","error":""},"_links":{"self":[{"href":"https:\/\/www.europesays.com\/fr\/wp-json\/wp\/v2\/posts\/58103","targetHints":{"allow":["GET"]}}],"collection":[{"href":"https:\/\/www.europesays.com\/fr\/wp-json\/wp\/v2\/posts"}],"about":[{"href":"https:\/\/www.europesays.com\/fr\/wp-json\/wp\/v2\/types\/post"}],"author":[{"embeddable":true,"href":"https:\/\/www.europesays.com\/fr\/wp-json\/wp\/v2\/users\/2"}],"replies":[{"embeddable":true,"href":"https:\/\/www.europesays.com\/fr\/wp-json\/wp\/v2\/comments?post=58103"}],"version-history":[{"count":0,"href":"https:\/\/www.europesays.com\/fr\/wp-json\/wp\/v2\/posts\/58103\/revisions"}],"wp:featuredmedia":[{"embeddable":true,"href":"https:\/\/www.europesays.com\/fr\/wp-json\/wp\/v2\/media\/58104"}],"wp:attachment":[{"href":"https:\/\/www.europesays.com\/fr\/wp-json\/wp\/v2\/media?parent=58103"}],"wp:term":[{"taxonomy":"category","embeddable":true,"href":"https:\/\/www.europesays.com\/fr\/wp-json\/wp\/v2\/categories?post=58103"},{"taxonomy":"post_tag","embeddable":true,"href":"https:\/\/www.europesays.com\/fr\/wp-json\/wp\/v2\/tags?post=58103"}],"curies":[{"name":"wp","href":"https:\/\/api.w.org\/{rel}","templated":true}]}}