{"id":581031,"date":"2025-12-06T00:50:20","date_gmt":"2025-12-06T00:50:20","guid":{"rendered":"https:\/\/www.europesays.com\/fr\/581031\/"},"modified":"2025-12-06T00:50:20","modified_gmt":"2025-12-06T00:50:20","slug":"saint-etienne-changement-de-date-pour-lelection-du-nouveau-maire","status":"publish","type":"post","link":"https:\/\/www.europesays.com\/fr\/581031\/","title":{"rendered":"Saint-\u00c9tienne : changement de date pour l&rsquo;\u00e9lection du nouveau maire"},"content":{"rendered":"<p>Alors que le conseil municipal qui doit \u00e9lire le prochain maire de Saint-\u00c9tienne devait se tenir le mercredi 10 d\u00e9cembre, la date a finalement \u00e9t\u00e9 d\u00e9cal\u00e9e. L&rsquo;\u00e9lection du nouveau maire se tiendra le lendemain, le jeudi 11 d\u00e9cembre.<\/p>\n<p>Les St\u00e9phanois et les St\u00e9phanoises vont devoir patienter un jour suppl\u00e9mentaire. Initialement pr\u00e9vu le mercredi 10 d\u00e9cembre, l&rsquo;\u00e9lection du futur maire de Saint-\u00c9tienne se tiendra finalement <b>le jeudi 11 d\u00e9cembre<\/b>.<\/p>\n<p>\u00ab\u00a0En raison d&rsquo;un probl\u00e8me technique de diffusion de la convocation du conseil municipal, et afin de respecter pleinement les 5 jours francs de convocation \u00e0 l&rsquo;ensemble des conseillers municipaux, le conseil municipal  (&#8230;) est d\u00e9cal\u00e9\u00a0\u00bb, explique la Ville.<\/p>\n<p>L&rsquo;horaire du conseil municipal relatif \u00e0 l&rsquo;\u00e9lection du maire et des adjoints reste inchang\u00e9 : il d\u00e9butera <b>\u00e0 14h30<\/b>, dans la salle Aristide Briand \u00e0 l&rsquo;H\u00f4tel de Ville de Saint-\u00c9tienne.<\/p>\n<p>Qui est favori pour devenir maire de Saint-\u00c9tienne ?<\/p>\n<p>Apr\u00e8s <a class=\"url\" href=\"https:\/\/radioscoop.com\/infos\/gael-perdriau-condamne-la-fin-du-cauchemar-pour-l-opposition-a-saint-etienne_343370\" target=\"_blank\" rel=\"noopener\">la condamnation de Ga\u00ebl Perdriau<\/a> dans l&rsquo;affaire de la sextape, le favori \u00e0 sa succession est <a class=\"url\" href=\"https:\/\/www.radioscoop.com\/infos\/condamnation-de-gael-perdriau-marc-chassaubene-futur-maire-de-saint-etienne_343461\" target=\"_blank\" rel=\"noopener\">Marc Chassaub\u00e9n\u00e9<\/a>.<\/p>\n<p>L&rsquo;actuel adjoint en charge de la culture, du patrimoine, du design et de la lutte contre les discriminations devrait \u00eatre le candidat de la majorit\u00e9.<\/p>\n<p><img loading=\"lazy\" decoding=\"async\" src=\"https:\/\/www.europesays.com\/fr\/wp-content\/uploads\/2025\/12\/1764982220_54_img\" width=\"350\" height=\"200\" border=\"0\" title=\"Le maire de Saint-Etienne, Ga\u00c3\u00abl Perdriau.\"\/><\/p>\n<p>\u25baPolitique<\/p>\n<p style=\"font-size: 22px;\"><b>Ga\u00ebl Perdriau condamn\u00e9 : le maire de Saint-\u00c9tienne a adress\u00e9 sa d\u00e9mission<\/b><\/p>\n<p>Le maire de Saint-\u00c9tienne, Ga\u00ebl Perdriau, a adress\u00e9&#8230;<\/p>\n<p><\/p>\n","protected":false},"excerpt":{"rendered":"Alors que le conseil municipal qui doit \u00e9lire le prochain maire de Saint-\u00c9tienne devait se tenir le mercredi&hellip;\n","protected":false},"author":2,"featured_media":581032,"comment_status":"","ping_status":"","sticky":false,"template":"","format":"standard","meta":{"footnotes":""},"categories":[9653],"tags":[1111,11,2430,1984,1777,674,1011,27,55462,5107,12,25,9920,4001],"class_list":{"0":"post-581031","1":"post","2":"type-post","3":"status-publish","4":"format-standard","5":"has-post-thumbnail","7":"category-saint-etienne","8":"tag-actu","9":"tag-actualites","10":"tag-auvergne-rhone-alpes","11":"tag-conseil-municipal","12":"tag-eu","13":"tag-europe","14":"tag-fr","15":"tag-france","16":"tag-gal-perdriau","17":"tag-maire","18":"tag-news","19":"tag-republique-francaise","20":"tag-saint-tienne","21":"tag-saint-etienne"},"share_on_mastodon":{"url":"https:\/\/pubeurope.com\/@fr\/115669882768356867","error":""},"_links":{"self":[{"href":"https:\/\/www.europesays.com\/fr\/wp-json\/wp\/v2\/posts\/581031","targetHints":{"allow":["GET"]}}],"collection":[{"href":"https:\/\/www.europesays.com\/fr\/wp-json\/wp\/v2\/posts"}],"about":[{"href":"https:\/\/www.europesays.com\/fr\/wp-json\/wp\/v2\/types\/post"}],"author":[{"embeddable":true,"href":"https:\/\/www.europesays.com\/fr\/wp-json\/wp\/v2\/users\/2"}],"replies":[{"embeddable":true,"href":"https:\/\/www.europesays.com\/fr\/wp-json\/wp\/v2\/comments?post=581031"}],"version-history":[{"count":0,"href":"https:\/\/www.europesays.com\/fr\/wp-json\/wp\/v2\/posts\/581031\/revisions"}],"wp:featuredmedia":[{"embeddable":true,"href":"https:\/\/www.europesays.com\/fr\/wp-json\/wp\/v2\/media\/581032"}],"wp:attachment":[{"href":"https:\/\/www.europesays.com\/fr\/wp-json\/wp\/v2\/media?parent=581031"}],"wp:term":[{"taxonomy":"category","embeddable":true,"href":"https:\/\/www.europesays.com\/fr\/wp-json\/wp\/v2\/categories?post=581031"},{"taxonomy":"post_tag","embeddable":true,"href":"https:\/\/www.europesays.com\/fr\/wp-json\/wp\/v2\/tags?post=581031"}],"curies":[{"name":"wp","href":"https:\/\/api.w.org\/{rel}","templated":true}]}}