{"id":581033,"date":"2025-12-06T00:51:14","date_gmt":"2025-12-06T00:51:14","guid":{"rendered":"https:\/\/www.europesays.com\/fr\/581033\/"},"modified":"2025-12-06T00:51:14","modified_gmt":"2025-12-06T00:51:14","slug":"4500-personnes-ovationnent-louane-au-zenith-du-grand-nancy","status":"publish","type":"post","link":"https:\/\/www.europesays.com\/fr\/581033\/","title":{"rendered":"4500 personnes ovationnent Louane au Z\u00e9nith du Grand Nancy"},"content":{"rendered":"<p>Si l\u2019on avait un doute, il a \u00e9t\u00e9 lev\u00e9 ce vendredi soir, au Z\u00e9nith du Grand Nancy. Oui, l\u2019effet Louane est toujours aussi efficace. Et ils \u00e9taient 4500\u00a0\u00e0 se laisser emporter par elle.\u00a0Seule sur sc\u00e8ne, Louane a pouss\u00e9 toujours plus loin la proximit\u00e9 avec son public qui ne s\u2019est pas fait prier pour jouer les choristes. M\u00eame en Solo, La Pluie est douce et Les Souvenirs surgissent sous une pluie d\u2019Etoiles\u2026 Que l\u2019\u00e9motion d\u2019un piano voix amplifie. La version 2025 de Maman, Si t\u2019\u00e9tais l\u00e0\u00a0\u2026 Mais aussi Je Vole\u00a0ont fait chavirer une assistance pensant fort \u00e0 la jeune Paula B\u00e9lier.<\/p>\n","protected":false},"excerpt":{"rendered":"Si l\u2019on avait un doute, il a \u00e9t\u00e9 lev\u00e9 ce vendredi soir, au Z\u00e9nith du Grand Nancy. Oui,&hellip;\n","protected":false},"author":2,"featured_media":581034,"comment_status":"","ping_status":"","sticky":false,"template":"","format":"standard","meta":{"footnotes":""},"categories":[9635],"tags":[1111,11,1687,3602,1707,1704,1706,1705,10174,1777,674,107,1011,27,2798,775,3457,873,1702,12,3456,25,273,801,104,3140],"class_list":{"0":"post-581033","1":"post","2":"type-post","3":"status-publish","4":"format-standard","5":"has-post-thumbnail","7":"category-nancy","8":"tag-actu","9":"tag-actualites","10":"tag-culture-loisirs","11":"tag-edition-bar-le-duc","12":"tag-edition-luneville","13":"tag-edition-nancy-et-agglomeration","14":"tag-edition-pont-a-mousson","15":"tag-edition-toul","16":"tag-edition-verdun","17":"tag-eu","18":"tag-europe","19":"tag-fil-info","20":"tag-fr","21":"tag-france","22":"tag-galerie-photo","23":"tag-grand-est","24":"tag-meurthe-et-moselle","25":"tag-musique","26":"tag-nancy","27":"tag-news","28":"tag-region-lorraine","29":"tag-republique-francaise","30":"tag-selection-de-la-redaction","31":"tag-social","32":"tag-societe","33":"tag-spectacle"},"share_on_mastodon":{"url":"https:\/\/pubeurope.com\/@fr\/115669885615435577","error":""},"_links":{"self":[{"href":"https:\/\/www.europesays.com\/fr\/wp-json\/wp\/v2\/posts\/581033","targetHints":{"allow":["GET"]}}],"collection":[{"href":"https:\/\/www.europesays.com\/fr\/wp-json\/wp\/v2\/posts"}],"about":[{"href":"https:\/\/www.europesays.com\/fr\/wp-json\/wp\/v2\/types\/post"}],"author":[{"embeddable":true,"href":"https:\/\/www.europesays.com\/fr\/wp-json\/wp\/v2\/users\/2"}],"replies":[{"embeddable":true,"href":"https:\/\/www.europesays.com\/fr\/wp-json\/wp\/v2\/comments?post=581033"}],"version-history":[{"count":0,"href":"https:\/\/www.europesays.com\/fr\/wp-json\/wp\/v2\/posts\/581033\/revisions"}],"wp:featuredmedia":[{"embeddable":true,"href":"https:\/\/www.europesays.com\/fr\/wp-json\/wp\/v2\/media\/581034"}],"wp:attachment":[{"href":"https:\/\/www.europesays.com\/fr\/wp-json\/wp\/v2\/media?parent=581033"}],"wp:term":[{"taxonomy":"category","embeddable":true,"href":"https:\/\/www.europesays.com\/fr\/wp-json\/wp\/v2\/categories?post=581033"},{"taxonomy":"post_tag","embeddable":true,"href":"https:\/\/www.europesays.com\/fr\/wp-json\/wp\/v2\/tags?post=581033"}],"curies":[{"name":"wp","href":"https:\/\/api.w.org\/{rel}","templated":true}]}}