{"id":581039,"date":"2025-12-06T00:57:26","date_gmt":"2025-12-06T00:57:26","guid":{"rendered":"https:\/\/www.europesays.com\/fr\/581039\/"},"modified":"2025-12-06T00:57:26","modified_gmt":"2025-12-06T00:57:26","slug":"guet-apens-a-la-suite-dune-petite-annonce-deux-etudiants-en-ecole-de-commerce-agressent-un-homme-venu-acheter-une-console-de-jeux","status":"publish","type":"post","link":"https:\/\/www.europesays.com\/fr\/581039\/","title":{"rendered":"Guet-apens \u00e0 la suite d\u2019une petite annonce\u00a0: deux \u00e9tudiants en \u00e9cole de commerce agressent un homme venu acheter une console de jeux"},"content":{"rendered":"<p>\n                                                                Tentative d\u2019\u00e9tranglement et coup de couteau au niveau du bras. Voil\u00e0 ce qu\u2019a subi un Montpelli\u00e9rain de 40 ans ayant r\u00e9pondu \u00e0 une annonce sur Leboncoin. Des violences extr\u00eames et inconsid\u00e9r\u00e9es de la part de deux \u00e9tudiants de 22 ans dans l\u2019optique de r\u00e9cup\u00e9rer, en tout et pour tout, une simple montre connect\u00e9e et un t\u00e9l\u00e9phone portable.\n                            <\/p>\n<p>Les faits ont de quoi surprendre autant qu\u2019inqui\u00e9ter. Deux jeunes hommes de 22 ans ont \u00e9t\u00e9 interpell\u00e9s et d\u00e9f\u00e9r\u00e9s en milieu de semaine au parquet de Montpellier. Ils sont soup\u00e7onn\u00e9s d\u2019avoir tendu un v\u00e9ritable guet-apens \u00e0 un homme venu leur acheter une console de jeux vid\u00e9o rep\u00e9r\u00e9e sur le site Leboncoin.<\/p>\n<p>L\u2019histoire d\u00e9bute d\u00e9but septembre. Un homme\u00a0de 40 ans r\u00e9pond \u00e0 une annonce attractive concernant une PlayStation 5.\u00a0Les contacts s\u2019\u00e9tablissent et un rendez-vous est fix\u00e9 dans le quartier H\u00f4pitaux-Facult\u00e9s, non loin de la station de tram \u00ab\u00a0Occitanie\u00a0\u00bb. La transaction semble classique. Sur place, le vendeur l\u2019invite \u00e0 monter dans l\u2019immeuble o\u00f9 il affirme r\u00e9sider. Mais arriv\u00e9 dans les \u00e9tages, la situation bascule.<\/p>\n<p>Trois jours d\u2019ITT<\/p>\n<p>Un deuxi\u00e8me jeune homme surgit de nulle part. Le pr\u00e9tendu vendeur se jette sur l\u2019acheteur en un \u00e9clair, l\u2019agrippant par\u00a0la gorge par l\u2019arri\u00e8re comme s\u2019il voulait l\u2019\u00e9tranger. C\u2019est alors que le complice lui ass\u00e8ne un coup de couteau au niveau du bras. Malgr\u00e9 la violence de l\u2019agression, le quadrag\u00e9naire parvient \u00e0 se d\u00e9battre et \u00e0 prendre la fuite, bless\u00e9\u00a0mais conscient. Extr\u00eamement choqu\u00e9, il se rend compte que ses deux agresseurs se sont tout de m\u00eame empar\u00e9s\u00a0de sa montre connect\u00e9e et de son t\u00e9l\u00e9phone portable.<\/p>\n<p>L\u2019homme, pris en charge par les secours, s\u2019est vu prescrire une incapacit\u00e9 totale de travail de trois jours. Une enqu\u00eate a\u00a0imm\u00e9diatement \u00e9t\u00e9 ouverte. Les investigations, longues et minutieuses, se sont notamment appuy\u00e9es\u00a0sur les r\u00e9quisitions li\u00e9es \u00e0 la petite annonce, l\u2019exploitation de la t\u00e9l\u00e9phonie et les traces ADN\u00a0laiss\u00e9es par les auteurs sur leur victime.<\/p>\n<p>Une surprise de taille<\/p>\n<p>Gr\u00e2ce \u00e0 ce travail patient, les policiers nationaux sont parvenus\u00a0\u00e0 identifier deux suspects. Et la surprise est de taille. Ni profils marginaux, ni d\u00e9linquants notoires mais deux \u00e9tudiants en \u00e9cole de commerce, sans ant\u00e9c\u00e9dents, au parcours apparemment lisse. Interpell\u00e9s et plac\u00e9s en garde \u00e0 vue, ils ont fini par reconna\u00eetre les faits.<\/p>\n<p>Le duo a \u00e9t\u00e9 pr\u00e9sent\u00e9 au parquet. Leur avenir judiciaire s\u2019annonce d\u00e9sormais bien sombre, loin des salles de cours et des stages en entreprise. L\u2019affaire laisse perplexe. Comment en viennent deux jeunes adultes sans histoire \u00e0 organiser une agression violente pour quelques centaines d\u2019euros\u00a0?<\/p>\n<p>Reste d\u00e9sormais \u00e0 la justice de faire toute la lumi\u00e8re sur leurs motivations. Dans l\u2019attente d\u2019une audience, la victime, elle, tente de tourner la page.<\/p>\n","protected":false},"excerpt":{"rendered":"Tentative d\u2019\u00e9tranglement et coup de couteau au niveau du bras. Voil\u00e0 ce qu\u2019a subi un Montpelli\u00e9rain de 40&hellip;\n","protected":false},"author":2,"featured_media":581040,"comment_status":"","ping_status":"","sticky":false,"template":"","format":"standard","meta":{"footnotes":""},"categories":[9599],"tags":[1111,11,1777,674,118,1011,27,7089,2208,12,2680,25],"class_list":{"0":"post-581039","1":"post","2":"type-post","3":"status-publish","4":"format-standard","5":"has-post-thumbnail","7":"category-montpellier","8":"tag-actu","9":"tag-actualites","10":"tag-eu","11":"tag-europe","12":"tag-faits-divers","13":"tag-fr","14":"tag-france","15":"tag-herault","16":"tag-montpellier","17":"tag-news","18":"tag-occitanie","19":"tag-republique-francaise"},"share_on_mastodon":{"url":"https:\/\/pubeurope.com\/@fr\/115669909234011587","error":""},"_links":{"self":[{"href":"https:\/\/www.europesays.com\/fr\/wp-json\/wp\/v2\/posts\/581039","targetHints":{"allow":["GET"]}}],"collection":[{"href":"https:\/\/www.europesays.com\/fr\/wp-json\/wp\/v2\/posts"}],"about":[{"href":"https:\/\/www.europesays.com\/fr\/wp-json\/wp\/v2\/types\/post"}],"author":[{"embeddable":true,"href":"https:\/\/www.europesays.com\/fr\/wp-json\/wp\/v2\/users\/2"}],"replies":[{"embeddable":true,"href":"https:\/\/www.europesays.com\/fr\/wp-json\/wp\/v2\/comments?post=581039"}],"version-history":[{"count":0,"href":"https:\/\/www.europesays.com\/fr\/wp-json\/wp\/v2\/posts\/581039\/revisions"}],"wp:featuredmedia":[{"embeddable":true,"href":"https:\/\/www.europesays.com\/fr\/wp-json\/wp\/v2\/media\/581040"}],"wp:attachment":[{"href":"https:\/\/www.europesays.com\/fr\/wp-json\/wp\/v2\/media?parent=581039"}],"wp:term":[{"taxonomy":"category","embeddable":true,"href":"https:\/\/www.europesays.com\/fr\/wp-json\/wp\/v2\/categories?post=581039"},{"taxonomy":"post_tag","embeddable":true,"href":"https:\/\/www.europesays.com\/fr\/wp-json\/wp\/v2\/tags?post=581039"}],"curies":[{"name":"wp","href":"https:\/\/api.w.org\/{rel}","templated":true}]}}